{"id":13390,"date":"2020-04-20T21:06:03","date_gmt":"2020-04-20T19:06:03","guid":{"rendered":"http:\/\/serveiseducatius.xtec.cat\/santacolomag\/?p=13390"},"modified":"2020-04-20T21:08:37","modified_gmt":"2020-04-20T19:08:37","slug":"sobre-la-incertesa-materials-per-treballar-a-la-manera-de-filosofia-3-18","status":"publish","type":"post","link":"https:\/\/serveiseducatius.xtec.cat\/santacolomag\/portada\/sobre-la-incertesa-materials-per-treballar-a-la-manera-de-filosofia-3-18\/","title":{"rendered":"Sobre la incertesa. Materials per treballar a la manera de Filosofia 3\/18"},"content":{"rendered":"<p><a href=\"https:\/\/www.grupiref.org\/wp-content\/uploads\/2020\/04\/La-incertesa-IRENE-DE-PUIG-.pdf\"><img loading=\"lazy\" decoding=\"async\" class=\"alignleft size-thumbnail wp-image-13391\" src=\"https:\/\/serveiseducatius.xtec.cat\/santacolomag\/wp-content\/uploads\/usu1183\/2020\/04\/Sin-ti\u0301tulo-150x150.png\" alt=\"\" width=\"150\" height=\"150\" \/><\/a><strong><a href=\"https:\/\/www.grupiref.org\/wp-content\/uploads\/2020\/04\/La-incertesa-IRENE-DE-PUIG-.pdf\">Aquest dossier aplega una selecci\u00f3 d\u2019activitats i exercicis per reflexionar sobre la incertesa.<\/a> <\/strong>Molts d&#8217;ells es troben als Manuals de Filosofia 3\/18, altres s\u00f3n propostes de can\u00e7ons, poesia i cinema.\u00a0 Poden ajudar a enfilar una conversa que ajudi a reflexionar sobre el que hem vist, sentit i pensat aquests dies.<\/p>\n<p>Per aix\u00f2 no hi ha text previ, sin\u00f3 que la proposta \u00e9s triar els aspectes a partir de les nostres viv\u00e8ncies. D\u2019una banda per posar-ho en com\u00fa \u2013que ja \u00e9s objectiu notable- i tamb\u00e9 per poder aprofundir especialment en conceptes que han estat a la boca de tots, infants i adults, com ara: confian\u00e7a, esperan\u00e7a, excepticisme, seguretat, entre d&#8217;altres.<\/p>\n","protected":false},"excerpt":{"rendered":"<p>Dossier d\u2019activitats i exercicis per reflexionar sobre la incertesa. Molts d&#8217;ells es troben als Manuals de Filosofia 3\/18, altres s\u00f3n propostes de can\u00e7ons, poesia i cinema.\u00a0 <\/p>\n","protected":false},"author":7,"featured_media":13391,"comment_status":"closed","ping_status":"closed","sticky":false,"template":"","format":"standard","meta":{"_bbp_topic_count":0,"_bbp_reply_count":0,"_bbp_total_topic_count":0,"_bbp_total_reply_count":0,"_bbp_voice_count":0,"_bbp_anonymous_reply_count":0,"_bbp_topic_count_hidden":0,"_bbp_reply_count_hidden":0,"_bbp_forum_subforum_count":0,"site-sidebar-layout":"default","site-content-layout":"","ast-site-content-layout":"","site-content-style":"default","site-sidebar-style":"default","ast-global-header-display":"","ast-banner-title-visibility":"","ast-main-header-display":"","ast-hfb-above-header-display":"","ast-hfb-below-header-display":"","ast-hfb-mobile-header-display":"","site-post-title":"","ast-breadcrumbs-content":"","ast-featured-img":"","footer-sml-layout":"","theme-transparent-header-meta":"","adv-header-id-meta":"","stick-header-meta":"","header-above-stick-meta":"","header-main-stick-meta":"","header-below-stick-meta":"","astra-migrate-meta-layouts":"default","ast-page-background-enabled":"default","ast-page-background-meta":{"desktop":{"background-color":"var(--ast-global-color-4)","background-image":"","background-repeat":"repeat","background-position":"center center","background-size":"auto","background-attachment":"scroll","background-type":"","background-media":"","overlay-type":"","overlay-color":"","overlay-opacity":"","overlay-gradient":""},"tablet":{"background-color":"","background-image":"","background-repeat":"repeat","background-position":"center center","background-size":"auto","background-attachment":"scroll","background-type":"","background-media":"","overlay-type":"","overlay-color":"","overlay-opacity":"","overlay-gradient":""},"mobile":{"background-color":"","background-image":"","background-repeat":"repeat","background-position":"center center","background-size":"auto","background-attachment":"scroll","background-type":"","background-media":"","overlay-type":"","overlay-color":"","overlay-opacity":"","overlay-gradient":""}},"ast-content-background-meta":{"desktop":{"background-color":"var(--ast-global-color-5)","background-image":"","background-repeat":"repeat","background-position":"center center","background-size":"auto","background-attachment":"scroll","background-type":"","background-media":"","overlay-type":"","overlay-color":"","overlay-opacity":"","overlay-gradient":""},"tablet":{"background-color":"var(--ast-global-color-5)","background-image":"","background-repeat":"repeat","background-position":"center center","background-size":"auto","background-attachment":"scroll","background-type":"","background-media":"","overlay-type":"","overlay-color":"","overlay-opacity":"","overlay-gradient":""},"mobile":{"background-color":"var(--ast-global-color-5)","background-image":"","background-repeat":"repeat","background-position":"center center","background-size":"auto","background-attachment":"scroll","background-type":"","background-media":"","overlay-type":"","overlay-color":"","overlay-opacity":"","overlay-gradient":""}},"footnotes":""},"categories":[63,65,235,29,76],"tags":[373,314],"class_list":["post-13390","post","type-post","status-publish","format-standard","has-post-thumbnail","hentry","category-catalegs-tematics","category-crp","category-formacio_ins","category-portada","category-recursos","tag-cinema","tag-filosofia"],"post_mailing_queue_ids":[],"_links":{"self":[{"href":"https:\/\/serveiseducatius.xtec.cat\/santacolomag\/wp-json\/wp\/v2\/posts\/13390","targetHints":{"allow":["GET"]}}],"collection":[{"href":"https:\/\/serveiseducatius.xtec.cat\/santacolomag\/wp-json\/wp\/v2\/posts"}],"about":[{"href":"https:\/\/serveiseducatius.xtec.cat\/santacolomag\/wp-json\/wp\/v2\/types\/post"}],"author":[{"embeddable":true,"href":"https:\/\/serveiseducatius.xtec.cat\/santacolomag\/wp-json\/wp\/v2\/users\/7"}],"replies":[{"embeddable":true,"href":"https:\/\/serveiseducatius.xtec.cat\/santacolomag\/wp-json\/wp\/v2\/comments?post=13390"}],"version-history":[{"count":3,"href":"https:\/\/serveiseducatius.xtec.cat\/santacolomag\/wp-json\/wp\/v2\/posts\/13390\/revisions"}],"predecessor-version":[{"id":13396,"href":"https:\/\/serveiseducatius.xtec.cat\/santacolomag\/wp-json\/wp\/v2\/posts\/13390\/revisions\/13396"}],"wp:featuredmedia":[{"embeddable":true,"href":"https:\/\/serveiseducatius.xtec.cat\/santacolomag\/wp-json\/wp\/v2\/media\/13391"}],"wp:attachment":[{"href":"https:\/\/serveiseducatius.xtec.cat\/santacolomag\/wp-json\/wp\/v2\/media?parent=13390"}],"wp:term":[{"taxonomy":"category","embeddable":true,"href":"https:\/\/serveiseducatius.xtec.cat\/santacolomag\/wp-json\/wp\/v2\/categories?post=13390"},{"taxonomy":"post_tag","embeddable":true,"href":"https:\/\/serveiseducatius.xtec.cat\/santacolomag\/wp-json\/wp\/v2\/tags?post=13390"}],"curies":[{"name":"wp","href":"https:\/\/api.w.org\/{rel}","templated":true}]}}