{"id":12915,"date":"2020-01-16T18:00:52","date_gmt":"2020-01-16T17:00:52","guid":{"rendered":"http:\/\/serveiseducatius.xtec.cat\/santacolomag\/?p=12915"},"modified":"2020-01-17T13:13:21","modified_gmt":"2020-01-17T12:13:21","slug":"iniciat-a-letwinning","status":"publish","type":"post","link":"https:\/\/serveiseducatius.xtec.cat\/santacolomag\/portada\/iniciat-a-letwinning\/","title":{"rendered":"Inicia&#8217;t a l&#8217;eTwinning"},"content":{"rendered":"<div class=\"gs\">\n<div class=\"\">\n<div id=\":3hi\" class=\"ii gt\">\n<div id=\":3hj\" class=\"a3s aXjCH \">\n<div dir=\"ltr\">\n<p dir=\"ltr\"><a href=\"https:\/\/serveiseducatius.xtec.cat\/santacolomag\/wp-content\/uploads\/usu1183\/2017\/04\/baixa.png\"><img loading=\"lazy\" decoding=\"async\" class=\"alignleft size-full wp-image-9311\" src=\"https:\/\/serveiseducatius.xtec.cat\/santacolomag\/wp-content\/uploads\/usu1183\/2017\/04\/baixa.png\" alt=\"\" width=\"272\" height=\"185\" \/><\/a>T\u2019agradaria que el teu alumnat pogu\u00e9s comunicar-se en llengua estrangera amb alumnes d\u2019altres pa\u00efsos?<\/p>\n<p dir=\"ltr\">Vols treballar amb un altre centre europeu o d\u2019altres adscrits al programa?<\/p>\n<p dir=\"ltr\">Saps qu\u00e8 \u00e9s eTwinning?<\/p>\n<p dir=\"ltr\">Inicia\u2019t a l<a href=\"https:\/\/www.etwinning.net\/en\/pub\/index.htm\" target=\"_blank\" rel=\"noopener noreferrer\" data-saferedirecturl=\"https:\/\/www.google.com\/url?q=https:\/\/www.etwinning.net\/en\/pub\/index.htm&amp;source=gmail&amp;ust=1579258107599000&amp;usg=AFQjCNFoU0F1wdh2J6AIXAszqAqVZVxDiw\">\u2019eTwinning<\/a> amb el seg\u00fcent <a href=\"https:\/\/aplicacions.gestioeducativa.gencat.cat\/pls\/soloas\/pk_for_mod_ins.p_for_detall_activitat?p_header=Selecci%F3%5Epk_for_mod_ins.p_for_form_cons_act?p_excloure_crp_rec=T*Llista%20d%27activitats%5Epk_for_mod_ins.p_for_cons_activitats?p_totes=N%26p_desc=eTwinning%26p_inici=1%26p_excloure_crp_rec=T&amp;p_codi=2002010542&amp;p_curs=2019-2020&amp;p_excloure_crp_rec=T\" target=\"_blank\" rel=\"noopener noreferrer\" data-saferedirecturl=\"https:\/\/www.google.com\/url?q=https:\/\/aplicacions.gestioeducativa.gencat.cat\/pls\/soloas\/pk_for_mod_ins.p_for_detall_activitat?p_header%3DSelecci%25F3%255Epk_for_mod_ins.p_for_form_cons_act?p_excloure_crp_rec%3DT*Llista%2520d%2527activitats%255Epk_for_mod_ins.p_for_cons_activitats?p_totes%3DN%2526p_desc%3DeTwinning%2526p_inici%3D1%2526p_excloure_crp_rec%3DT%26p_codi%3D2002010542%26p_curs%3D2019-2020%26p_excloure_crp_rec%3DT&amp;source=gmail&amp;ust=1579258107599000&amp;usg=AFQjCNHU2MJyE3Nwtk4_wswN_8fZVi7SOg\">curs<\/a>!<\/p>\n<p dir=\"ltr\"><a href=\"https:\/\/aplicacions.gestioeducativa.gencat.cat\/pls\/soloas\/pk_for_mod_ins.p_for_detall_activitat?p_header=Selecci%F3%5Epk_for_mod_ins.p_for_form_cons_act?p_excloure_crp_rec=T*Llista%20d%27activitats%5Epk_for_mod_ins.p_for_cons_activitats?p_totes=N%26p_desc=eTwinning%26p_inici=1%26p_excloure_crp_rec=T&amp;p_codi=2002010542&amp;p_curs=2019-2020&amp;p_excloure_crp_rec=T\" target=\"_blank\" rel=\"noopener noreferrer\" data-saferedirecturl=\"https:\/\/www.google.com\/url?q=https:\/\/aplicacions.gestioeducativa.gencat.cat\/pls\/soloas\/pk_for_mod_ins.p_for_detall_activitat?p_header%3DSelecci%25F3%255Epk_for_mod_ins.p_for_form_cons_act?p_excloure_crp_rec%3DT*Llista%2520d%2527activitats%255Epk_for_mod_ins.p_for_cons_activitats?p_totes%3DN%2526p_desc%3DeTwinning%2526p_inici%3D1%2526p_excloure_crp_rec%3DT%26p_codi%3D2002010542%26p_curs%3D2019-2020%26p_excloure_crp_rec%3DT&amp;source=gmail&amp;ust=1579258107599000&amp;usg=AFQjCNHU2MJyE3Nwtk4_wswN_8fZVi7SOg\">2002010542<\/a> Obrim un projecte eTwinning<\/p>\n<p dir=\"ltr\"><img decoding=\"async\" class=\"CToWUd\" src=\"https:\/\/mail.google.com\/mail\/e\/1f3af\" alt=\"?\" data-goomoji=\"1f3af\" data-image-whitelisted=\"\" \/> Educaci\u00f3 Infantil-Prim\u00e0ria-Secund\u00e0ria<\/p>\n<p dir=\"ltr\"><img decoding=\"async\" class=\"CToWUd\" src=\"https:\/\/mail.google.com\/mail\/e\/1f469\" alt=\"?\" data-goomoji=\"1f469\" data-image-whitelisted=\"\" \/> Raquel Hernandez Taberner<\/p>\n<p dir=\"ltr\"><img decoding=\"async\" class=\"CToWUd\" src=\"https:\/\/mail.google.com\/mail\/e\/1f5d3\" alt=\"?\" data-goomoji=\"1f5d3\" data-image-whitelisted=\"\" \/> 19\/2\/2020 &#8211; 18\/3\/2020 (15 hores) de 17:15h a 20:15h<\/p>\n<p dir=\"ltr\"><img decoding=\"async\" class=\"CToWUd\" src=\"https:\/\/mail.google.com\/mail\/e\/1f3e0\" alt=\"?\" data-goomoji=\"1f3e0\" data-image-whitelisted=\"\" \/> ST Comarques<\/p>\n<p dir=\"ltr\">Casp, 15 (Barcelona)<\/p>\n<p dir=\"ltr\">Sessi\u00f3 1 dimecres, 19\/02\/2020<\/p>\n<p dir=\"ltr\">Sessi\u00f3 2 dimecres, 04\/03\/2020<\/p>\n<p dir=\"ltr\">Sessi\u00f3 3 dimecres, 18\/03\/2020<\/p>\n<p dir=\"ltr\"><a href=\"https:\/\/aplicacions.gestioeducativa.gencat.cat\/pls\/soloas\/pk_for_mod_ins.p_for_detall_activitat?p_header=Selecci%F3%5Epk_for_mod_ins.p_for_form_cons_act?p_excloure_crp_rec=T*Llista%20d%27activitats%5Epk_for_mod_ins.p_for_cons_activitats?p_totes=N%26p_desc=eTwinning%26p_inici=1%26p_excloure_crp_rec=T&amp;p_codi=2002010542&amp;p_curs=2019-2020&amp;p_excloure_crp_rec=T\" target=\"_blank\" rel=\"noopener noreferrer\" data-saferedirecturl=\"https:\/\/www.google.com\/url?q=https:\/\/aplicacions.gestioeducativa.gencat.cat\/pls\/soloas\/pk_for_mod_ins.p_for_detall_activitat?p_header%3DSelecci%25F3%255Epk_for_mod_ins.p_for_form_cons_act?p_excloure_crp_rec%3DT*Llista%2520d%2527activitats%255Epk_for_mod_ins.p_for_cons_activitats?p_totes%3DN%2526p_desc%3DeTwinning%2526p_inici%3D1%2526p_excloure_crp_rec%3DT%26p_codi%3D2002010542%26p_curs%3D2019-2020%26p_excloure_crp_rec%3DT&amp;source=gmail&amp;ust=1579258107599000&amp;usg=AFQjCNHU2MJyE3Nwtk4_wswN_8fZVi7SOg\">Inscripcions<\/a> fins al 19 de gener de 2020!<\/p>\n<div dir=\"ltr\" data-smartmail=\"gmail_signature\">\n<div dir=\"ltr\">\n<div>\n<div dir=\"ltr\">\n<div dir=\"ltr\">\n<div dir=\"ltr\">\n<div dir=\"ltr\">\n<div dir=\"ltr\">\n<div dir=\"ltr\">\n<div dir=\"ltr\">\n<div dir=\"ltr\">\n<div dir=\"ltr\">\n<div dir=\"ltr\">\n<div dir=\"ltr\">\n<div dir=\"ltr\">\n<div dir=\"ltr\">\n<div dir=\"ltr\">\n<div dir=\"ltr\">\n<div dir=\"ltr\">\n<div dir=\"ltr\">\n<div>\n<p>&nbsp;<\/p>\n<\/div>\n<\/div>\n<\/div>\n<\/div>\n<\/div>\n<\/div>\n<\/div>\n<\/div>\n<\/div>\n<\/div>\n<\/div>\n<\/div>\n<\/div>\n<\/div>\n<\/div>\n<\/div>\n<\/div>\n<\/div>\n<\/div>\n<\/div>\n<\/div>\n<\/div>\n<div class=\"yj6qo\"><\/div>\n<div class=\"adL\"><\/div>\n<\/div>\n<\/div>\n<div class=\"hi\"><\/div>\n<\/div>\n<\/div>\n","protected":false},"excerpt":{"rendered":"<p>3 sessions de formaci\u00f3 per iniciar-se en aquesta plataforma que permet contactar i treballar amb centres europeus.<\/p>\n","protected":false},"author":7,"featured_media":9311,"comment_status":"closed","ping_status":"closed","sticky":false,"template":"","format":"standard","meta":{"_bbp_topic_count":0,"_bbp_reply_count":0,"_bbp_total_topic_count":0,"_bbp_total_reply_count":0,"_bbp_voice_count":0,"_bbp_anonymous_reply_count":0,"_bbp_topic_count_hidden":0,"_bbp_reply_count_hidden":0,"_bbp_forum_subforum_count":0,"site-sidebar-layout":"default","site-content-layout":"","ast-site-content-layout":"","site-content-style":"default","site-sidebar-style":"default","ast-global-header-display":"","ast-banner-title-visibility":"","ast-main-header-display":"","ast-hfb-above-header-display":"","ast-hfb-below-header-display":"","ast-hfb-mobile-header-display":"","site-post-title":"","ast-breadcrumbs-content":"","ast-featured-img":"","footer-sml-layout":"","theme-transparent-header-meta":"","adv-header-id-meta":"","stick-header-meta":"","header-above-stick-meta":"","header-main-stick-meta":"","header-below-stick-meta":"","astra-migrate-meta-layouts":"default","ast-page-background-enabled":"default","ast-page-background-meta":{"desktop":{"background-color":"var(--ast-global-color-4)","background-image":"","background-repeat":"repeat","background-position":"center center","background-size":"auto","background-attachment":"scroll","background-type":"","background-media":"","overlay-type":"","overlay-color":"","overlay-opacity":"","overlay-gradient":""},"tablet":{"background-color":"","background-image":"","background-repeat":"repeat","background-position":"center center","background-size":"auto","background-attachment":"scroll","background-type":"","background-media":"","overlay-type":"","overlay-color":"","overlay-opacity":"","overlay-gradient":""},"mobile":{"background-color":"","background-image":"","background-repeat":"repeat","background-position":"center center","background-size":"auto","background-attachment":"scroll","background-type":"","background-media":"","overlay-type":"","overlay-color":"","overlay-opacity":"","overlay-gradient":""}},"ast-content-background-meta":{"desktop":{"background-color":"var(--ast-global-color-5)","background-image":"","background-repeat":"repeat","background-position":"center center","background-size":"auto","background-attachment":"scroll","background-type":"","background-media":"","overlay-type":"","overlay-color":"","overlay-opacity":"","overlay-gradient":""},"tablet":{"background-color":"var(--ast-global-color-5)","background-image":"","background-repeat":"repeat","background-position":"center center","background-size":"auto","background-attachment":"scroll","background-type":"","background-media":"","overlay-type":"","overlay-color":"","overlay-opacity":"","overlay-gradient":""},"mobile":{"background-color":"var(--ast-global-color-5)","background-image":"","background-repeat":"repeat","background-position":"center center","background-size":"auto","background-attachment":"scroll","background-type":"","background-media":"","overlay-type":"","overlay-color":"","overlay-opacity":"","overlay-gradient":""}},"footnotes":""},"categories":[65,154,29,311],"tags":[299],"class_list":["post-12915","post","type-post","status-publish","format-standard","has-post-thumbnail","hentry","category-crp","category-formacio","category-portada","category-projectes-internacionals","tag-llengues-estrangeres"],"post_mailing_queue_ids":[],"_links":{"self":[{"href":"https:\/\/serveiseducatius.xtec.cat\/santacolomag\/wp-json\/wp\/v2\/posts\/12915","targetHints":{"allow":["GET"]}}],"collection":[{"href":"https:\/\/serveiseducatius.xtec.cat\/santacolomag\/wp-json\/wp\/v2\/posts"}],"about":[{"href":"https:\/\/serveiseducatius.xtec.cat\/santacolomag\/wp-json\/wp\/v2\/types\/post"}],"author":[{"embeddable":true,"href":"https:\/\/serveiseducatius.xtec.cat\/santacolomag\/wp-json\/wp\/v2\/users\/7"}],"replies":[{"embeddable":true,"href":"https:\/\/serveiseducatius.xtec.cat\/santacolomag\/wp-json\/wp\/v2\/comments?post=12915"}],"version-history":[{"count":3,"href":"https:\/\/serveiseducatius.xtec.cat\/santacolomag\/wp-json\/wp\/v2\/posts\/12915\/revisions"}],"predecessor-version":[{"id":12935,"href":"https:\/\/serveiseducatius.xtec.cat\/santacolomag\/wp-json\/wp\/v2\/posts\/12915\/revisions\/12935"}],"wp:featuredmedia":[{"embeddable":true,"href":"https:\/\/serveiseducatius.xtec.cat\/santacolomag\/wp-json\/wp\/v2\/media\/9311"}],"wp:attachment":[{"href":"https:\/\/serveiseducatius.xtec.cat\/santacolomag\/wp-json\/wp\/v2\/media?parent=12915"}],"wp:term":[{"taxonomy":"category","embeddable":true,"href":"https:\/\/serveiseducatius.xtec.cat\/santacolomag\/wp-json\/wp\/v2\/categories?post=12915"},{"taxonomy":"post_tag","embeddable":true,"href":"https:\/\/serveiseducatius.xtec.cat\/santacolomag\/wp-json\/wp\/v2\/tags?post=12915"}],"curies":[{"name":"wp","href":"https:\/\/api.w.org\/{rel}","templated":true}]}}