{"id":12506,"date":"2019-10-31T13:53:29","date_gmt":"2019-10-31T12:53:29","guid":{"rendered":"http:\/\/serveiseducatius.xtec.cat\/santacolomag\/?p=12506"},"modified":"2019-11-11T15:00:39","modified_gmt":"2019-11-11T14:00:39","slug":"conferencies-per-a-lalumnat-dels-instituts-de-santa-coloma-24-a-setmana-de-la-ciencia","status":"publish","type":"post","link":"https:\/\/serveiseducatius.xtec.cat\/santacolomag\/portada\/conferencies-per-a-lalumnat-dels-instituts-de-santa-coloma-24-a-setmana-de-la-ciencia\/","title":{"rendered":"Confer\u00e8ncies per a l&#8217;alumnat dels instituts de Santa Coloma. \u00a024 a Setmana de la Ci\u00e8ncia"},"content":{"rendered":"<p><a href=\"https:\/\/serveiseducatius.xtec.cat\/santacolomag\/wp-content\/uploads\/usu1183\/2019\/10\/SC19_Slider_guanyador-e1572525745917.jpg\" target=\"_blank\" rel=\"https:\/\/setmanaciencia.fundaciorecerca.cat\/frontend\/home.asp noopener noreferrer\"><img loading=\"lazy\" decoding=\"async\" class=\"alignleft wp-image-12550 size-full\" src=\"https:\/\/serveiseducatius.xtec.cat\/santacolomag\/wp-content\/uploads\/usu1183\/2019\/10\/SC19_Slider_guanyador-e1572525745917.jpg\" alt=\"\" width=\"250\" height=\"111\" \/><\/a>Del\u00a0<strong>8 al 17 de novembre<\/strong>\u00a0se celebrar\u00e0 a Catalunya la\u00a0<a href=\"https:\/\/setmanaciencia.fundaciorecerca.cat\/frontend\/home.asp\"><strong>24a Setmana de la Ci\u00e8ncia<\/strong>.<\/a><br \/>\nDurant la Setmana de la Ci\u00e8ncia se celebraran tot un munt d\u2019activitats de divulgaci\u00f3 cient\u00edfica arreu del nostre territori. Jornades de portes obertes, exposicions, xerrades, jocs, tallers cient\u00edfics\u2026 tot un ventall de possibilitats al teu abast. <strong><a href=\"https:\/\/setmanaciencia.fundaciorecerca.cat\/frontend\/activitats.asp\">PROGRAMA<\/a><\/strong><\/p>\n<p>A Santa Coloma de Gramenet, els insituts i el CRP, en col\u00b7laboraci\u00f3 amb Institut de ci\u00e8ncies del mar (ICM) i l&#8217;Ajuntament de la ciutat, organitzen dues confer\u00e8ncies sobre <em><strong>El Paradigma de la Biodiversitat Ant\u00e0rtica: una Selva sota un Desert de Gel<\/strong>.<\/em> A c\u00e0rrec del cient\u00edfic <strong>Josep Maria Gili<\/strong><\/p>\n<p>15 de novembre 2019. Biblioteca Singuerl\u00edn-Salvador Cabr\u00e9<br \/>\nAdre\u00e7ada a l&#8217;alumnat de 4t i Batxillerat dels instituts de Santa Coloma de Gramenet<\/p>\n<p>&nbsp;<\/p>\n<p>&nbsp;<\/p>\n","protected":false},"excerpt":{"rendered":"<p>Dia 15 de novembre: confer\u00e8ncies sobre biodiversitat a l&#8217;Ant\u00e0rtica. <\/p>\n","protected":false},"author":7,"featured_media":12550,"comment_status":"closed","ping_status":"closed","sticky":false,"template":"","format":"standard","meta":{"_bbp_topic_count":0,"_bbp_reply_count":0,"_bbp_total_topic_count":0,"_bbp_total_reply_count":0,"_bbp_voice_count":0,"_bbp_anonymous_reply_count":0,"_bbp_topic_count_hidden":0,"_bbp_reply_count_hidden":0,"_bbp_forum_subforum_count":0,"site-sidebar-layout":"default","site-content-layout":"","ast-site-content-layout":"","site-content-style":"default","site-sidebar-style":"default","ast-global-header-display":"","ast-banner-title-visibility":"","ast-main-header-display":"","ast-hfb-above-header-display":"","ast-hfb-below-header-display":"","ast-hfb-mobile-header-display":"","site-post-title":"","ast-breadcrumbs-content":"","ast-featured-img":"","footer-sml-layout":"","theme-transparent-header-meta":"","adv-header-id-meta":"","stick-header-meta":"","header-above-stick-meta":"","header-main-stick-meta":"","header-below-stick-meta":"","astra-migrate-meta-layouts":"default","ast-page-background-enabled":"default","ast-page-background-meta":{"desktop":{"background-color":"var(--ast-global-color-4)","background-image":"","background-repeat":"repeat","background-position":"center center","background-size":"auto","background-attachment":"scroll","background-type":"","background-media":"","overlay-type":"","overlay-color":"","overlay-opacity":"","overlay-gradient":""},"tablet":{"background-color":"","background-image":"","background-repeat":"repeat","background-position":"center center","background-size":"auto","background-attachment":"scroll","background-type":"","background-media":"","overlay-type":"","overlay-color":"","overlay-opacity":"","overlay-gradient":""},"mobile":{"background-color":"","background-image":"","background-repeat":"repeat","background-position":"center center","background-size":"auto","background-attachment":"scroll","background-type":"","background-media":"","overlay-type":"","overlay-color":"","overlay-opacity":"","overlay-gradient":""}},"ast-content-background-meta":{"desktop":{"background-color":"var(--ast-global-color-5)","background-image":"","background-repeat":"repeat","background-position":"center center","background-size":"auto","background-attachment":"scroll","background-type":"","background-media":"","overlay-type":"","overlay-color":"","overlay-opacity":"","overlay-gradient":""},"tablet":{"background-color":"var(--ast-global-color-5)","background-image":"","background-repeat":"repeat","background-position":"center center","background-size":"auto","background-attachment":"scroll","background-type":"","background-media":"","overlay-type":"","overlay-color":"","overlay-opacity":"","overlay-gradient":""},"mobile":{"background-color":"var(--ast-global-color-5)","background-image":"","background-repeat":"repeat","background-position":"center center","background-size":"auto","background-attachment":"scroll","background-type":"","background-media":"","overlay-type":"","overlay-color":"","overlay-opacity":"","overlay-gradient":""}},"footnotes":""},"categories":[65,29,76],"tags":[250,291,44],"class_list":["post-12506","post","type-post","status-publish","format-standard","has-post-thumbnail","hentry","category-crp","category-portada","category-recursos","tag-ciencia","tag-recerca","tag-xerrades"],"post_mailing_queue_ids":[],"_links":{"self":[{"href":"https:\/\/serveiseducatius.xtec.cat\/santacolomag\/wp-json\/wp\/v2\/posts\/12506","targetHints":{"allow":["GET"]}}],"collection":[{"href":"https:\/\/serveiseducatius.xtec.cat\/santacolomag\/wp-json\/wp\/v2\/posts"}],"about":[{"href":"https:\/\/serveiseducatius.xtec.cat\/santacolomag\/wp-json\/wp\/v2\/types\/post"}],"author":[{"embeddable":true,"href":"https:\/\/serveiseducatius.xtec.cat\/santacolomag\/wp-json\/wp\/v2\/users\/7"}],"replies":[{"embeddable":true,"href":"https:\/\/serveiseducatius.xtec.cat\/santacolomag\/wp-json\/wp\/v2\/comments?post=12506"}],"version-history":[{"count":3,"href":"https:\/\/serveiseducatius.xtec.cat\/santacolomag\/wp-json\/wp\/v2\/posts\/12506\/revisions"}],"predecessor-version":[{"id":12587,"href":"https:\/\/serveiseducatius.xtec.cat\/santacolomag\/wp-json\/wp\/v2\/posts\/12506\/revisions\/12587"}],"wp:featuredmedia":[{"embeddable":true,"href":"https:\/\/serveiseducatius.xtec.cat\/santacolomag\/wp-json\/wp\/v2\/media\/12550"}],"wp:attachment":[{"href":"https:\/\/serveiseducatius.xtec.cat\/santacolomag\/wp-json\/wp\/v2\/media?parent=12506"}],"wp:term":[{"taxonomy":"category","embeddable":true,"href":"https:\/\/serveiseducatius.xtec.cat\/santacolomag\/wp-json\/wp\/v2\/categories?post=12506"},{"taxonomy":"post_tag","embeddable":true,"href":"https:\/\/serveiseducatius.xtec.cat\/santacolomag\/wp-json\/wp\/v2\/tags?post=12506"}],"curies":[{"name":"wp","href":"https:\/\/api.w.org\/{rel}","templated":true}]}}