{"id":11997,"date":"2019-05-09T08:40:44","date_gmt":"2019-05-09T06:40:44","guid":{"rendered":"http:\/\/serveiseducatius.xtec.cat\/santacolomag\/?p=11997"},"modified":"2019-05-09T08:45:59","modified_gmt":"2019-05-09T06:45:59","slug":"xiii-trobada-de-cant-coral-descoles-de-santa-coloma-de-gramenet","status":"publish","type":"post","link":"https:\/\/serveiseducatius.xtec.cat\/santacolomag\/portada\/xiii-trobada-de-cant-coral-descoles-de-santa-coloma-de-gramenet\/","title":{"rendered":"XIII Trobada de Cant coral d&#8217;escoles de Santa Coloma de Gramenet"},"content":{"rendered":"<p><a href=\"https:\/\/serveiseducatius.xtec.cat\/santacolomag\/wp-content\/uploads\/usu1183\/2019\/05\/bruixot-e1557383772279.jpg\"><img loading=\"lazy\" decoding=\"async\" class=\"alignleft size-full wp-image-12003\" src=\"https:\/\/serveiseducatius.xtec.cat\/santacolomag\/wp-content\/uploads\/usu1183\/2019\/05\/bruixot-e1557383772279.jpg\" alt=\"\" width=\"200\" height=\"198\" \/><\/a>La<a style=\"color: #993366;\" href=\"https:\/\/sites.google.com\/a\/xtec.cat\/crp-santacolomag\/home\/goog_27443845\">\u00a0<\/a>XIII Trobada de cant Coral d&#8217;escoles de Santa Coloma de Gramenet t\u00e9 lloc se celebren 3 concerts els dies\u00a0<span style=\"color: #993366;\">20 i 21 de maig al <a href=\"https:\/\/www.gramenet.cat\/es\/ayuntamiento\/areas-municipales\/teatre-sagarra\/programacio-2018\/\">Teatre Sagarra.\u00a0<\/a><\/span><\/p>\n<p>El treball compta amb la col\u00b7laboraci\u00f3 de l&#8217;<a href=\"https:\/\/www.gramenet.cat\/ajuntament\/arees-municipals\/escola-de-musica\/\"><span style=\"color: #993366;\">Escola municipal de m\u00fasica &#8220;Can <\/span><\/a><a href=\"https:\/\/www.gramenet.cat\/ajuntament\/arees-municipals\/escola-de-musica\/\"><span style=\"color: #993366;\">Roig i Torres&#8221;<\/span><\/a> de Santa Coloma, tant en la part musical i en la direcci\u00f3 dels concerts, com en la formaci\u00f3 del professorat en cant coral.<\/p>\n<p><b>La cantata interpretada aquest curs \u00e9s:<\/b><i><span style=\"font-weight: 400;\"> Boix<\/span><\/i><i><span style=\"font-weight: 400;\">\u00a0el bruixot i la ciutat de meravella<\/span><\/i><b><br \/>\n<\/b><b>Text<\/b><span style=\"font-weight: 400;\">: Manel Justicia \u00a0<\/span><b>M\u00fasica<\/b><span style=\"font-weight: 400;\">: Jordi Gonz\u00e1lez.<\/span><span style=\"font-weight: 400;\"><br \/>\n<\/span><b>Direcci\u00f3:<\/b><span style=\"font-weight: 400;\"> Anna Fern\u00e1ndez<\/span><\/p>\n<p><b>M\u00fasics <\/b><span style=\"font-weight: 400;\">: Josep Maria Gironell (piano), Salvador Franc\u00e9s (clarinet), Chiara Giani (baix el\u00e8ctric), \u00c0ngel Pereira (bateria), <\/span><span style=\"font-weight: 400;\">\u00c0ngel Puig (pianista col\u00b7laborador)<\/span><span style=\"font-weight: 400;\"><br \/>\n<\/span><b>Narraci\u00f3:<\/b><span style=\"font-weight: 400;\"> Laia Rojas<\/span><span style=\"font-weight: 400;\"><br \/>\n<\/span><b>Organitza: <\/b><span style=\"font-weight: 400;\">Grup de treball de m\u00fasica de prim\u00e0ria (PFZ) i CRP, en col\u00b7laboraci\u00f3 amb l\u2019EMM Can Roig i Torres,\u00a0<\/span><span style=\"font-family: inherit; font-size: 1em;\">i l\u2019Ajuntament de Santa Coloma. Amb el suport del Teatre Sagarra, dins del Pla Educatiu d\u2019Entorn de la ciutat.<\/span><\/p>\n<p><b>12 escoles participants:<br \/>\n<\/b><span style=\"font-weight: 400;\">Antoni Gaud\u00ed, Ausi\u00e0s March, Ban\u00fas, Ferran de Sagarra, Fray Luis de Le\u00f3n, Jaume Salvatella, \u00a0Llu\u00eds Millet, <\/span><span style=\"font-weight: 400;\"><br \/>\n<\/span><span style=\"font-weight: 400;\">Merc\u00e8 Rodoreda, Rossell\u00f3 P\u00f2rcel, Tanit, Torre Balldovina i Wagner<\/span><\/p>\n<p class=\"alignleft\"><span style=\"color: #993366;\">\u00a0<\/span><\/p>\n","protected":false},"excerpt":{"rendered":"<p>Cantata dins\u00a0la Mostra anual d&#8217;Arts Esc\u00e8niques de la ciutat. Enguany se celebren 3 concerts els dies\u00a020 i 21 de maig al Teatre Sagarra.\u00a0<\/p>\n","protected":false},"author":7,"featured_media":12003,"comment_status":"closed","ping_status":"closed","sticky":false,"template":"","format":"standard","meta":{"_bbp_topic_count":0,"_bbp_reply_count":0,"_bbp_total_topic_count":0,"_bbp_total_reply_count":0,"_bbp_voice_count":0,"_bbp_anonymous_reply_count":0,"_bbp_topic_count_hidden":0,"_bbp_reply_count_hidden":0,"_bbp_forum_subforum_count":0,"site-sidebar-layout":"default","site-content-layout":"","ast-site-content-layout":"","site-content-style":"default","site-sidebar-style":"default","ast-global-header-display":"","ast-banner-title-visibility":"","ast-main-header-display":"","ast-hfb-above-header-display":"","ast-hfb-below-header-display":"","ast-hfb-mobile-header-display":"","site-post-title":"","ast-breadcrumbs-content":"","ast-featured-img":"","footer-sml-layout":"","theme-transparent-header-meta":"","adv-header-id-meta":"","stick-header-meta":"","header-above-stick-meta":"","header-main-stick-meta":"","header-below-stick-meta":"","astra-migrate-meta-layouts":"default","ast-page-background-enabled":"default","ast-page-background-meta":{"desktop":{"background-color":"var(--ast-global-color-4)","background-image":"","background-repeat":"repeat","background-position":"center center","background-size":"auto","background-attachment":"scroll","background-type":"","background-media":"","overlay-type":"","overlay-color":"","overlay-opacity":"","overlay-gradient":""},"tablet":{"background-color":"","background-image":"","background-repeat":"repeat","background-position":"center center","background-size":"auto","background-attachment":"scroll","background-type":"","background-media":"","overlay-type":"","overlay-color":"","overlay-opacity":"","overlay-gradient":""},"mobile":{"background-color":"","background-image":"","background-repeat":"repeat","background-position":"center center","background-size":"auto","background-attachment":"scroll","background-type":"","background-media":"","overlay-type":"","overlay-color":"","overlay-opacity":"","overlay-gradient":""}},"ast-content-background-meta":{"desktop":{"background-color":"var(--ast-global-color-5)","background-image":"","background-repeat":"repeat","background-position":"center center","background-size":"auto","background-attachment":"scroll","background-type":"","background-media":"","overlay-type":"","overlay-color":"","overlay-opacity":"","overlay-gradient":""},"tablet":{"background-color":"var(--ast-global-color-5)","background-image":"","background-repeat":"repeat","background-position":"center center","background-size":"auto","background-attachment":"scroll","background-type":"","background-media":"","overlay-type":"","overlay-color":"","overlay-opacity":"","overlay-gradient":""},"mobile":{"background-color":"var(--ast-global-color-5)","background-image":"","background-repeat":"repeat","background-position":"center center","background-size":"auto","background-attachment":"scroll","background-type":"","background-media":"","overlay-type":"","overlay-color":"","overlay-opacity":"","overlay-gradient":""}},"footnotes":""},"categories":[313,396,65,365,154,73,29],"tags":[315],"class_list":["post-11997","post","type-post","status-publish","format-standard","has-post-thumbnail","hentry","category-art","category-cant-coral","category-crp","category-experiencies-de-centre","category-formacio","category-mostra-de-teatre","category-portada","tag-art"],"post_mailing_queue_ids":[],"_links":{"self":[{"href":"https:\/\/serveiseducatius.xtec.cat\/santacolomag\/wp-json\/wp\/v2\/posts\/11997","targetHints":{"allow":["GET"]}}],"collection":[{"href":"https:\/\/serveiseducatius.xtec.cat\/santacolomag\/wp-json\/wp\/v2\/posts"}],"about":[{"href":"https:\/\/serveiseducatius.xtec.cat\/santacolomag\/wp-json\/wp\/v2\/types\/post"}],"author":[{"embeddable":true,"href":"https:\/\/serveiseducatius.xtec.cat\/santacolomag\/wp-json\/wp\/v2\/users\/7"}],"replies":[{"embeddable":true,"href":"https:\/\/serveiseducatius.xtec.cat\/santacolomag\/wp-json\/wp\/v2\/comments?post=11997"}],"version-history":[{"count":3,"href":"https:\/\/serveiseducatius.xtec.cat\/santacolomag\/wp-json\/wp\/v2\/posts\/11997\/revisions"}],"predecessor-version":[{"id":12006,"href":"https:\/\/serveiseducatius.xtec.cat\/santacolomag\/wp-json\/wp\/v2\/posts\/11997\/revisions\/12006"}],"wp:featuredmedia":[{"embeddable":true,"href":"https:\/\/serveiseducatius.xtec.cat\/santacolomag\/wp-json\/wp\/v2\/media\/12003"}],"wp:attachment":[{"href":"https:\/\/serveiseducatius.xtec.cat\/santacolomag\/wp-json\/wp\/v2\/media?parent=11997"}],"wp:term":[{"taxonomy":"category","embeddable":true,"href":"https:\/\/serveiseducatius.xtec.cat\/santacolomag\/wp-json\/wp\/v2\/categories?post=11997"},{"taxonomy":"post_tag","embeddable":true,"href":"https:\/\/serveiseducatius.xtec.cat\/santacolomag\/wp-json\/wp\/v2\/tags?post=11997"}],"curies":[{"name":"wp","href":"https:\/\/api.w.org\/{rel}","templated":true}]}}