{"id":11215,"date":"2018-11-26T15:31:47","date_gmt":"2018-11-26T14:31:47","guid":{"rendered":"http:\/\/serveiseducatius.xtec.cat\/santacolomag\/?p=11215"},"modified":"2019-01-24T09:45:30","modified_gmt":"2019-01-24T08:45:30","slug":"conferencia-les-mutilacions-genitals-femenines-identitat-salut-i-drets-humans","status":"publish","type":"post","link":"https:\/\/serveiseducatius.xtec.cat\/santacolomag\/general\/conferencia-les-mutilacions-genitals-femenines-identitat-salut-i-drets-humans\/","title":{"rendered":"Confer\u00e8ncia &#8220;Les mutilacions genitals femenines: identitat, salut i drets humans&#8221;"},"content":{"rendered":"<p><a href=\"https:\/\/serveiseducatius.xtec.cat\/santacolomag\/wp-content\/uploads\/usu1183\/2018\/11\/Tolerancia-zero-e1543236749791.jpg\"><img loading=\"lazy\" decoding=\"async\" class=\"alignleft size-full wp-image-11216\" src=\"https:\/\/serveiseducatius.xtec.cat\/santacolomag\/wp-content\/uploads\/usu1183\/2018\/11\/Tolerancia-zero-e1543236749791.jpg\" alt=\"\" width=\"250\" height=\"188\" \/><\/a><strong>Dimecres 23 de gener de 2019, a les 17:15h al CRP de Santa Coloma de Gramenet<\/strong><\/p>\n<p><strong><a href=\"https:\/\/aplicacions.gestioeducativa.gencat.cat\/pls\/soloas\/pk_for_mod_ins.p_for_detall_activitat?p_header=Llista%20d%27activitats^pk_for_mod_ins.p_for_cons_activitats?p_poblacio=08245%26p_any=2018-2019%26p_modalitat=50%26p_totes=s%26p_inici=1%26p_excloure_crp_rec=F&amp;p_codi=2070881207&amp;p_curs=2018-2019&amp;p_excloure_crp_rec=F\">Inscripci\u00f3<\/a><\/strong><\/p>\n<p>S\u00edntesi: L&#8217;experi\u00e8ncia i la investigaci\u00f3 demostren que els i les professionals de l\u2019\u00e0mbit educatiu ocupen un lloc clau en la prevenci\u00f3 de la Mutilaci\u00f3 Genital Femenina (MGF). Les escoles conjuntament amb els serveis de salut i els serveis socials, per la seva caracter\u00edstica de proximitat, accessibilitat i universalitat, constitueixen l\u2019espai idoni per a l\u2019aproximaci\u00f3 a aquest repte que plantegen les noves ciutadanies al nostre pa\u00eds.<br \/>\nLa confer\u00e8ncia vol aprofundir en la sensibilitzaci\u00f3, motivaci\u00f3 i formaci\u00f3 dels i de les professionals implicats\/des i amb un rol clau en la prevenci\u00f3.<\/p>\n<p>Activitat organitzada amb la col\u00b7laboraci\u00f3 de l&#8217;Ajuntament de Santa Coloma de Gramenet i la fundaci\u00f3 WASSU UAB.<\/p>\n","protected":false},"excerpt":{"rendered":"<p>Dimecres 23 de gener de 2019, a les 17:15h al CRP de Santa Coloma<\/p>\n","protected":false},"author":7,"featured_media":11216,"comment_status":"closed","ping_status":"closed","sticky":false,"template":"","format":"standard","meta":{"_bbp_topic_count":0,"_bbp_reply_count":0,"_bbp_total_topic_count":0,"_bbp_total_reply_count":0,"_bbp_voice_count":0,"_bbp_anonymous_reply_count":0,"_bbp_topic_count_hidden":0,"_bbp_reply_count_hidden":0,"_bbp_forum_subforum_count":0,"site-sidebar-layout":"default","site-content-layout":"","ast-site-content-layout":"","site-content-style":"default","site-sidebar-style":"default","ast-global-header-display":"","ast-banner-title-visibility":"","ast-main-header-display":"","ast-hfb-above-header-display":"","ast-hfb-below-header-display":"","ast-hfb-mobile-header-display":"","site-post-title":"","ast-breadcrumbs-content":"","ast-featured-img":"","footer-sml-layout":"","theme-transparent-header-meta":"","adv-header-id-meta":"","stick-header-meta":"","header-above-stick-meta":"","header-main-stick-meta":"","header-below-stick-meta":"","astra-migrate-meta-layouts":"default","ast-page-background-enabled":"default","ast-page-background-meta":{"desktop":{"background-color":"var(--ast-global-color-4)","background-image":"","background-repeat":"repeat","background-position":"center center","background-size":"auto","background-attachment":"scroll","background-type":"","background-media":"","overlay-type":"","overlay-color":"","overlay-opacity":"","overlay-gradient":""},"tablet":{"background-color":"","background-image":"","background-repeat":"repeat","background-position":"center center","background-size":"auto","background-attachment":"scroll","background-type":"","background-media":"","overlay-type":"","overlay-color":"","overlay-opacity":"","overlay-gradient":""},"mobile":{"background-color":"","background-image":"","background-repeat":"repeat","background-position":"center center","background-size":"auto","background-attachment":"scroll","background-type":"","background-media":"","overlay-type":"","overlay-color":"","overlay-opacity":"","overlay-gradient":""}},"ast-content-background-meta":{"desktop":{"background-color":"var(--ast-global-color-5)","background-image":"","background-repeat":"repeat","background-position":"center center","background-size":"auto","background-attachment":"scroll","background-type":"","background-media":"","overlay-type":"","overlay-color":"","overlay-opacity":"","overlay-gradient":""},"tablet":{"background-color":"var(--ast-global-color-5)","background-image":"","background-repeat":"repeat","background-position":"center center","background-size":"auto","background-attachment":"scroll","background-type":"","background-media":"","overlay-type":"","overlay-color":"","overlay-opacity":"","overlay-gradient":""},"mobile":{"background-color":"var(--ast-global-color-5)","background-image":"","background-repeat":"repeat","background-position":"center center","background-size":"auto","background-attachment":"scroll","background-type":"","background-media":"","overlay-type":"","overlay-color":"","overlay-opacity":"","overlay-gradient":""}},"footnotes":""},"categories":[64,65,67,68,1,235,29],"tags":[],"class_list":["post-11215","post","type-post","status-publish","format-standard","has-post-thumbnail","hentry","category-comunitat","category-crp","category-eap","category-elic","category-general","category-formacio_ins","category-portada"],"post_mailing_queue_ids":[],"_links":{"self":[{"href":"https:\/\/serveiseducatius.xtec.cat\/santacolomag\/wp-json\/wp\/v2\/posts\/11215","targetHints":{"allow":["GET"]}}],"collection":[{"href":"https:\/\/serveiseducatius.xtec.cat\/santacolomag\/wp-json\/wp\/v2\/posts"}],"about":[{"href":"https:\/\/serveiseducatius.xtec.cat\/santacolomag\/wp-json\/wp\/v2\/types\/post"}],"author":[{"embeddable":true,"href":"https:\/\/serveiseducatius.xtec.cat\/santacolomag\/wp-json\/wp\/v2\/users\/7"}],"replies":[{"embeddable":true,"href":"https:\/\/serveiseducatius.xtec.cat\/santacolomag\/wp-json\/wp\/v2\/comments?post=11215"}],"version-history":[{"count":4,"href":"https:\/\/serveiseducatius.xtec.cat\/santacolomag\/wp-json\/wp\/v2\/posts\/11215\/revisions"}],"predecessor-version":[{"id":11225,"href":"https:\/\/serveiseducatius.xtec.cat\/santacolomag\/wp-json\/wp\/v2\/posts\/11215\/revisions\/11225"}],"wp:featuredmedia":[{"embeddable":true,"href":"https:\/\/serveiseducatius.xtec.cat\/santacolomag\/wp-json\/wp\/v2\/media\/11216"}],"wp:attachment":[{"href":"https:\/\/serveiseducatius.xtec.cat\/santacolomag\/wp-json\/wp\/v2\/media?parent=11215"}],"wp:term":[{"taxonomy":"category","embeddable":true,"href":"https:\/\/serveiseducatius.xtec.cat\/santacolomag\/wp-json\/wp\/v2\/categories?post=11215"},{"taxonomy":"post_tag","embeddable":true,"href":"https:\/\/serveiseducatius.xtec.cat\/santacolomag\/wp-json\/wp\/v2\/tags?post=11215"}],"curies":[{"name":"wp","href":"https:\/\/api.w.org\/{rel}","templated":true}]}}