{"id":10554,"date":"2018-04-17T21:33:00","date_gmt":"2018-04-17T19:33:00","guid":{"rendered":"http:\/\/serveiseducatius.xtec.cat\/santacolomag\/?p=10554"},"modified":"2018-04-20T10:22:54","modified_gmt":"2018-04-20T08:22:54","slug":"viiia-jornada-aa-dinnovacio-matematica-dissabte-5-de-maig","status":"publish","type":"post","link":"https:\/\/serveiseducatius.xtec.cat\/santacolomag\/portada\/viiia-jornada-aa-dinnovacio-matematica-dissabte-5-de-maig\/","title":{"rendered":"VIII Jornada \u201ca+a+\u201d d&#8217;innovaci\u00f3 matem\u00e0tica &#8211; dissabte 5 de maig"},"content":{"rendered":"<p style=\"font-weight: 400;\"><a href=\"http:\/\/serveiseducatius.xtec.cat\/santacolomag\/wp-content\/uploads\/usu1183\/2018\/04\/cartell-aa-e1523993396170.jpg\"><img loading=\"lazy\" decoding=\"async\" class=\"alignleft size-thumbnail wp-image-10555\" src=\"http:\/\/serveiseducatius.xtec.cat\/santacolomag\/wp-content\/uploads\/usu1183\/2018\/04\/cartell-aa-150x150.jpg\" alt=\"\" width=\"150\" height=\"150\" \/><\/a>Organitzada pels\u00a0diferents\u00a0Grups d\u2019 \u201c<strong><em>a+a<\/em><\/strong><em>+\u00a0<strong>Catalunya\u201d<\/strong><\/em><strong>\u00a0<\/strong>(grups d\u2019innovaci\u00f3 en did\u00e0ctica de les matem\u00e0tiques a Infantil, Prim\u00e0ria i Educaci\u00f3 Especial) de Rosa Sensat,<strong>\u00a0<\/strong>coordinada pel grup \u201ca+a+ Maresme\u201d.<\/p>\n<p style=\"font-weight: 400;\">La\u00a0<em>VIII Jornada<\/em>\u00a0\u201ca+a+\u201d, organitzada sota el nom d\u2019\u00a0\u201c<strong><em>Un Mar de Mates<\/em><\/strong>\u201d, vol donar a con\u00e8ixer la nostra activitat educativa i la l\u00ednia de treball \u201ca+a+\u201d que estem desenvolupant en moltes escoles del pa\u00eds que, en graus evolutius diferents, estem implicades amb la innovaci\u00f3 educativa i, alhora, que gaudiu de la trobada i del plaer d\u2019aprendre i de fer Matem\u00e0tiques.<\/p>\n<p style=\"font-weight: 400;\">La jornada es\u00a0desenvolupar\u00e0 el\u00a0<strong>dissabte 5 de maig de 2018<\/strong>\u00a0, de 9 a 2, a l&#8217;escola Marinada del Masnou.\u00a0L\u2019import de la inscripci\u00f3 \u00e9s de 18\u20ac (tallers + esmorzar) o 25\u20ac (tallers + esmorzar + dinar).<\/p>\n<p>Per formalitzar la inscripci\u00f3 cal respondre el formulari adjunt i fer el pagament corresponent.\u00a0<a href=\"https:\/\/goo.gl\/forms\/7I5idz9dyzkvXkEA3\" data-saferedirecturl=\"https:\/\/www.google.com\/url?hl=ca&amp;q=https:\/\/goo.gl\/forms\/7I5idz9dyzkvXkEA3&amp;source=gmail&amp;ust=1524079369642000&amp;usg=AFQjCNEEDMkouVvXlZMimJhupAtVozqllw\">https:\/\/goo.gl\/forms\/aXIJOhnzuuvEiEiD3<\/a><\/p>\n","protected":false},"excerpt":{"rendered":"<p>Organitzada pels diferents Grups d\u2019 \u201ca+a+ Catalunya, la jornada vol mostrar l&#8217;activitat i la l\u00ednia de treball a+a+ d\u2019innovaci\u00f3 en did\u00e0ctica de les matem\u00e0tiques.<\/p>\n","protected":false},"author":7,"featured_media":10555,"comment_status":"closed","ping_status":"closed","sticky":false,"template":"","format":"standard","meta":{"_bbp_topic_count":0,"_bbp_reply_count":0,"_bbp_total_topic_count":0,"_bbp_total_reply_count":0,"_bbp_voice_count":0,"_bbp_anonymous_reply_count":0,"_bbp_topic_count_hidden":0,"_bbp_reply_count_hidden":0,"_bbp_forum_subforum_count":0,"site-sidebar-layout":"default","site-content-layout":"","ast-site-content-layout":"","site-content-style":"default","site-sidebar-style":"default","ast-global-header-display":"","ast-banner-title-visibility":"","ast-main-header-display":"","ast-hfb-above-header-display":"","ast-hfb-below-header-display":"","ast-hfb-mobile-header-display":"","site-post-title":"","ast-breadcrumbs-content":"","ast-featured-img":"","footer-sml-layout":"","theme-transparent-header-meta":"","adv-header-id-meta":"","stick-header-meta":"","header-above-stick-meta":"","header-main-stick-meta":"","header-below-stick-meta":"","astra-migrate-meta-layouts":"default","ast-page-background-enabled":"default","ast-page-background-meta":{"desktop":{"background-color":"var(--ast-global-color-4)","background-image":"","background-repeat":"repeat","background-position":"center center","background-size":"auto","background-attachment":"scroll","background-type":"","background-media":"","overlay-type":"","overlay-color":"","overlay-opacity":"","overlay-gradient":""},"tablet":{"background-color":"","background-image":"","background-repeat":"repeat","background-position":"center center","background-size":"auto","background-attachment":"scroll","background-type":"","background-media":"","overlay-type":"","overlay-color":"","overlay-opacity":"","overlay-gradient":""},"mobile":{"background-color":"","background-image":"","background-repeat":"repeat","background-position":"center center","background-size":"auto","background-attachment":"scroll","background-type":"","background-media":"","overlay-type":"","overlay-color":"","overlay-opacity":"","overlay-gradient":""}},"ast-content-background-meta":{"desktop":{"background-color":"var(--ast-global-color-5)","background-image":"","background-repeat":"repeat","background-position":"center center","background-size":"auto","background-attachment":"scroll","background-type":"","background-media":"","overlay-type":"","overlay-color":"","overlay-opacity":"","overlay-gradient":""},"tablet":{"background-color":"var(--ast-global-color-5)","background-image":"","background-repeat":"repeat","background-position":"center center","background-size":"auto","background-attachment":"scroll","background-type":"","background-media":"","overlay-type":"","overlay-color":"","overlay-opacity":"","overlay-gradient":""},"mobile":{"background-color":"var(--ast-global-color-5)","background-image":"","background-repeat":"repeat","background-position":"center center","background-size":"auto","background-attachment":"scroll","background-type":"","background-media":"","overlay-type":"","overlay-color":"","overlay-opacity":"","overlay-gradient":""}},"footnotes":""},"categories":[65,154,286,235,29,279],"tags":[],"class_list":["post-10554","post","type-post","status-publish","format-standard","has-post-thumbnail","hentry","category-crp","category-formacio","category-matematiques","category-formacio_ins","category-portada","category-recerca"],"post_mailing_queue_ids":[],"_links":{"self":[{"href":"https:\/\/serveiseducatius.xtec.cat\/santacolomag\/wp-json\/wp\/v2\/posts\/10554","targetHints":{"allow":["GET"]}}],"collection":[{"href":"https:\/\/serveiseducatius.xtec.cat\/santacolomag\/wp-json\/wp\/v2\/posts"}],"about":[{"href":"https:\/\/serveiseducatius.xtec.cat\/santacolomag\/wp-json\/wp\/v2\/types\/post"}],"author":[{"embeddable":true,"href":"https:\/\/serveiseducatius.xtec.cat\/santacolomag\/wp-json\/wp\/v2\/users\/7"}],"replies":[{"embeddable":true,"href":"https:\/\/serveiseducatius.xtec.cat\/santacolomag\/wp-json\/wp\/v2\/comments?post=10554"}],"version-history":[{"count":3,"href":"https:\/\/serveiseducatius.xtec.cat\/santacolomag\/wp-json\/wp\/v2\/posts\/10554\/revisions"}],"predecessor-version":[{"id":10568,"href":"https:\/\/serveiseducatius.xtec.cat\/santacolomag\/wp-json\/wp\/v2\/posts\/10554\/revisions\/10568"}],"wp:featuredmedia":[{"embeddable":true,"href":"https:\/\/serveiseducatius.xtec.cat\/santacolomag\/wp-json\/wp\/v2\/media\/10555"}],"wp:attachment":[{"href":"https:\/\/serveiseducatius.xtec.cat\/santacolomag\/wp-json\/wp\/v2\/media?parent=10554"}],"wp:term":[{"taxonomy":"category","embeddable":true,"href":"https:\/\/serveiseducatius.xtec.cat\/santacolomag\/wp-json\/wp\/v2\/categories?post=10554"},{"taxonomy":"post_tag","embeddable":true,"href":"https:\/\/serveiseducatius.xtec.cat\/santacolomag\/wp-json\/wp\/v2\/tags?post=10554"}],"curies":[{"name":"wp","href":"https:\/\/api.w.org\/{rel}","templated":true}]}}