{"id":10240,"date":"2018-01-22T09:57:29","date_gmt":"2018-01-22T08:57:29","guid":{"rendered":"http:\/\/serveiseducatius.xtec.cat\/santacolomag\/?p=10240"},"modified":"2018-01-22T09:58:27","modified_gmt":"2018-01-22T08:58:27","slug":"cursos-stem-per-a-docents-de-primaria-i-secundaria","status":"publish","type":"post","link":"https:\/\/serveiseducatius.xtec.cat\/santacolomag\/portada\/cursos-stem-per-a-docents-de-primaria-i-secundaria\/","title":{"rendered":"Cursos STEM per a docents de prim\u00e0ria i secund\u00e0ria"},"content":{"rendered":"<p>L\u2019\u00e0mbit CTEM o STEM engloba les \u00e0rees de Ci\u00e8ncies, Tecnologia, Enginyeria i Matem\u00e0tica. La perspectiva d\u2019integrar i refor\u00e7ar l\u2019ensenyament de les \u00e0rees cient\u00edfic-tecnol\u00f2giques es considera una eina crucial per dos motius. D\u2019una banda, enriquir la cultura cient\u00edfic-tecnol\u00f2gica i dotar de pensament cr\u00edtic als nostres estudiants, ciutadans presents i futurs. En segon lloc, possibilitar la formaci\u00f3 de professionals d\u2019aquest \u00e0mbit per aconseguir els reptes que com a societat afrontem tant pel que fa a la ind\u00fastria com a la recerca b\u00e0sica.<\/p>\n<p>Amb la idea d\u2019aprofundir en aquest camp s\u2019ha dissenyat una formaci\u00f3 adre\u00e7ada a docents de Prim\u00e0ria i Secund\u00e0ria dels \u00e0mbits STEM que s\u2019oferir\u00e0 des del Departament d\u2019Ensenyament amb la col\u00b7laboraci\u00f3 del CESIRE.<\/p>\n<h5><strong>Dades de la formaci\u00f3 per prim\u00e0ria:<\/strong><\/h5>\n<h6><strong>Calendari<\/strong><\/h6>\n<ul>\n<li>Sessi\u00f3 1 dijous 15\/02\/2018 17.30 20.00<\/li>\n<li>Sessi\u00f3 2 dijous 22\/02\/2018 17.30 20.00<\/li>\n<li>Sessi\u00f3 3 dijous 01\/03\/2018 17.30 20.00<\/li>\n<li>Sessi\u00f3 4 dijous 08\/03\/2018 17.30 20.00<\/li>\n<li>Sessi\u00f3 5 dijous 15\/03\/2018 17.30 20.00<\/li>\n<li>Sessi\u00f3 6 dijous 22\/03\/2018 17.30 20.00<\/li>\n<li>Sessi\u00f3 7 dijous 17\/05\/2018 17.30 20.00<\/li>\n<\/ul>\n<p><strong>Lloc:<\/strong>\u00a0CRP Ciutat de Badalona\u00a0<strong>Adre\u00e7a:<\/strong>\u00a0Av. del Maresme, 212 Badalona<br \/>\n<strong>Per\u00edode d\u2019inscripci\u00f3:<\/strong>\u00a0del 01\/01\/2018 al 15\/02\/2018<br \/>\nPer efectuar la inscripci\u00f3\u00a0<a href=\"https:\/\/aplicacions.gestioeducativa.gencat.cat\/pls\/soloas\/pk_for_mod_ins.p_for_detall_activitat?p_header=Llista%20d%27activitats^pk_for_mod_ins.p_for_cons_activitats?p_any=2017-2018%26p_totes=N%26p_desc=STEM%26p_inici=1%26p_excloure_crp_rec=T&amp;p_codi=2001510500&amp;p_curs=2017-2018&amp;p_excloure_crp_rec=T\">cliqueu aqu\u00ed.<\/a><\/p>\n<h5><strong>Dades de la formaci\u00f3 per secund\u00e0ria:<\/strong><\/h5>\n<h6><strong>Calendari\u00a0<\/strong><\/h6>\n<ul>\n<li>Sessi\u00f3 1 dimecres 21\/02\/2018 17.30 20.00<\/li>\n<li>Sessi\u00f3 2 dimecres 28\/02\/2018 17.30 20.00<\/li>\n<li>Sessi\u00f3 3 dimecres 07\/03\/2018 17.30 20.00<\/li>\n<li>Sessi\u00f3 4 dimecres 14\/03\/2018 17.30 20.00<\/li>\n<li>Sessi\u00f3 5 dimecres 21\/03\/2018 17.30 20.00<\/li>\n<li>Sessi\u00f3 6 dijous\u00a0\u00a0 05\/04\/2018 17.30 20.00<\/li>\n<li>Sessi\u00f3 7 dimecres 23\/05\/2018 17.30 20.00<\/li>\n<\/ul>\n<p><strong>Lloc<\/strong>: Institut Badalona VII\u00a0<strong>Adre\u00e7a:<\/strong>\u00a0C\/ Ausi\u00e0s March, 86 Badalona<br \/>\n<strong>Per\u00edode d\u2019inscripci\u00f3:<\/strong>\u00a0del 01\/01\/2018 al 21\/02\/2018<br \/>\nPer efectuar la inscripci\u00f3\u00a0<a href=\"https:\/\/aplicacions.gestioeducativa.gencat.cat\/pls\/soloas\/pk_for_mod_ins.p_for_detall_activitat?p_header=Llista%20d%27activitats^pk_for_mod_ins.p_for_cons_activitats?p_any=2017-2018%26p_totes=N%26p_desc=STEM%26p_inici=1%26p_excloure_crp_rec=T&amp;p_codi=2001620500&amp;p_curs=2017-2018&amp;p_excloure_crp_rec=T\">cliqueu aqu\u00ed<\/a>.<\/p>\n<p>Per a qualsevol consulta no dubteu a contactar amb nosaltres per les vies habituals.<\/p>\n","protected":false},"excerpt":{"rendered":"<p>Formaci\u00f3 adre\u00e7ada a docents de Prim\u00e0ria i Secund\u00e0ria dels \u00e0mbits STEM que s\u2019oferir\u00e0 des del Departament d\u2019Ensenyament amb la col\u00b7laboraci\u00f3 del CESIRE<\/p>\n","protected":false},"author":4,"featured_media":10241,"comment_status":"closed","ping_status":"closed","sticky":false,"template":"","format":"standard","meta":{"_bbp_topic_count":0,"_bbp_reply_count":0,"_bbp_total_topic_count":0,"_bbp_total_reply_count":0,"_bbp_voice_count":0,"_bbp_anonymous_reply_count":0,"_bbp_topic_count_hidden":0,"_bbp_reply_count_hidden":0,"_bbp_forum_subforum_count":0,"site-sidebar-layout":"default","site-content-layout":"","ast-site-content-layout":"","site-content-style":"default","site-sidebar-style":"default","ast-global-header-display":"","ast-banner-title-visibility":"","ast-main-header-display":"","ast-hfb-above-header-display":"","ast-hfb-below-header-display":"","ast-hfb-mobile-header-display":"","site-post-title":"","ast-breadcrumbs-content":"","ast-featured-img":"","footer-sml-layout":"","theme-transparent-header-meta":"","adv-header-id-meta":"","stick-header-meta":"","header-above-stick-meta":"","header-main-stick-meta":"","header-below-stick-meta":"","astra-migrate-meta-layouts":"default","ast-page-background-enabled":"default","ast-page-background-meta":{"desktop":{"background-color":"var(--ast-global-color-4)","background-image":"","background-repeat":"repeat","background-position":"center center","background-size":"auto","background-attachment":"scroll","background-type":"","background-media":"","overlay-type":"","overlay-color":"","overlay-opacity":"","overlay-gradient":""},"tablet":{"background-color":"","background-image":"","background-repeat":"repeat","background-position":"center center","background-size":"auto","background-attachment":"scroll","background-type":"","background-media":"","overlay-type":"","overlay-color":"","overlay-opacity":"","overlay-gradient":""},"mobile":{"background-color":"","background-image":"","background-repeat":"repeat","background-position":"center center","background-size":"auto","background-attachment":"scroll","background-type":"","background-media":"","overlay-type":"","overlay-color":"","overlay-opacity":"","overlay-gradient":""}},"ast-content-background-meta":{"desktop":{"background-color":"var(--ast-global-color-5)","background-image":"","background-repeat":"repeat","background-position":"center center","background-size":"auto","background-attachment":"scroll","background-type":"","background-media":"","overlay-type":"","overlay-color":"","overlay-opacity":"","overlay-gradient":""},"tablet":{"background-color":"var(--ast-global-color-5)","background-image":"","background-repeat":"repeat","background-position":"center center","background-size":"auto","background-attachment":"scroll","background-type":"","background-media":"","overlay-type":"","overlay-color":"","overlay-opacity":"","overlay-gradient":""},"mobile":{"background-color":"var(--ast-global-color-5)","background-image":"","background-repeat":"repeat","background-position":"center center","background-size":"auto","background-attachment":"scroll","background-type":"","background-media":"","overlay-type":"","overlay-color":"","overlay-opacity":"","overlay-gradient":""}},"footnotes":""},"categories":[65,78,251,154,153,29],"tags":[],"class_list":["post-10240","post","type-post","status-publish","format-standard","has-post-thumbnail","hentry","category-crp","category-cd","category-dinamica-educativa-sant-vicenc-dels-horts","category-formacio","category-pfz","category-portada"],"post_mailing_queue_ids":[],"_links":{"self":[{"href":"https:\/\/serveiseducatius.xtec.cat\/santacolomag\/wp-json\/wp\/v2\/posts\/10240","targetHints":{"allow":["GET"]}}],"collection":[{"href":"https:\/\/serveiseducatius.xtec.cat\/santacolomag\/wp-json\/wp\/v2\/posts"}],"about":[{"href":"https:\/\/serveiseducatius.xtec.cat\/santacolomag\/wp-json\/wp\/v2\/types\/post"}],"author":[{"embeddable":true,"href":"https:\/\/serveiseducatius.xtec.cat\/santacolomag\/wp-json\/wp\/v2\/users\/4"}],"replies":[{"embeddable":true,"href":"https:\/\/serveiseducatius.xtec.cat\/santacolomag\/wp-json\/wp\/v2\/comments?post=10240"}],"version-history":[{"count":2,"href":"https:\/\/serveiseducatius.xtec.cat\/santacolomag\/wp-json\/wp\/v2\/posts\/10240\/revisions"}],"predecessor-version":[{"id":10243,"href":"https:\/\/serveiseducatius.xtec.cat\/santacolomag\/wp-json\/wp\/v2\/posts\/10240\/revisions\/10243"}],"wp:featuredmedia":[{"embeddable":true,"href":"https:\/\/serveiseducatius.xtec.cat\/santacolomag\/wp-json\/wp\/v2\/media\/10241"}],"wp:attachment":[{"href":"https:\/\/serveiseducatius.xtec.cat\/santacolomag\/wp-json\/wp\/v2\/media?parent=10240"}],"wp:term":[{"taxonomy":"category","embeddable":true,"href":"https:\/\/serveiseducatius.xtec.cat\/santacolomag\/wp-json\/wp\/v2\/categories?post=10240"},{"taxonomy":"post_tag","embeddable":true,"href":"https:\/\/serveiseducatius.xtec.cat\/santacolomag\/wp-json\/wp\/v2\/tags?post=10240"}],"curies":[{"name":"wp","href":"https:\/\/api.w.org\/{rel}","templated":true}]}}