{"id":9858,"date":"2019-01-28T11:08:04","date_gmt":"2019-01-28T10:08:04","guid":{"rendered":"http:\/\/serveiseducatius.xtec.cat\/ripolles\/?p=9858"},"modified":"2019-01-28T11:08:58","modified_gmt":"2019-01-28T10:08:58","slug":"el-conseller-deducacio-inaugura-la-secundaria-a-sant-joan-de-les-abadesses","status":"publish","type":"post","link":"https:\/\/serveiseducatius.xtec.cat\/ripolles\/general\/el-conseller-deducacio-inaugura-la-secundaria-a-sant-joan-de-les-abadesses\/","title":{"rendered":"El Conseller d&#8217;Educaci\u00f3 inaugura la secund\u00e0ria a Sant Joan de les Abadesses"},"content":{"rendered":"<p>La jornada d&#8217;inauguraci\u00f3 ha comen\u00e7at amb una visita del conseller Bargall\u00f3 al centre, comprovant els equipaments i el desenvolupament de les classes. Tamb\u00e9 s&#8217;ha dut a terme una reuni\u00f3 de treball amb membres de la comunitat educativa santjoanina i ripollesa.<\/p>\n<p><a href=\"https:\/\/serveiseducatius.xtec.cat\/ripolles\/wp-content\/uploads\/usu1150\/2019\/01\/4377.jpg\"><img loading=\"lazy\" decoding=\"async\" class=\"alignnone size-full wp-image-9859\" src=\"https:\/\/serveiseducatius.xtec.cat\/ripolles\/wp-content\/uploads\/usu1150\/2019\/01\/4377.jpg\" alt=\"\" width=\"844\" height=\"475\" srcset=\"https:\/\/serveiseducatius.xtec.cat\/ripolles\/wp-content\/uploads\/usu1150\/2019\/01\/4377.jpg 844w, https:\/\/serveiseducatius.xtec.cat\/ripolles\/wp-content\/uploads\/usu1150\/2019\/01\/4377-300x169.jpg 300w, https:\/\/serveiseducatius.xtec.cat\/ripolles\/wp-content\/uploads\/usu1150\/2019\/01\/4377-768x432.jpg 768w\" sizes=\"auto, (max-width: 844px) 100vw, 844px\" \/><\/a><\/p>\n<p>S&#8217;ha complert un primer desig a Sant Joan de les Abadesses: poder disposar a ple rendiment del nou centre educatiu que forma els alumnes de Secund\u00e0ria del poble. Per\u00f2 com han fet evident els alumnes, professorat, el director del centre i l&#8217;alcalde, encara en queda un altre d&#8217;important: que tota l&#8217;educaci\u00f3 es pugui concentrar a l&#8217;edifici de la Coromina del Bac, des de P-3 i fins a 4t d&#8217;ESO. La incorporaci\u00f3 dels alumnes d&#8217;Infantil i Prim\u00e0ria es dur\u00e0 a terme quan hagi finalitzat l&#8217;adequaci\u00f3 que manca al centre escolar, que ja est\u00e0 prevista des del Departament, de moment sense terminis.<\/p>\n<p>A municipis com Sant Joan de les Abadesses s&#8217;ha d&#8217;apostar pel model d&#8217;institut escola. Ho t\u00e9 clar l&#8217;ajuntament i tamb\u00e9 la conselleria d&#8217;Educaci\u00f3, tal com afirma Bargall\u00f3.<\/p>\n<p>Podeu veure un petit resum de la jornada <a href=\"https:\/\/youtu.be\/7m_m_OZpPaA\">clicant sobre l&#8217;enlla\u00e7<\/a><\/p>\n","protected":false},"excerpt":{"rendered":"<p>La jornada d&#8217;inauguraci\u00f3 ha comen\u00e7at amb una visita del conseller Bargall\u00f3 al centre, comprovant els equipaments i el desenvolupament de [&hellip;]<\/p>\n","protected":false},"author":1,"featured_media":9859,"comment_status":"open","ping_status":"closed","sticky":false,"template":"","format":"standard","meta":{"_bbp_topic_count":0,"_bbp_reply_count":0,"_bbp_total_topic_count":0,"_bbp_total_reply_count":0,"_bbp_voice_count":0,"_bbp_anonymous_reply_count":0,"_bbp_topic_count_hidden":0,"_bbp_reply_count_hidden":0,"_bbp_forum_subforum_count":0,"site-sidebar-layout":"default","site-content-layout":"","ast-site-content-layout":"","site-content-style":"default","site-sidebar-style":"default","ast-global-header-display":"","ast-banner-title-visibility":"","ast-main-header-display":"","ast-hfb-above-header-display":"","ast-hfb-below-header-display":"","ast-hfb-mobile-header-display":"","site-post-title":"","ast-breadcrumbs-content":"","ast-featured-img":"","footer-sml-layout":"","theme-transparent-header-meta":"","adv-header-id-meta":"","stick-header-meta":"","header-above-stick-meta":"","header-main-stick-meta":"","header-below-stick-meta":"","astra-migrate-meta-layouts":"default","ast-page-background-enabled":"default","ast-page-background-meta":{"desktop":{"background-color":"var(--ast-global-color-4)","background-image":"","background-repeat":"repeat","background-position":"center center","background-size":"auto","background-attachment":"scroll","background-type":"","background-media":"","overlay-type":"","overlay-color":"","overlay-opacity":"","overlay-gradient":""},"tablet":{"background-color":"","background-image":"","background-repeat":"repeat","background-position":"center center","background-size":"auto","background-attachment":"scroll","background-type":"","background-media":"","overlay-type":"","overlay-color":"","overlay-opacity":"","overlay-gradient":""},"mobile":{"background-color":"","background-image":"","background-repeat":"repeat","background-position":"center center","background-size":"auto","background-attachment":"scroll","background-type":"","background-media":"","overlay-type":"","overlay-color":"","overlay-opacity":"","overlay-gradient":""}},"ast-content-background-meta":{"desktop":{"background-color":"var(--ast-global-color-5)","background-image":"","background-repeat":"repeat","background-position":"center center","background-size":"auto","background-attachment":"scroll","background-type":"","background-media":"","overlay-type":"","overlay-color":"","overlay-opacity":"","overlay-gradient":""},"tablet":{"background-color":"var(--ast-global-color-5)","background-image":"","background-repeat":"repeat","background-position":"center center","background-size":"auto","background-attachment":"scroll","background-type":"","background-media":"","overlay-type":"","overlay-color":"","overlay-opacity":"","overlay-gradient":""},"mobile":{"background-color":"var(--ast-global-color-5)","background-image":"","background-repeat":"repeat","background-position":"center center","background-size":"auto","background-attachment":"scroll","background-type":"","background-media":"","overlay-type":"","overlay-color":"","overlay-opacity":"","overlay-gradient":""}},"footnotes":""},"categories":[1,29],"tags":[],"class_list":["post-9858","post","type-post","status-publish","format-standard","has-post-thumbnail","hentry","category-general","category-portada"],"post_mailing_queue_ids":[],"_links":{"self":[{"href":"https:\/\/serveiseducatius.xtec.cat\/ripolles\/wp-json\/wp\/v2\/posts\/9858","targetHints":{"allow":["GET"]}}],"collection":[{"href":"https:\/\/serveiseducatius.xtec.cat\/ripolles\/wp-json\/wp\/v2\/posts"}],"about":[{"href":"https:\/\/serveiseducatius.xtec.cat\/ripolles\/wp-json\/wp\/v2\/types\/post"}],"author":[{"embeddable":true,"href":"https:\/\/serveiseducatius.xtec.cat\/ripolles\/wp-json\/wp\/v2\/users\/1"}],"replies":[{"embeddable":true,"href":"https:\/\/serveiseducatius.xtec.cat\/ripolles\/wp-json\/wp\/v2\/comments?post=9858"}],"version-history":[{"count":2,"href":"https:\/\/serveiseducatius.xtec.cat\/ripolles\/wp-json\/wp\/v2\/posts\/9858\/revisions"}],"predecessor-version":[{"id":9862,"href":"https:\/\/serveiseducatius.xtec.cat\/ripolles\/wp-json\/wp\/v2\/posts\/9858\/revisions\/9862"}],"wp:featuredmedia":[{"embeddable":true,"href":"https:\/\/serveiseducatius.xtec.cat\/ripolles\/wp-json\/wp\/v2\/media\/9859"}],"wp:attachment":[{"href":"https:\/\/serveiseducatius.xtec.cat\/ripolles\/wp-json\/wp\/v2\/media?parent=9858"}],"wp:term":[{"taxonomy":"category","embeddable":true,"href":"https:\/\/serveiseducatius.xtec.cat\/ripolles\/wp-json\/wp\/v2\/categories?post=9858"},{"taxonomy":"post_tag","embeddable":true,"href":"https:\/\/serveiseducatius.xtec.cat\/ripolles\/wp-json\/wp\/v2\/tags?post=9858"}],"curies":[{"name":"wp","href":"https:\/\/api.w.org\/{rel}","templated":true}]}}