{"id":9308,"date":"2018-10-26T10:26:07","date_gmt":"2018-10-26T08:26:07","guid":{"rendered":"http:\/\/serveiseducatius.xtec.cat\/ripolles\/?p=9308"},"modified":"2018-10-29T11:15:20","modified_gmt":"2018-10-29T10:15:20","slug":"dia-de-la-ciencia","status":"publish","type":"post","link":"https:\/\/serveiseducatius.xtec.cat\/ripolles\/general\/dia-de-la-ciencia\/","title":{"rendered":"Dia de la Ci\u00e8ncia"},"content":{"rendered":"<p style=\"text-align: justify;\">El proper 7 de novembre tots els centres de Secund\u00e0ria del Ripoll\u00e8s participaran a una xerrada programada dins del marc dins del <strong>Dia de la Ci\u00e8ncia a les escoles 2018<\/strong>. L&#8217;investigador <strong>Pere Mart\u00ednez Serra<\/strong> del Departament de Gen\u00e8tica de la Universitat de Barcelona ens explicar\u00e0 sota el t\u00edtol &#8220;Qu\u00e8 ens diuen les mol\u00e8cules sobre l&#8217;origen i l&#8217;evoluci\u00f3 dels \u00e9ssers vius?&#8221; les claus per entendre millor la hist\u00f2ria dels \u00e9ssers vius. Podeu consutar m\u00e9s informaci\u00f3 d&#8217;aquestes propostes a la seva web clicant sobre la imatge.<\/p>\n<p><a href=\"https:\/\/setmanaciencia.fundaciorecerca.cat\/frontend\/\"><img loading=\"lazy\" decoding=\"async\" class=\"aligncenter wp-image-9309\" src=\"https:\/\/serveiseducatius.xtec.cat\/ripolles\/wp-content\/uploads\/usu1150\/2018\/10\/Sense-t\u00edtol-3.jpg\" alt=\"\" width=\"420\" height=\"327\" srcset=\"https:\/\/serveiseducatius.xtec.cat\/ripolles\/wp-content\/uploads\/usu1150\/2018\/10\/Sense-t\u00edtol-3.jpg 837w, https:\/\/serveiseducatius.xtec.cat\/ripolles\/wp-content\/uploads\/usu1150\/2018\/10\/Sense-t\u00edtol-3-300x234.jpg 300w, https:\/\/serveiseducatius.xtec.cat\/ripolles\/wp-content\/uploads\/usu1150\/2018\/10\/Sense-t\u00edtol-3-768x598.jpg 768w\" sizes=\"auto, (max-width: 420px) 100vw, 420px\" \/><\/a><\/p>\n<p style=\"text-align: justify;\">Durant aquesta jornada hi assistiran els alumnes de 4rt d&#8217;ESO de l&#8217;Institut Joan Triad\u00fa (Ribes de Freser), els alumnes de 4rt d&#8217;ESO de l&#8217;Escola Vedruna (Ripoll), els alumnes de 4rt d&#8217;ESO i 1r de Batxillerat de l&#8217;Institut Abat Oliba (Ripoll), els de 4rt d&#8217;ESO de l&#8217;Institut Escola Mestre Andreu (St. Joan de les Abadesses) i els de 4rt d&#8217;ESO de l&#8217;Institut Germans Vila Riera (Camprodon).<\/p>\n","protected":false},"excerpt":{"rendered":"<p>El proper 7 de novembre tots els centres de Secund\u00e0ria del Ripoll\u00e8s participaran a una xerrada programada dins del marc [&hellip;]<\/p>\n","protected":false},"author":1,"featured_media":9313,"comment_status":"open","ping_status":"closed","sticky":false,"template":"","format":"standard","meta":{"_bbp_topic_count":0,"_bbp_reply_count":0,"_bbp_total_topic_count":0,"_bbp_total_reply_count":0,"_bbp_voice_count":0,"_bbp_anonymous_reply_count":0,"_bbp_topic_count_hidden":0,"_bbp_reply_count_hidden":0,"_bbp_forum_subforum_count":0,"site-sidebar-layout":"default","site-content-layout":"","ast-site-content-layout":"","site-content-style":"default","site-sidebar-style":"default","ast-global-header-display":"","ast-banner-title-visibility":"","ast-main-header-display":"","ast-hfb-above-header-display":"","ast-hfb-below-header-display":"","ast-hfb-mobile-header-display":"","site-post-title":"","ast-breadcrumbs-content":"","ast-featured-img":"","footer-sml-layout":"","theme-transparent-header-meta":"","adv-header-id-meta":"","stick-header-meta":"","header-above-stick-meta":"","header-main-stick-meta":"","header-below-stick-meta":"","astra-migrate-meta-layouts":"default","ast-page-background-enabled":"default","ast-page-background-meta":{"desktop":{"background-color":"var(--ast-global-color-4)","background-image":"","background-repeat":"repeat","background-position":"center center","background-size":"auto","background-attachment":"scroll","background-type":"","background-media":"","overlay-type":"","overlay-color":"","overlay-opacity":"","overlay-gradient":""},"tablet":{"background-color":"","background-image":"","background-repeat":"repeat","background-position":"center center","background-size":"auto","background-attachment":"scroll","background-type":"","background-media":"","overlay-type":"","overlay-color":"","overlay-opacity":"","overlay-gradient":""},"mobile":{"background-color":"","background-image":"","background-repeat":"repeat","background-position":"center center","background-size":"auto","background-attachment":"scroll","background-type":"","background-media":"","overlay-type":"","overlay-color":"","overlay-opacity":"","overlay-gradient":""}},"ast-content-background-meta":{"desktop":{"background-color":"var(--ast-global-color-5)","background-image":"","background-repeat":"repeat","background-position":"center center","background-size":"auto","background-attachment":"scroll","background-type":"","background-media":"","overlay-type":"","overlay-color":"","overlay-opacity":"","overlay-gradient":""},"tablet":{"background-color":"var(--ast-global-color-5)","background-image":"","background-repeat":"repeat","background-position":"center center","background-size":"auto","background-attachment":"scroll","background-type":"","background-media":"","overlay-type":"","overlay-color":"","overlay-opacity":"","overlay-gradient":""},"mobile":{"background-color":"var(--ast-global-color-5)","background-image":"","background-repeat":"repeat","background-position":"center center","background-size":"auto","background-attachment":"scroll","background-type":"","background-media":"","overlay-type":"","overlay-color":"","overlay-opacity":"","overlay-gradient":""}},"footnotes":""},"categories":[324,1,29],"tags":[],"class_list":["post-9308","post","type-post","status-publish","format-standard","has-post-thumbnail","hentry","category-dia-de-la-ciencia","category-general","category-portada"],"post_mailing_queue_ids":[],"_links":{"self":[{"href":"https:\/\/serveiseducatius.xtec.cat\/ripolles\/wp-json\/wp\/v2\/posts\/9308","targetHints":{"allow":["GET"]}}],"collection":[{"href":"https:\/\/serveiseducatius.xtec.cat\/ripolles\/wp-json\/wp\/v2\/posts"}],"about":[{"href":"https:\/\/serveiseducatius.xtec.cat\/ripolles\/wp-json\/wp\/v2\/types\/post"}],"author":[{"embeddable":true,"href":"https:\/\/serveiseducatius.xtec.cat\/ripolles\/wp-json\/wp\/v2\/users\/1"}],"replies":[{"embeddable":true,"href":"https:\/\/serveiseducatius.xtec.cat\/ripolles\/wp-json\/wp\/v2\/comments?post=9308"}],"version-history":[{"count":2,"href":"https:\/\/serveiseducatius.xtec.cat\/ripolles\/wp-json\/wp\/v2\/posts\/9308\/revisions"}],"predecessor-version":[{"id":9316,"href":"https:\/\/serveiseducatius.xtec.cat\/ripolles\/wp-json\/wp\/v2\/posts\/9308\/revisions\/9316"}],"wp:featuredmedia":[{"embeddable":true,"href":"https:\/\/serveiseducatius.xtec.cat\/ripolles\/wp-json\/wp\/v2\/media\/9313"}],"wp:attachment":[{"href":"https:\/\/serveiseducatius.xtec.cat\/ripolles\/wp-json\/wp\/v2\/media?parent=9308"}],"wp:term":[{"taxonomy":"category","embeddable":true,"href":"https:\/\/serveiseducatius.xtec.cat\/ripolles\/wp-json\/wp\/v2\/categories?post=9308"},{"taxonomy":"post_tag","embeddable":true,"href":"https:\/\/serveiseducatius.xtec.cat\/ripolles\/wp-json\/wp\/v2\/tags?post=9308"}],"curies":[{"name":"wp","href":"https:\/\/api.w.org\/{rel}","templated":true}]}}