{"id":8964,"date":"2018-09-20T13:32:32","date_gmt":"2018-09-20T11:32:32","guid":{"rendered":"http:\/\/serveiseducatius.xtec.cat\/ripolles\/?p=8964"},"modified":"2018-09-26T23:10:41","modified_gmt":"2018-09-26T21:10:41","slug":"del-tbo-a-la-novella-grafica-un-mitja-en-evolucio-constant-i-al-servei-de-la-comunitat","status":"publish","type":"post","link":"https:\/\/serveiseducatius.xtec.cat\/ripolles\/general\/del-tbo-a-la-novella-grafica-un-mitja-en-evolucio-constant-i-al-servei-de-la-comunitat\/","title":{"rendered":"Del TBO a la Novel\u00b7la gr\u00e0fica: un mitj\u00e0 en evoluci\u00f3 constant i al servei de la comunitat"},"content":{"rendered":"<p>Presentaci\u00f3 de la confer\u00e8ncia inaugural &#8220;El c\u00f2mic: una eina d&#8217;aprenentatge&#8221; a c\u00e0rrec de Jaume Vilarrub\u00ed. Subdivida en 5 presentacions<\/p>\n<p><iframe loading=\"lazy\" src=\"https:\/\/drive.google.com\/file\/d\/16XpOoxzcW9uuOCu4aM8qcDZLSLwHr0kr\/preview\" width=\"640\" height=\"480\"><\/iframe><\/p>\n<p><iframe loading=\"lazy\" src=\"https:\/\/drive.google.com\/file\/d\/1sVmiYCV5LchKGJjWiyCBXffMgUtx_xd3\/preview\" width=\"640\" height=\"480\"><\/iframe><\/p>\n<p><iframe loading=\"lazy\" src=\"https:\/\/drive.google.com\/file\/d\/1U65T1lgk-Y1bgCqHxTdWzO4QszmoBEgB\/preview\" width=\"640\" height=\"480\"><\/iframe><\/p>\n<p><iframe loading=\"lazy\" src=\"https:\/\/drive.google.com\/file\/d\/1YGheAbWHjYp5UMleauWBh8Rkoazxi2VW\/preview\" width=\"640\" height=\"480\"><\/iframe><\/p>\n<p><iframe loading=\"lazy\" src=\"https:\/\/drive.google.com\/file\/d\/1lsh9UfhF5_0Swe5j9REeC1mxFrfVStYc\/preview\" width=\"640\" height=\"480\"><\/iframe><\/p>\n<p><iframe loading=\"lazy\" src=\"https:\/\/drive.google.com\/file\/d\/0B73oCJyIgzLdR04yQWVVOEJ4a25kXzh3RlBfcGVFZkU3YjQ0\/preview\" width=\"640\" height=\"480\"><\/iframe><\/p>\n<p><iframe loading=\"lazy\" src=\"https:\/\/drive.google.com\/file\/d\/0B73oCJyIgzLdT1RyemtoaXdCQ0pobTFGQm5fTzRRbWFoVndJ\/preview\" width=\"640\" height=\"480\"><\/iframe><\/p>\n<p>&nbsp;<\/p>\n<p>En el nostre <a href=\"https:\/\/sites.google.com\/a\/xtec.cat\/dinamitzacio-de-la-biblioteca-escolar-15-16\/llibres-a-la-maleta\">Servei Educatiu<\/a> podeu consultar diferents maletes de c\u00f2mic i altres lectures<\/p>\n","protected":false},"excerpt":{"rendered":"<p>Presentaci\u00f3 de la confer\u00e8ncia inaugural del Curs 2018-19, a la Biblioteca Lambert Mata de Ripoll,a c\u00e0rrec de Jaume Vilarrub\u00ed.<\/p>\n","protected":false},"author":1,"featured_media":9004,"comment_status":"closed","ping_status":"closed","sticky":false,"template":"","format":"standard","meta":{"_bbp_topic_count":0,"_bbp_reply_count":0,"_bbp_total_topic_count":0,"_bbp_total_reply_count":0,"_bbp_voice_count":0,"_bbp_anonymous_reply_count":0,"_bbp_topic_count_hidden":0,"_bbp_reply_count_hidden":0,"_bbp_forum_subforum_count":0,"site-sidebar-layout":"default","site-content-layout":"","ast-site-content-layout":"","site-content-style":"default","site-sidebar-style":"default","ast-global-header-display":"","ast-banner-title-visibility":"","ast-main-header-display":"","ast-hfb-above-header-display":"","ast-hfb-below-header-display":"","ast-hfb-mobile-header-display":"","site-post-title":"","ast-breadcrumbs-content":"","ast-featured-img":"","footer-sml-layout":"","theme-transparent-header-meta":"","adv-header-id-meta":"","stick-header-meta":"","header-above-stick-meta":"","header-main-stick-meta":"","header-below-stick-meta":"","astra-migrate-meta-layouts":"default","ast-page-background-enabled":"default","ast-page-background-meta":{"desktop":{"background-color":"var(--ast-global-color-4)","background-image":"","background-repeat":"repeat","background-position":"center center","background-size":"auto","background-attachment":"scroll","background-type":"","background-media":"","overlay-type":"","overlay-color":"","overlay-opacity":"","overlay-gradient":""},"tablet":{"background-color":"","background-image":"","background-repeat":"repeat","background-position":"center center","background-size":"auto","background-attachment":"scroll","background-type":"","background-media":"","overlay-type":"","overlay-color":"","overlay-opacity":"","overlay-gradient":""},"mobile":{"background-color":"","background-image":"","background-repeat":"repeat","background-position":"center center","background-size":"auto","background-attachment":"scroll","background-type":"","background-media":"","overlay-type":"","overlay-color":"","overlay-opacity":"","overlay-gradient":""}},"ast-content-background-meta":{"desktop":{"background-color":"var(--ast-global-color-5)","background-image":"","background-repeat":"repeat","background-position":"center center","background-size":"auto","background-attachment":"scroll","background-type":"","background-media":"","overlay-type":"","overlay-color":"","overlay-opacity":"","overlay-gradient":""},"tablet":{"background-color":"var(--ast-global-color-5)","background-image":"","background-repeat":"repeat","background-position":"center center","background-size":"auto","background-attachment":"scroll","background-type":"","background-media":"","overlay-type":"","overlay-color":"","overlay-opacity":"","overlay-gradient":""},"mobile":{"background-color":"var(--ast-global-color-5)","background-image":"","background-repeat":"repeat","background-position":"center center","background-size":"auto","background-attachment":"scroll","background-type":"","background-media":"","overlay-type":"","overlay-color":"","overlay-opacity":"","overlay-gradient":""}},"footnotes":""},"categories":[81,1,82,29],"tags":[287,320,340,362,355],"class_list":["post-8964","post","type-post","status-publish","format-standard","has-post-thumbnail","hentry","category-biblioteca-escolar","category-general","category-maletes-pedagogiques","category-portada","tag-biblioteca","tag-biblioteca-lambert-mata","tag-comic","tag-llibres-a-la-maleta","tag-novela-grafica"],"post_mailing_queue_ids":[],"_links":{"self":[{"href":"https:\/\/serveiseducatius.xtec.cat\/ripolles\/wp-json\/wp\/v2\/posts\/8964","targetHints":{"allow":["GET"]}}],"collection":[{"href":"https:\/\/serveiseducatius.xtec.cat\/ripolles\/wp-json\/wp\/v2\/posts"}],"about":[{"href":"https:\/\/serveiseducatius.xtec.cat\/ripolles\/wp-json\/wp\/v2\/types\/post"}],"author":[{"embeddable":true,"href":"https:\/\/serveiseducatius.xtec.cat\/ripolles\/wp-json\/wp\/v2\/users\/1"}],"replies":[{"embeddable":true,"href":"https:\/\/serveiseducatius.xtec.cat\/ripolles\/wp-json\/wp\/v2\/comments?post=8964"}],"version-history":[{"count":4,"href":"https:\/\/serveiseducatius.xtec.cat\/ripolles\/wp-json\/wp\/v2\/posts\/8964\/revisions"}],"predecessor-version":[{"id":9041,"href":"https:\/\/serveiseducatius.xtec.cat\/ripolles\/wp-json\/wp\/v2\/posts\/8964\/revisions\/9041"}],"wp:featuredmedia":[{"embeddable":true,"href":"https:\/\/serveiseducatius.xtec.cat\/ripolles\/wp-json\/wp\/v2\/media\/9004"}],"wp:attachment":[{"href":"https:\/\/serveiseducatius.xtec.cat\/ripolles\/wp-json\/wp\/v2\/media?parent=8964"}],"wp:term":[{"taxonomy":"category","embeddable":true,"href":"https:\/\/serveiseducatius.xtec.cat\/ripolles\/wp-json\/wp\/v2\/categories?post=8964"},{"taxonomy":"post_tag","embeddable":true,"href":"https:\/\/serveiseducatius.xtec.cat\/ripolles\/wp-json\/wp\/v2\/tags?post=8964"}],"curies":[{"name":"wp","href":"https:\/\/api.w.org\/{rel}","templated":true}]}}