{"id":8764,"date":"2018-09-10T11:16:40","date_gmt":"2018-09-10T09:16:40","guid":{"rendered":"http:\/\/serveiseducatius.xtec.cat\/ripolles\/?p=8764"},"modified":"2018-09-10T11:17:48","modified_gmt":"2018-09-10T09:17:48","slug":"inscripcio-apadrinem-el-nostre-patrimoni","status":"publish","type":"post","link":"https:\/\/serveiseducatius.xtec.cat\/ripolles\/general\/inscripcio-apadrinem-el-nostre-patrimoni\/","title":{"rendered":"Inscripci\u00f3 &#8211; Apadrinem el nostre patrimoni"},"content":{"rendered":"<p>El Programa es basa en la idea de l\u2019apadrinament d\u2019un element patrimonial per part del centre educatiu, la qual cosa comporta donar-li valor i aprofundir en el seu coneixement des del punt de vista cultural i, alhora, fer que aquest coneixement sigui socialment rellevant, \u00e9s a dir, que arribi a la pr\u00f2pia comunitat i a l\u2019entorn de l\u2019escola.<\/p>\n<p>Els projectes d\u2019apadrinament\u00a0<strong>promouen la dimensi\u00f3 significativa, comunicativa, d\u2019acci\u00f3 i de projecci\u00f3 de l\u2019aprenentatge<\/strong>. Aquestes quatre dimensions<strong>permeten situar l\u2019alumne com a subjecte actiu del seu aprenentatge<\/strong>, promovent la seva implicaci\u00f3 en el territori i la societat a trav\u00e9s d\u2019un concepte de ciutadania cr\u00edtica i responsable.<\/p>\n<p>Els\u00a0<strong>objectius<\/strong>\u00a0del Programa d\u2019Apadrinem el nostre patrimoni s\u00f3n els seg\u00fcents:<\/p>\n<ul>\n<li>Afavorir la implicaci\u00f3 de l\u2019alumnat a partir d\u2019una proposta did\u00e0ctica dissenyada amb els criteris de significativitat, comunicaci\u00f3, acci\u00f3 i projecci\u00f3 del model competencial orientador.<\/li>\n<li>Promoure el coneixement del patrimoni m\u00e9s proper al centre educatiu.<\/li>\n<li>Projectar el coneixement adquirit per l\u2019alumnat sobre l\u2019element patrimonial a la pr\u00f2pia comunitat i a l\u2019entorn.<\/li>\n<\/ul>\n<p><a href=\"http:\/\/educacio.gencat.cat\/portal\/page\/portal\/EducacioIntranet\/Inici\/PortalCentres\/pcInnovacioPedagogica\/Detall?p_proc=92962\">Per a m\u00e9s informaci\u00f3\u00a0<\/a><\/p>\n<p>&nbsp;<\/p>\n<p>&nbsp;<\/p>\n<p>&nbsp;<\/p>\n<ul>\n<li><strong>Termini per presentar la sol\u00b7licitud:\u00a0<\/strong><strong>del 6 de setembre al 15 d&#8217;octubre de 2018<\/strong><\/li>\n<\/ul>\n","protected":false},"excerpt":{"rendered":"<p>El Programa es basa en la idea de l\u2019apadrinament d\u2019un element patrimonial per part del centre educatiu, la qual cosa [&hellip;]<\/p>\n","protected":false},"author":1,"featured_media":8765,"comment_status":"open","ping_status":"closed","sticky":false,"template":"","format":"standard","meta":{"_bbp_topic_count":0,"_bbp_reply_count":0,"_bbp_total_topic_count":0,"_bbp_total_reply_count":0,"_bbp_voice_count":0,"_bbp_anonymous_reply_count":0,"_bbp_topic_count_hidden":0,"_bbp_reply_count_hidden":0,"_bbp_forum_subforum_count":0,"site-sidebar-layout":"default","site-content-layout":"","ast-site-content-layout":"","site-content-style":"default","site-sidebar-style":"default","ast-global-header-display":"","ast-banner-title-visibility":"","ast-main-header-display":"","ast-hfb-above-header-display":"","ast-hfb-below-header-display":"","ast-hfb-mobile-header-display":"","site-post-title":"","ast-breadcrumbs-content":"","ast-featured-img":"","footer-sml-layout":"","theme-transparent-header-meta":"","adv-header-id-meta":"","stick-header-meta":"","header-above-stick-meta":"","header-main-stick-meta":"","header-below-stick-meta":"","astra-migrate-meta-layouts":"default","ast-page-background-enabled":"default","ast-page-background-meta":{"desktop":{"background-color":"var(--ast-global-color-4)","background-image":"","background-repeat":"repeat","background-position":"center center","background-size":"auto","background-attachment":"scroll","background-type":"","background-media":"","overlay-type":"","overlay-color":"","overlay-opacity":"","overlay-gradient":""},"tablet":{"background-color":"","background-image":"","background-repeat":"repeat","background-position":"center center","background-size":"auto","background-attachment":"scroll","background-type":"","background-media":"","overlay-type":"","overlay-color":"","overlay-opacity":"","overlay-gradient":""},"mobile":{"background-color":"","background-image":"","background-repeat":"repeat","background-position":"center center","background-size":"auto","background-attachment":"scroll","background-type":"","background-media":"","overlay-type":"","overlay-color":"","overlay-opacity":"","overlay-gradient":""}},"ast-content-background-meta":{"desktop":{"background-color":"var(--ast-global-color-5)","background-image":"","background-repeat":"repeat","background-position":"center center","background-size":"auto","background-attachment":"scroll","background-type":"","background-media":"","overlay-type":"","overlay-color":"","overlay-opacity":"","overlay-gradient":""},"tablet":{"background-color":"var(--ast-global-color-5)","background-image":"","background-repeat":"repeat","background-position":"center center","background-size":"auto","background-attachment":"scroll","background-type":"","background-media":"","overlay-type":"","overlay-color":"","overlay-opacity":"","overlay-gradient":""},"mobile":{"background-color":"var(--ast-global-color-5)","background-image":"","background-repeat":"repeat","background-position":"center center","background-size":"auto","background-attachment":"scroll","background-type":"","background-media":"","overlay-type":"","overlay-color":"","overlay-opacity":"","overlay-gradient":""}},"footnotes":""},"categories":[79,1,29],"tags":[349,346,350],"class_list":["post-8764","post","type-post","status-publish","format-standard","has-post-thumbnail","hentry","category-apadriem-el-nostre-patrimoni","category-general","category-portada","tag-apadrinem","tag-departament","tag-programa-innovacio-educativa"],"post_mailing_queue_ids":[],"_links":{"self":[{"href":"https:\/\/serveiseducatius.xtec.cat\/ripolles\/wp-json\/wp\/v2\/posts\/8764","targetHints":{"allow":["GET"]}}],"collection":[{"href":"https:\/\/serveiseducatius.xtec.cat\/ripolles\/wp-json\/wp\/v2\/posts"}],"about":[{"href":"https:\/\/serveiseducatius.xtec.cat\/ripolles\/wp-json\/wp\/v2\/types\/post"}],"author":[{"embeddable":true,"href":"https:\/\/serveiseducatius.xtec.cat\/ripolles\/wp-json\/wp\/v2\/users\/1"}],"replies":[{"embeddable":true,"href":"https:\/\/serveiseducatius.xtec.cat\/ripolles\/wp-json\/wp\/v2\/comments?post=8764"}],"version-history":[{"count":2,"href":"https:\/\/serveiseducatius.xtec.cat\/ripolles\/wp-json\/wp\/v2\/posts\/8764\/revisions"}],"predecessor-version":[{"id":8767,"href":"https:\/\/serveiseducatius.xtec.cat\/ripolles\/wp-json\/wp\/v2\/posts\/8764\/revisions\/8767"}],"wp:featuredmedia":[{"embeddable":true,"href":"https:\/\/serveiseducatius.xtec.cat\/ripolles\/wp-json\/wp\/v2\/media\/8765"}],"wp:attachment":[{"href":"https:\/\/serveiseducatius.xtec.cat\/ripolles\/wp-json\/wp\/v2\/media?parent=8764"}],"wp:term":[{"taxonomy":"category","embeddable":true,"href":"https:\/\/serveiseducatius.xtec.cat\/ripolles\/wp-json\/wp\/v2\/categories?post=8764"},{"taxonomy":"post_tag","embeddable":true,"href":"https:\/\/serveiseducatius.xtec.cat\/ripolles\/wp-json\/wp\/v2\/tags?post=8764"}],"curies":[{"name":"wp","href":"https:\/\/api.w.org\/{rel}","templated":true}]}}