{"id":16197,"date":"2025-11-14T13:41:39","date_gmt":"2025-11-14T12:41:39","guid":{"rendered":"https:\/\/serveiseducatius.xtec.cat\/ripolles\/?p=16197"},"modified":"2025-11-20T08:53:28","modified_gmt":"2025-11-20T07:53:28","slug":"xxi-jornada-esportiva-del-ripolles-esport-convivencia-i-valors","status":"publish","type":"post","link":"https:\/\/serveiseducatius.xtec.cat\/ripolles\/general\/xxi-jornada-esportiva-del-ripolles-esport-convivencia-i-valors\/","title":{"rendered":"XXI Jornada Esportiva del Ripoll\u00e8s: esport, conviv\u00e8ncia i valors"},"content":{"rendered":"\n<p class=\"has-medium-font-size\">Aquesta setmana  s\u2019ha celebrat a Ripoll la <strong>XXI Jornada Esportiva del Ripoll\u00e8s<\/strong>, una jornada que ha reunit prop de <strong>200 alumnes de 6\u00e8 de prim\u00e0ria<\/strong> de les escoles de  la comarca per gaudir d\u2019un mat\u00ed d\u2019<strong>esport, conviv\u00e8ncia i treball en equip<\/strong>.<\/p>\n\n\n\n<p class=\"has-medium-font-size\">L\u2019activitat ha estat organitzada pel <strong>seminari de mestres d\u2019Educaci\u00f3 F\u00edsica i el  Servei Educatiu del Ripoll\u00e8s<\/strong> i, com a gran novetat d\u2019aquesta edici\u00f3, ha comptat amb el suport dels <strong>docents i estudiants del grau de CAFE-MEP de la Universitat de Vic &#8211; Universitat Central de Catalunya (UVic-UCC)<\/strong>, que han dinamitzat les <strong>11 estacions d\u2019esports i jocs no competitius<\/strong>.<\/p>\n\n\n\n<p class=\"has-medium-font-size\">L&#8217;alumnat  tamb\u00e9 ha pogut gaudir d\u2019una <strong>xerrada motivadora amb el triatleta ripoll\u00e8s Marc Gu\u00e0rdia<\/strong>, que ha compartit la seva experi\u00e8ncia esportiva i ha transm\u00e8s valors com <strong>l\u2019esfor\u00e7, la superaci\u00f3 personal i la import\u00e0ncia de participar i donar el millor de tu mateix<\/strong>, m\u00e9s enll\u00e0 dels resultats.<\/p>\n\n\n\n<div class=\"wp-block-getwid-images-slider has-arrows-inside has-dots-inside has-images-center has-cropped-images\"><div class=\"wp-block-getwid-images-slider__wrapper\" data-effect=\"slide\" data-slides-show=\"1\" data-slides-show-laptop=\"1\" data-slides-show-tablet=\"1\" data-slides-show-mobile=\"1\" data-slides-scroll=\"1\" data-autoplay=\"false\" data-pause-hover=\"false\" data-autoplay-speed=\"6000\" data-infinite=\"true\" data-animation-speed=\"800\" data-center-mode=\"false\" data-variable-width=\"false\" data-arrows=\"inside\" data-dots=\"inside\" data-spacing=\"none\"><div class=\"wp-block-getwid-images-slider__item\"><figure><img loading=\"lazy\" decoding=\"async\" width=\"2560\" height=\"1920\" src=\"https:\/\/serveiseducatius.xtec.cat\/ripolles\/wp-content\/uploads\/usu1150\/2025\/11\/20251111_101617-scaled.jpg\" data-id=\"16241\" data-link=\"https:\/\/serveiseducatius.xtec.cat\/ripolles\/general\/xxi-jornada-esportiva-del-ripolles-esport-convivencia-i-valors\/attachment\/20251111_101617\/\" data-original-link=\"https:\/\/serveiseducatius.xtec.cat\/ripolles\/wp-content\/uploads\/usu1150\/2025\/11\/20251111_101617-scaled.jpg\" class=\"wp-block-getwid-images-slider__image wp-image-16241\" srcset=\"https:\/\/serveiseducatius.xtec.cat\/ripolles\/wp-content\/uploads\/usu1150\/2025\/11\/20251111_101617-scaled.jpg 2560w, https:\/\/serveiseducatius.xtec.cat\/ripolles\/wp-content\/uploads\/usu1150\/2025\/11\/20251111_101617-300x225.jpg 300w, https:\/\/serveiseducatius.xtec.cat\/ripolles\/wp-content\/uploads\/usu1150\/2025\/11\/20251111_101617-1024x768.jpg 1024w, https:\/\/serveiseducatius.xtec.cat\/ripolles\/wp-content\/uploads\/usu1150\/2025\/11\/20251111_101617-768x576.jpg 768w, https:\/\/serveiseducatius.xtec.cat\/ripolles\/wp-content\/uploads\/usu1150\/2025\/11\/20251111_101617-1536x1152.jpg 1536w, https:\/\/serveiseducatius.xtec.cat\/ripolles\/wp-content\/uploads\/usu1150\/2025\/11\/20251111_101617-2048x1536.jpg 2048w\" sizes=\"auto, (max-width: 2560px) 100vw, 2560px\" \/><\/figure><\/div><div class=\"wp-block-getwid-images-slider__item\"><figure><img loading=\"lazy\" decoding=\"async\" width=\"2560\" height=\"1920\" src=\"https:\/\/serveiseducatius.xtec.cat\/ripolles\/wp-content\/uploads\/usu1150\/2025\/11\/20251111_101641-scaled.jpg\" data-id=\"16240\" data-link=\"https:\/\/serveiseducatius.xtec.cat\/ripolles\/general\/xxi-jornada-esportiva-del-ripolles-esport-convivencia-i-valors\/attachment\/20251111_101641\/\" data-original-link=\"https:\/\/serveiseducatius.xtec.cat\/ripolles\/wp-content\/uploads\/usu1150\/2025\/11\/20251111_101641-scaled.jpg\" class=\"wp-block-getwid-images-slider__image wp-image-16240\" srcset=\"https:\/\/serveiseducatius.xtec.cat\/ripolles\/wp-content\/uploads\/usu1150\/2025\/11\/20251111_101641-scaled.jpg 2560w, https:\/\/serveiseducatius.xtec.cat\/ripolles\/wp-content\/uploads\/usu1150\/2025\/11\/20251111_101641-300x225.jpg 300w, https:\/\/serveiseducatius.xtec.cat\/ripolles\/wp-content\/uploads\/usu1150\/2025\/11\/20251111_101641-1024x768.jpg 1024w, https:\/\/serveiseducatius.xtec.cat\/ripolles\/wp-content\/uploads\/usu1150\/2025\/11\/20251111_101641-768x576.jpg 768w, https:\/\/serveiseducatius.xtec.cat\/ripolles\/wp-content\/uploads\/usu1150\/2025\/11\/20251111_101641-1536x1152.jpg 1536w, https:\/\/serveiseducatius.xtec.cat\/ripolles\/wp-content\/uploads\/usu1150\/2025\/11\/20251111_101641-2048x1536.jpg 2048w\" sizes=\"auto, (max-width: 2560px) 100vw, 2560px\" \/><\/figure><\/div><div class=\"wp-block-getwid-images-slider__item\"><figure><img loading=\"lazy\" decoding=\"async\" width=\"2560\" height=\"1183\" src=\"https:\/\/serveiseducatius.xtec.cat\/ripolles\/wp-content\/uploads\/usu1150\/2025\/11\/20251111_102018-1-scaled.jpg\" data-id=\"16235\" data-link=\"https:\/\/serveiseducatius.xtec.cat\/ripolles\/general\/xxi-jornada-esportiva-del-ripolles-esport-convivencia-i-valors\/attachment\/20251111_102018-2\/\" data-original-link=\"https:\/\/serveiseducatius.xtec.cat\/ripolles\/wp-content\/uploads\/usu1150\/2025\/11\/20251111_102018-1-scaled.jpg\" class=\"wp-block-getwid-images-slider__image wp-image-16235\" srcset=\"https:\/\/serveiseducatius.xtec.cat\/ripolles\/wp-content\/uploads\/usu1150\/2025\/11\/20251111_102018-1-scaled.jpg 2560w, https:\/\/serveiseducatius.xtec.cat\/ripolles\/wp-content\/uploads\/usu1150\/2025\/11\/20251111_102018-1-300x139.jpg 300w, https:\/\/serveiseducatius.xtec.cat\/ripolles\/wp-content\/uploads\/usu1150\/2025\/11\/20251111_102018-1-1024x473.jpg 1024w, https:\/\/serveiseducatius.xtec.cat\/ripolles\/wp-content\/uploads\/usu1150\/2025\/11\/20251111_102018-1-768x355.jpg 768w, https:\/\/serveiseducatius.xtec.cat\/ripolles\/wp-content\/uploads\/usu1150\/2025\/11\/20251111_102018-1-1536x710.jpg 1536w, https:\/\/serveiseducatius.xtec.cat\/ripolles\/wp-content\/uploads\/usu1150\/2025\/11\/20251111_102018-1-2048x946.jpg 2048w\" sizes=\"auto, (max-width: 2560px) 100vw, 2560px\" \/><\/figure><\/div><div class=\"wp-block-getwid-images-slider__item\"><figure><img loading=\"lazy\" decoding=\"async\" width=\"2560\" height=\"1920\" src=\"https:\/\/serveiseducatius.xtec.cat\/ripolles\/wp-content\/uploads\/usu1150\/2025\/11\/20251111_103219-scaled.jpg\" data-id=\"16238\" data-link=\"https:\/\/serveiseducatius.xtec.cat\/ripolles\/general\/xxi-jornada-esportiva-del-ripolles-esport-convivencia-i-valors\/attachment\/20251111_103219\/\" data-original-link=\"https:\/\/serveiseducatius.xtec.cat\/ripolles\/wp-content\/uploads\/usu1150\/2025\/11\/20251111_103219-scaled.jpg\" class=\"wp-block-getwid-images-slider__image wp-image-16238\" srcset=\"https:\/\/serveiseducatius.xtec.cat\/ripolles\/wp-content\/uploads\/usu1150\/2025\/11\/20251111_103219-scaled.jpg 2560w, https:\/\/serveiseducatius.xtec.cat\/ripolles\/wp-content\/uploads\/usu1150\/2025\/11\/20251111_103219-300x225.jpg 300w, https:\/\/serveiseducatius.xtec.cat\/ripolles\/wp-content\/uploads\/usu1150\/2025\/11\/20251111_103219-1024x768.jpg 1024w, https:\/\/serveiseducatius.xtec.cat\/ripolles\/wp-content\/uploads\/usu1150\/2025\/11\/20251111_103219-768x576.jpg 768w, https:\/\/serveiseducatius.xtec.cat\/ripolles\/wp-content\/uploads\/usu1150\/2025\/11\/20251111_103219-1536x1152.jpg 1536w, https:\/\/serveiseducatius.xtec.cat\/ripolles\/wp-content\/uploads\/usu1150\/2025\/11\/20251111_103219-2048x1536.jpg 2048w\" sizes=\"auto, (max-width: 2560px) 100vw, 2560px\" \/><\/figure><\/div><div class=\"wp-block-getwid-images-slider__item\"><figure><img loading=\"lazy\" decoding=\"async\" width=\"2560\" height=\"1920\" src=\"https:\/\/serveiseducatius.xtec.cat\/ripolles\/wp-content\/uploads\/usu1150\/2025\/11\/20251111_103411-scaled.jpg\" data-id=\"16245\" data-link=\"https:\/\/serveiseducatius.xtec.cat\/ripolles\/general\/xxi-jornada-esportiva-del-ripolles-esport-convivencia-i-valors\/attachment\/20251111_103411\/\" data-original-link=\"https:\/\/serveiseducatius.xtec.cat\/ripolles\/wp-content\/uploads\/usu1150\/2025\/11\/20251111_103411-scaled.jpg\" class=\"wp-block-getwid-images-slider__image wp-image-16245\" srcset=\"https:\/\/serveiseducatius.xtec.cat\/ripolles\/wp-content\/uploads\/usu1150\/2025\/11\/20251111_103411-scaled.jpg 2560w, https:\/\/serveiseducatius.xtec.cat\/ripolles\/wp-content\/uploads\/usu1150\/2025\/11\/20251111_103411-300x225.jpg 300w, https:\/\/serveiseducatius.xtec.cat\/ripolles\/wp-content\/uploads\/usu1150\/2025\/11\/20251111_103411-1024x768.jpg 1024w, https:\/\/serveiseducatius.xtec.cat\/ripolles\/wp-content\/uploads\/usu1150\/2025\/11\/20251111_103411-768x576.jpg 768w, https:\/\/serveiseducatius.xtec.cat\/ripolles\/wp-content\/uploads\/usu1150\/2025\/11\/20251111_103411-1536x1152.jpg 1536w, https:\/\/serveiseducatius.xtec.cat\/ripolles\/wp-content\/uploads\/usu1150\/2025\/11\/20251111_103411-2048x1536.jpg 2048w\" sizes=\"auto, (max-width: 2560px) 100vw, 2560px\" \/><\/figure><\/div><div class=\"wp-block-getwid-images-slider__item\"><figure><img loading=\"lazy\" decoding=\"async\" width=\"2560\" height=\"1920\" src=\"https:\/\/serveiseducatius.xtec.cat\/ripolles\/wp-content\/uploads\/usu1150\/2025\/11\/20251111_105129-scaled.jpg\" data-id=\"16243\" data-link=\"https:\/\/serveiseducatius.xtec.cat\/ripolles\/general\/xxi-jornada-esportiva-del-ripolles-esport-convivencia-i-valors\/attachment\/20251111_105129\/\" data-original-link=\"https:\/\/serveiseducatius.xtec.cat\/ripolles\/wp-content\/uploads\/usu1150\/2025\/11\/20251111_105129-scaled.jpg\" class=\"wp-block-getwid-images-slider__image wp-image-16243\" srcset=\"https:\/\/serveiseducatius.xtec.cat\/ripolles\/wp-content\/uploads\/usu1150\/2025\/11\/20251111_105129-scaled.jpg 2560w, https:\/\/serveiseducatius.xtec.cat\/ripolles\/wp-content\/uploads\/usu1150\/2025\/11\/20251111_105129-300x225.jpg 300w, https:\/\/serveiseducatius.xtec.cat\/ripolles\/wp-content\/uploads\/usu1150\/2025\/11\/20251111_105129-1024x768.jpg 1024w, https:\/\/serveiseducatius.xtec.cat\/ripolles\/wp-content\/uploads\/usu1150\/2025\/11\/20251111_105129-768x576.jpg 768w, https:\/\/serveiseducatius.xtec.cat\/ripolles\/wp-content\/uploads\/usu1150\/2025\/11\/20251111_105129-1536x1152.jpg 1536w, https:\/\/serveiseducatius.xtec.cat\/ripolles\/wp-content\/uploads\/usu1150\/2025\/11\/20251111_105129-2048x1536.jpg 2048w\" sizes=\"auto, (max-width: 2560px) 100vw, 2560px\" \/><\/figure><\/div><div class=\"wp-block-getwid-images-slider__item\"><figure><img loading=\"lazy\" decoding=\"async\" width=\"2560\" height=\"1920\" src=\"https:\/\/serveiseducatius.xtec.cat\/ripolles\/wp-content\/uploads\/usu1150\/2025\/11\/20251111_112434-scaled.jpg\" data-id=\"16242\" data-link=\"https:\/\/serveiseducatius.xtec.cat\/ripolles\/general\/xxi-jornada-esportiva-del-ripolles-esport-convivencia-i-valors\/attachment\/20251111_112434\/\" data-original-link=\"https:\/\/serveiseducatius.xtec.cat\/ripolles\/wp-content\/uploads\/usu1150\/2025\/11\/20251111_112434-scaled.jpg\" class=\"wp-block-getwid-images-slider__image wp-image-16242\" srcset=\"https:\/\/serveiseducatius.xtec.cat\/ripolles\/wp-content\/uploads\/usu1150\/2025\/11\/20251111_112434-scaled.jpg 2560w, https:\/\/serveiseducatius.xtec.cat\/ripolles\/wp-content\/uploads\/usu1150\/2025\/11\/20251111_112434-300x225.jpg 300w, https:\/\/serveiseducatius.xtec.cat\/ripolles\/wp-content\/uploads\/usu1150\/2025\/11\/20251111_112434-1024x768.jpg 1024w, https:\/\/serveiseducatius.xtec.cat\/ripolles\/wp-content\/uploads\/usu1150\/2025\/11\/20251111_112434-768x576.jpg 768w, https:\/\/serveiseducatius.xtec.cat\/ripolles\/wp-content\/uploads\/usu1150\/2025\/11\/20251111_112434-1536x1152.jpg 1536w, https:\/\/serveiseducatius.xtec.cat\/ripolles\/wp-content\/uploads\/usu1150\/2025\/11\/20251111_112434-2048x1536.jpg 2048w\" sizes=\"auto, (max-width: 2560px) 100vw, 2560px\" \/><\/figure><\/div><div class=\"wp-block-getwid-images-slider__item\"><figure><img loading=\"lazy\" decoding=\"async\" width=\"2560\" height=\"1920\" src=\"https:\/\/serveiseducatius.xtec.cat\/ripolles\/wp-content\/uploads\/usu1150\/2025\/11\/20251111_121641-scaled.jpg\" data-id=\"16244\" data-link=\"https:\/\/serveiseducatius.xtec.cat\/ripolles\/general\/xxi-jornada-esportiva-del-ripolles-esport-convivencia-i-valors\/attachment\/20251111_121641\/\" data-original-link=\"https:\/\/serveiseducatius.xtec.cat\/ripolles\/wp-content\/uploads\/usu1150\/2025\/11\/20251111_121641-scaled.jpg\" class=\"wp-block-getwid-images-slider__image wp-image-16244\" srcset=\"https:\/\/serveiseducatius.xtec.cat\/ripolles\/wp-content\/uploads\/usu1150\/2025\/11\/20251111_121641-scaled.jpg 2560w, https:\/\/serveiseducatius.xtec.cat\/ripolles\/wp-content\/uploads\/usu1150\/2025\/11\/20251111_121641-300x225.jpg 300w, https:\/\/serveiseducatius.xtec.cat\/ripolles\/wp-content\/uploads\/usu1150\/2025\/11\/20251111_121641-1024x768.jpg 1024w, https:\/\/serveiseducatius.xtec.cat\/ripolles\/wp-content\/uploads\/usu1150\/2025\/11\/20251111_121641-768x576.jpg 768w, https:\/\/serveiseducatius.xtec.cat\/ripolles\/wp-content\/uploads\/usu1150\/2025\/11\/20251111_121641-1536x1152.jpg 1536w, https:\/\/serveiseducatius.xtec.cat\/ripolles\/wp-content\/uploads\/usu1150\/2025\/11\/20251111_121641-2048x1536.jpg 2048w\" sizes=\"auto, (max-width: 2560px) 100vw, 2560px\" \/><\/figure><\/div><div class=\"wp-block-getwid-images-slider__item\"><figure><img loading=\"lazy\" decoding=\"async\" width=\"2560\" height=\"1920\" src=\"https:\/\/serveiseducatius.xtec.cat\/ripolles\/wp-content\/uploads\/usu1150\/2025\/11\/20251111_143531-scaled.jpg\" data-id=\"16237\" data-link=\"https:\/\/serveiseducatius.xtec.cat\/ripolles\/general\/xxi-jornada-esportiva-del-ripolles-esport-convivencia-i-valors\/attachment\/20251111_143531\/\" data-original-link=\"https:\/\/serveiseducatius.xtec.cat\/ripolles\/wp-content\/uploads\/usu1150\/2025\/11\/20251111_143531-scaled.jpg\" class=\"wp-block-getwid-images-slider__image wp-image-16237\" srcset=\"https:\/\/serveiseducatius.xtec.cat\/ripolles\/wp-content\/uploads\/usu1150\/2025\/11\/20251111_143531-scaled.jpg 2560w, https:\/\/serveiseducatius.xtec.cat\/ripolles\/wp-content\/uploads\/usu1150\/2025\/11\/20251111_143531-300x225.jpg 300w, https:\/\/serveiseducatius.xtec.cat\/ripolles\/wp-content\/uploads\/usu1150\/2025\/11\/20251111_143531-1024x768.jpg 1024w, https:\/\/serveiseducatius.xtec.cat\/ripolles\/wp-content\/uploads\/usu1150\/2025\/11\/20251111_143531-768x576.jpg 768w, https:\/\/serveiseducatius.xtec.cat\/ripolles\/wp-content\/uploads\/usu1150\/2025\/11\/20251111_143531-1536x1152.jpg 1536w, https:\/\/serveiseducatius.xtec.cat\/ripolles\/wp-content\/uploads\/usu1150\/2025\/11\/20251111_143531-2048x1536.jpg 2048w\" sizes=\"auto, (max-width: 2560px) 100vw, 2560px\" \/><\/figure><\/div><div class=\"wp-block-getwid-images-slider__item\"><figure><img loading=\"lazy\" decoding=\"async\" width=\"2560\" height=\"1920\" src=\"https:\/\/serveiseducatius.xtec.cat\/ripolles\/wp-content\/uploads\/usu1150\/2025\/11\/20251111_144407-scaled.jpg\" data-id=\"16239\" data-link=\"https:\/\/serveiseducatius.xtec.cat\/ripolles\/general\/xxi-jornada-esportiva-del-ripolles-esport-convivencia-i-valors\/attachment\/20251111_144407\/\" data-original-link=\"https:\/\/serveiseducatius.xtec.cat\/ripolles\/wp-content\/uploads\/usu1150\/2025\/11\/20251111_144407-scaled.jpg\" class=\"wp-block-getwid-images-slider__image wp-image-16239\" srcset=\"https:\/\/serveiseducatius.xtec.cat\/ripolles\/wp-content\/uploads\/usu1150\/2025\/11\/20251111_144407-scaled.jpg 2560w, https:\/\/serveiseducatius.xtec.cat\/ripolles\/wp-content\/uploads\/usu1150\/2025\/11\/20251111_144407-300x225.jpg 300w, https:\/\/serveiseducatius.xtec.cat\/ripolles\/wp-content\/uploads\/usu1150\/2025\/11\/20251111_144407-1024x768.jpg 1024w, https:\/\/serveiseducatius.xtec.cat\/ripolles\/wp-content\/uploads\/usu1150\/2025\/11\/20251111_144407-768x576.jpg 768w, https:\/\/serveiseducatius.xtec.cat\/ripolles\/wp-content\/uploads\/usu1150\/2025\/11\/20251111_144407-1536x1152.jpg 1536w, https:\/\/serveiseducatius.xtec.cat\/ripolles\/wp-content\/uploads\/usu1150\/2025\/11\/20251111_144407-2048x1536.jpg 2048w\" sizes=\"auto, (max-width: 2560px) 100vw, 2560px\" \/><\/figure><\/div><div class=\"wp-block-getwid-images-slider__item\"><figure><img loading=\"lazy\" decoding=\"async\" width=\"2560\" height=\"1920\" src=\"https:\/\/serveiseducatius.xtec.cat\/ripolles\/wp-content\/uploads\/usu1150\/2025\/11\/20251111_151919-scaled.jpg\" data-id=\"16236\" data-link=\"https:\/\/serveiseducatius.xtec.cat\/ripolles\/general\/xxi-jornada-esportiva-del-ripolles-esport-convivencia-i-valors\/attachment\/20251111_151919\/\" data-original-link=\"https:\/\/serveiseducatius.xtec.cat\/ripolles\/wp-content\/uploads\/usu1150\/2025\/11\/20251111_151919-scaled.jpg\" class=\"wp-block-getwid-images-slider__image wp-image-16236\" srcset=\"https:\/\/serveiseducatius.xtec.cat\/ripolles\/wp-content\/uploads\/usu1150\/2025\/11\/20251111_151919-scaled.jpg 2560w, https:\/\/serveiseducatius.xtec.cat\/ripolles\/wp-content\/uploads\/usu1150\/2025\/11\/20251111_151919-300x225.jpg 300w, https:\/\/serveiseducatius.xtec.cat\/ripolles\/wp-content\/uploads\/usu1150\/2025\/11\/20251111_151919-1024x768.jpg 1024w, https:\/\/serveiseducatius.xtec.cat\/ripolles\/wp-content\/uploads\/usu1150\/2025\/11\/20251111_151919-768x576.jpg 768w, https:\/\/serveiseducatius.xtec.cat\/ripolles\/wp-content\/uploads\/usu1150\/2025\/11\/20251111_151919-1536x1152.jpg 1536w, https:\/\/serveiseducatius.xtec.cat\/ripolles\/wp-content\/uploads\/usu1150\/2025\/11\/20251111_151919-2048x1536.jpg 2048w\" sizes=\"auto, (max-width: 2560px) 100vw, 2560px\" \/><\/figure><\/div><\/div><\/div>\n","protected":false},"excerpt":{"rendered":"<p>Aquesta setmana s\u2019ha celebrat a Ripoll la XXI Jornada Esportiva del Ripoll\u00e8s, una jornada que ha reunit prop de 200 [&hellip;]<\/p>\n","protected":false},"author":1,"featured_media":16198,"comment_status":"closed","ping_status":"open","sticky":false,"template":"","format":"standard","meta":{"_bbp_topic_count":0,"_bbp_reply_count":0,"_bbp_total_topic_count":0,"_bbp_total_reply_count":0,"_bbp_voice_count":0,"_bbp_anonymous_reply_count":0,"_bbp_topic_count_hidden":0,"_bbp_reply_count_hidden":0,"_bbp_forum_subforum_count":0,"site-sidebar-layout":"default","site-content-layout":"","ast-site-content-layout":"default","site-content-style":"default","site-sidebar-style":"default","ast-global-header-display":"","ast-banner-title-visibility":"","ast-main-header-display":"","ast-hfb-above-header-display":"","ast-hfb-below-header-display":"","ast-hfb-mobile-header-display":"","site-post-title":"","ast-breadcrumbs-content":"","ast-featured-img":"","footer-sml-layout":"","theme-transparent-header-meta":"","adv-header-id-meta":"","stick-header-meta":"","header-above-stick-meta":"","header-main-stick-meta":"","header-below-stick-meta":"","astra-migrate-meta-layouts":"set","ast-page-background-enabled":"default","ast-page-background-meta":{"desktop":{"background-color":"var(--ast-global-color-4)","background-image":"","background-repeat":"repeat","background-position":"center center","background-size":"auto","background-attachment":"scroll","background-type":"","background-media":"","overlay-type":"","overlay-color":"","overlay-opacity":"","overlay-gradient":""},"tablet":{"background-color":"","background-image":"","background-repeat":"repeat","background-position":"center center","background-size":"auto","background-attachment":"scroll","background-type":"","background-media":"","overlay-type":"","overlay-color":"","overlay-opacity":"","overlay-gradient":""},"mobile":{"background-color":"","background-image":"","background-repeat":"repeat","background-position":"center center","background-size":"auto","background-attachment":"scroll","background-type":"","background-media":"","overlay-type":"","overlay-color":"","overlay-opacity":"","overlay-gradient":""}},"ast-content-background-meta":{"desktop":{"background-color":"var(--ast-global-color-5)","background-image":"","background-repeat":"repeat","background-position":"center center","background-size":"auto","background-attachment":"scroll","background-type":"","background-media":"","overlay-type":"","overlay-color":"","overlay-opacity":"","overlay-gradient":""},"tablet":{"background-color":"var(--ast-global-color-5)","background-image":"","background-repeat":"repeat","background-position":"center center","background-size":"auto","background-attachment":"scroll","background-type":"","background-media":"","overlay-type":"","overlay-color":"","overlay-opacity":"","overlay-gradient":""},"mobile":{"background-color":"var(--ast-global-color-5)","background-image":"","background-repeat":"repeat","background-position":"center center","background-size":"auto","background-attachment":"scroll","background-type":"","background-media":"","overlay-type":"","overlay-color":"","overlay-opacity":"","overlay-gradient":""}},"footnotes":""},"categories":[1,29,327],"tags":[],"class_list":["post-16197","post","type-post","status-publish","format-standard","has-post-thumbnail","hentry","category-general","category-portada","category-trobada-educacio-fisica"],"post_mailing_queue_ids":[],"_links":{"self":[{"href":"https:\/\/serveiseducatius.xtec.cat\/ripolles\/wp-json\/wp\/v2\/posts\/16197","targetHints":{"allow":["GET"]}}],"collection":[{"href":"https:\/\/serveiseducatius.xtec.cat\/ripolles\/wp-json\/wp\/v2\/posts"}],"about":[{"href":"https:\/\/serveiseducatius.xtec.cat\/ripolles\/wp-json\/wp\/v2\/types\/post"}],"author":[{"embeddable":true,"href":"https:\/\/serveiseducatius.xtec.cat\/ripolles\/wp-json\/wp\/v2\/users\/1"}],"replies":[{"embeddable":true,"href":"https:\/\/serveiseducatius.xtec.cat\/ripolles\/wp-json\/wp\/v2\/comments?post=16197"}],"version-history":[{"count":4,"href":"https:\/\/serveiseducatius.xtec.cat\/ripolles\/wp-json\/wp\/v2\/posts\/16197\/revisions"}],"predecessor-version":[{"id":16246,"href":"https:\/\/serveiseducatius.xtec.cat\/ripolles\/wp-json\/wp\/v2\/posts\/16197\/revisions\/16246"}],"wp:featuredmedia":[{"embeddable":true,"href":"https:\/\/serveiseducatius.xtec.cat\/ripolles\/wp-json\/wp\/v2\/media\/16198"}],"wp:attachment":[{"href":"https:\/\/serveiseducatius.xtec.cat\/ripolles\/wp-json\/wp\/v2\/media?parent=16197"}],"wp:term":[{"taxonomy":"category","embeddable":true,"href":"https:\/\/serveiseducatius.xtec.cat\/ripolles\/wp-json\/wp\/v2\/categories?post=16197"},{"taxonomy":"post_tag","embeddable":true,"href":"https:\/\/serveiseducatius.xtec.cat\/ripolles\/wp-json\/wp\/v2\/tags?post=16197"}],"curies":[{"name":"wp","href":"https:\/\/api.w.org\/{rel}","templated":true}]}}