{"id":16000,"date":"2025-09-10T14:10:31","date_gmt":"2025-09-10T12:10:31","guid":{"rendered":"https:\/\/serveiseducatius.xtec.cat\/ripolles\/?p=16000"},"modified":"2025-09-10T14:11:15","modified_gmt":"2025-09-10T12:11:15","slug":"formacio-cocobe","status":"publish","type":"post","link":"https:\/\/serveiseducatius.xtec.cat\/ripolles\/general\/formacio-cocobe\/","title":{"rendered":"Formaci\u00f3 COCOBE"},"content":{"rendered":"\n<p>Aquest curs el Departament d&#8217;Educaci\u00f3 i Formaci\u00f3 Professional torna a incidir en la import\u00e0ncia de la figura del COCOBE als centres educatius per la millora de la Conviv\u00e8ncia i el Benestar. Per aquest motiu es portar\u00e0 a terme la formaci\u00f3 COCOBE que constar\u00e0 de quatre sessions presencials i una d\u2019as\u00edncrona mitjan\u00e7ant plataforma online. Cal l&#8217;assist\u00e8ncia del COCOBE de cada centre educatiu.<\/p>\n\n\n\n<p>La&nbsp;<strong>primera sessi\u00f3<\/strong>&nbsp;es far\u00e0 a Girona de manera conjunta amb un COCOBE de cada centre educatiu de les comarques gironines. Dia&nbsp;<strong>14 de novembre de 2025 de 9.30h a 12.30h.<\/strong> En breu es concretaran els detalls d&#8217;aquesta primera sessi\u00f3.<\/p>\n\n\n\n<p>La&nbsp;<strong>segona i tercera sessi\u00f3<\/strong>&nbsp;ser\u00e0 territorialitzada, per als COCOBE del Ripoll\u00e8s,  i es far\u00e0 al Servei Educatiu del Ripoll\u00e8s.  Les dates i els detalls de les sessions es comunicaran properament.<\/p>\n\n\n\n<p>La&nbsp;<strong>quarta sessi\u00f3<\/strong>&nbsp;ser\u00e0 formaci\u00f3 as\u00edncrona a trav\u00e9s de CampusSEER + on caldr\u00e0 realitzar una tasca aut\u00f2noma. <\/p>\n\n\n\n<p>La\u00a0<strong>cinquena sessi\u00f3<\/strong>\u00a0tornar\u00e0 a fer-se a Girona el<strong> maig de 2026<\/strong> al mat\u00ed.<\/p>\n\n\n\n<p>Cal que tots els Coordinadors COCOBE s&#8217;inscriguin a l&#8217;activitat formativa del PFZ en <a href=\"https:\/\/aplicacions.gestioeducativa.gencat.cat\/ords\/pls\/soloas\/pk_for_mod_ins.p_for_detall_activitat?p_header=Llista%20d%27activitats^pk_for_mod_ins.p_for_cons_activitats?p_crp=507%26p_any=2025-2026%26p_totes=N%26p_inici=41%26p_excloure_crp_rec=T&amp;p_codi=5070451507&amp;p_curs=2025-2026&amp;p_excloure_crp_rec=T\">AQUEST ENLLA\u00c7.<\/a><\/p>\n\n\n\n<p><\/p>\n","protected":false},"excerpt":{"rendered":"<p>Aquest curs el Departament d&#8217;Educaci\u00f3 i Formaci\u00f3 Professional torna a incidir en la import\u00e0ncia de la figura del COCOBE als [&hellip;]<\/p>\n","protected":false},"author":1,"featured_media":16001,"comment_status":"closed","ping_status":"open","sticky":false,"template":"","format":"standard","meta":{"_bbp_topic_count":0,"_bbp_reply_count":0,"_bbp_total_topic_count":0,"_bbp_total_reply_count":0,"_bbp_voice_count":0,"_bbp_anonymous_reply_count":0,"_bbp_topic_count_hidden":0,"_bbp_reply_count_hidden":0,"_bbp_forum_subforum_count":0,"site-sidebar-layout":"default","site-content-layout":"","ast-site-content-layout":"default","site-content-style":"default","site-sidebar-style":"default","ast-global-header-display":"","ast-banner-title-visibility":"","ast-main-header-display":"","ast-hfb-above-header-display":"","ast-hfb-below-header-display":"","ast-hfb-mobile-header-display":"","site-post-title":"","ast-breadcrumbs-content":"","ast-featured-img":"","footer-sml-layout":"","theme-transparent-header-meta":"","adv-header-id-meta":"","stick-header-meta":"","header-above-stick-meta":"","header-main-stick-meta":"","header-below-stick-meta":"","astra-migrate-meta-layouts":"set","ast-page-background-enabled":"default","ast-page-background-meta":{"desktop":{"background-color":"var(--ast-global-color-4)","background-image":"","background-repeat":"repeat","background-position":"center center","background-size":"auto","background-attachment":"scroll","background-type":"","background-media":"","overlay-type":"","overlay-color":"","overlay-opacity":"","overlay-gradient":""},"tablet":{"background-color":"","background-image":"","background-repeat":"repeat","background-position":"center center","background-size":"auto","background-attachment":"scroll","background-type":"","background-media":"","overlay-type":"","overlay-color":"","overlay-opacity":"","overlay-gradient":""},"mobile":{"background-color":"","background-image":"","background-repeat":"repeat","background-position":"center center","background-size":"auto","background-attachment":"scroll","background-type":"","background-media":"","overlay-type":"","overlay-color":"","overlay-opacity":"","overlay-gradient":""}},"ast-content-background-meta":{"desktop":{"background-color":"var(--ast-global-color-5)","background-image":"","background-repeat":"repeat","background-position":"center center","background-size":"auto","background-attachment":"scroll","background-type":"","background-media":"","overlay-type":"","overlay-color":"","overlay-opacity":"","overlay-gradient":""},"tablet":{"background-color":"var(--ast-global-color-5)","background-image":"","background-repeat":"repeat","background-position":"center center","background-size":"auto","background-attachment":"scroll","background-type":"","background-media":"","overlay-type":"","overlay-color":"","overlay-opacity":"","overlay-gradient":""},"mobile":{"background-color":"var(--ast-global-color-5)","background-image":"","background-repeat":"repeat","background-position":"center center","background-size":"auto","background-attachment":"scroll","background-type":"","background-media":"","overlay-type":"","overlay-color":"","overlay-opacity":"","overlay-gradient":""}},"footnotes":""},"categories":[382,1,29],"tags":[],"class_list":["post-16000","post","type-post","status-publish","format-standard","has-post-thumbnail","hentry","category-formacio-stac","category-general","category-portada"],"post_mailing_queue_ids":[],"_links":{"self":[{"href":"https:\/\/serveiseducatius.xtec.cat\/ripolles\/wp-json\/wp\/v2\/posts\/16000","targetHints":{"allow":["GET"]}}],"collection":[{"href":"https:\/\/serveiseducatius.xtec.cat\/ripolles\/wp-json\/wp\/v2\/posts"}],"about":[{"href":"https:\/\/serveiseducatius.xtec.cat\/ripolles\/wp-json\/wp\/v2\/types\/post"}],"author":[{"embeddable":true,"href":"https:\/\/serveiseducatius.xtec.cat\/ripolles\/wp-json\/wp\/v2\/users\/1"}],"replies":[{"embeddable":true,"href":"https:\/\/serveiseducatius.xtec.cat\/ripolles\/wp-json\/wp\/v2\/comments?post=16000"}],"version-history":[{"count":2,"href":"https:\/\/serveiseducatius.xtec.cat\/ripolles\/wp-json\/wp\/v2\/posts\/16000\/revisions"}],"predecessor-version":[{"id":16003,"href":"https:\/\/serveiseducatius.xtec.cat\/ripolles\/wp-json\/wp\/v2\/posts\/16000\/revisions\/16003"}],"wp:featuredmedia":[{"embeddable":true,"href":"https:\/\/serveiseducatius.xtec.cat\/ripolles\/wp-json\/wp\/v2\/media\/16001"}],"wp:attachment":[{"href":"https:\/\/serveiseducatius.xtec.cat\/ripolles\/wp-json\/wp\/v2\/media?parent=16000"}],"wp:term":[{"taxonomy":"category","embeddable":true,"href":"https:\/\/serveiseducatius.xtec.cat\/ripolles\/wp-json\/wp\/v2\/categories?post=16000"},{"taxonomy":"post_tag","embeddable":true,"href":"https:\/\/serveiseducatius.xtec.cat\/ripolles\/wp-json\/wp\/v2\/tags?post=16000"}],"curies":[{"name":"wp","href":"https:\/\/api.w.org\/{rel}","templated":true}]}}