{"id":15740,"date":"2025-06-04T09:36:29","date_gmt":"2025-06-04T07:36:29","guid":{"rendered":"https:\/\/serveiseducatius.xtec.cat\/ripolles\/?p=15740"},"modified":"2025-06-30T10:06:37","modified_gmt":"2025-06-30T08:06:37","slug":"xliii-escola-destiu-del-ripolles-no-ens-toqueu-les-avaluacions","status":"publish","type":"post","link":"https:\/\/serveiseducatius.xtec.cat\/ripolles\/general\/xliii-escola-destiu-del-ripolles-no-ens-toqueu-les-avaluacions\/","title":{"rendered":"XLIII Escola d\u2019Estiu del Ripoll\u00e8s: NO ENS TOQUEU LES AVALUACIONS!"},"content":{"rendered":"\n<div class=\"wp-block-columns is-layout-flex wp-container-core-columns-is-layout-1 wp-block-columns-is-layout-flex\">\n<div class=\"wp-block-column is-layout-flow wp-block-column-is-layout-flow\" style=\"flex-basis:33.33%\">\n<figure class=\"wp-block-image size-large\"><a href=\"https:\/\/serveiseducatius.xtec.cat\/ripolles\/wp-content\/uploads\/usu1150\/2025\/06\/Copia-de-ESCOLA-DESTIU-DEL-RIPOLLES.jpg\"><img loading=\"lazy\" decoding=\"async\" width=\"819\" height=\"1024\" src=\"https:\/\/serveiseducatius.xtec.cat\/ripolles\/wp-content\/uploads\/usu1150\/2025\/06\/Copia-de-ESCOLA-DESTIU-DEL-RIPOLLES-819x1024.jpg\" alt=\"\" class=\"wp-image-15741\"\/><\/a><\/figure>\n\n\n\n<p class=\"has-large-font-size\">\ud83d\udd17 <strong>INSCRIPCIONS OBERTES:<\/strong><br>\ud83d\udc49 <a class=\"\" href=\"https:\/\/acte.cat\/project\/ee_ripolles_2025\/\">https:\/\/acte.cat\/project\/ee_ripolles_2025\/<\/a><\/p>\n<\/div>\n\n\n\n<div class=\"wp-block-column has-medium-font-size is-layout-flow wp-block-column-is-layout-flow\" style=\"flex-basis:66.66%\">\n<p class=\"has-medium-font-size\">\ud83d\udccd <strong>2 i 3 de juliol de 2025 | Ripoll<\/strong><\/p>\n\n\n\n<p>Enguany es celebra la <strong>43a edici\u00f3 de l\u2019Escola d\u2019Estiu del Ripoll\u00e8s<\/strong>, una trobada formativa i vivencial que convida el col\u00b7lectiu docent a reflexionar, compartir i transformar l\u2019educaci\u00f3 des de la pr\u00e0ctica i el comprom\u00eds amb el territori.<\/p>\n\n\n\n<p>Aquesta edici\u00f3 est\u00e0 dedicada al nostre estimat <strong>amic i company Joan Guillamet<\/strong>, referent i inspiraci\u00f3 per a molts docents del Ripoll\u00e8s.<\/p>\n\n\n\n<h3 class=\"wp-block-heading\"><strong>NO ENS TOQUEU LES AVALUACIONS!<\/strong><\/h3>\n\n\n\n<p>Amb aquest clam simb\u00f2lic, el programa posa el focus en l\u2019avaluaci\u00f3 com a eina per a l\u2019aprenentatge, el desenvolupament integral i la transformaci\u00f3 educativa. L\u2019Escola d\u2019Estiu compta amb 15 hores de formaci\u00f3 certificades (30 hores per a interins amb activitats complement\u00e0ries) i una programaci\u00f3 intensa i creativa:<\/p>\n\n\n\n<h3 class=\"wp-block-heading\"><strong>Programa<\/strong><\/h3>\n\n\n\n<p>\ud83d\udcc5 <strong>2 de juliol<\/strong><\/p>\n\n\n\n<ul class=\"wp-block-list\">\n<li><strong>19.00 h<\/strong> \u2013 <em>Cinema Teatre Comtal de Ripoll<\/em><br>\ud83c\udfac <strong>Projecci\u00f3 del documental \u201cL\u2019hora dels infants\u201d<\/strong><br><\/li>\n<\/ul>\n\n\n\n<p>\ud83d\udcc5 <strong>3 de juliol<\/strong><\/p>\n\n\n\n<ul class=\"wp-block-list\">\n<li><strong>9.00 h \u2013 11.00 h<\/strong><br>\ud83d\udcac <strong>Xerrada: &#8220;Avaluar per aprendre amb sentit&#8221;<\/strong> \u2013 <em>Merc\u00e8 Masferrer<\/em><br><\/li>\n\n\n\n<li><strong>11.30 h \u2013 13.00 h<\/strong><br>\ud83d\udee0 <strong>Din\u00e0mica: &#8220;Els instruments d\u2019avaluaci\u00f3, toquem de peus a terra&#8221;<\/strong> \u2013 <em>Merc\u00e8 Masferrer<\/em><br><\/li>\n\n\n\n<li><strong>13.00 h \u2013 14.30 h<\/strong><br>\ud83c\udf31 <strong>Comprom\u00eds d\u2019arrelament al territori: &#8220;Embolica que fa fort!&#8221;<\/strong><br><\/li>\n\n\n\n<li><strong>14.30 h \u2013 17.00 h<\/strong><br>\ud83c\udf72 <strong>Dinar-f\u00f2rum<\/strong><br><\/li>\n\n\n\n<li><strong>17.00 h \u2013 19.00 h<\/strong><br>\ud83c\udfa4 <strong>Taller de glosa: &#8220;Alegria i creativitat per transformar l\u2019escola&#8221;<\/strong><br><\/li>\n\n\n\n<li><strong>19.30 h \u2013 21.30 h<\/strong><br>\ud83d\udeb6\u200d\u2640\ufe0f <strong>Ruta per totes les e-tapes educatives<\/strong><br><\/li>\n<\/ul>\n<\/div>\n<\/div>\n\n\n\n<p><\/p>\n","protected":false},"excerpt":{"rendered":"<p>\ud83d\udd17 INSCRIPCIONS OBERTES:\ud83d\udc49 https:\/\/acte.cat\/project\/ee_ripolles_2025\/ \ud83d\udccd 2 i 3 de juliol de 2025 | Ripoll Enguany es celebra la 43a edici\u00f3 [&hellip;]<\/p>\n","protected":false},"author":1,"featured_media":15741,"comment_status":"closed","ping_status":"open","sticky":false,"template":"","format":"standard","meta":{"_bbp_topic_count":0,"_bbp_reply_count":0,"_bbp_total_topic_count":0,"_bbp_total_reply_count":0,"_bbp_voice_count":0,"_bbp_anonymous_reply_count":0,"_bbp_topic_count_hidden":0,"_bbp_reply_count_hidden":0,"_bbp_forum_subforum_count":0,"site-sidebar-layout":"default","site-content-layout":"","ast-site-content-layout":"default","site-content-style":"default","site-sidebar-style":"default","ast-global-header-display":"","ast-banner-title-visibility":"","ast-main-header-display":"","ast-hfb-above-header-display":"","ast-hfb-below-header-display":"","ast-hfb-mobile-header-display":"","site-post-title":"","ast-breadcrumbs-content":"","ast-featured-img":"","footer-sml-layout":"","theme-transparent-header-meta":"","adv-header-id-meta":"","stick-header-meta":"","header-above-stick-meta":"","header-main-stick-meta":"","header-below-stick-meta":"","astra-migrate-meta-layouts":"set","ast-page-background-enabled":"default","ast-page-background-meta":{"desktop":{"background-color":"var(--ast-global-color-4)","background-image":"","background-repeat":"repeat","background-position":"center center","background-size":"auto","background-attachment":"scroll","background-type":"","background-media":"","overlay-type":"","overlay-color":"","overlay-opacity":"","overlay-gradient":""},"tablet":{"background-color":"","background-image":"","background-repeat":"repeat","background-position":"center center","background-size":"auto","background-attachment":"scroll","background-type":"","background-media":"","overlay-type":"","overlay-color":"","overlay-opacity":"","overlay-gradient":""},"mobile":{"background-color":"","background-image":"","background-repeat":"repeat","background-position":"center center","background-size":"auto","background-attachment":"scroll","background-type":"","background-media":"","overlay-type":"","overlay-color":"","overlay-opacity":"","overlay-gradient":""}},"ast-content-background-meta":{"desktop":{"background-color":"var(--ast-global-color-5)","background-image":"","background-repeat":"repeat","background-position":"center center","background-size":"auto","background-attachment":"scroll","background-type":"","background-media":"","overlay-type":"","overlay-color":"","overlay-opacity":"","overlay-gradient":""},"tablet":{"background-color":"var(--ast-global-color-5)","background-image":"","background-repeat":"repeat","background-position":"center center","background-size":"auto","background-attachment":"scroll","background-type":"","background-media":"","overlay-type":"","overlay-color":"","overlay-opacity":"","overlay-gradient":""},"mobile":{"background-color":"var(--ast-global-color-5)","background-image":"","background-repeat":"repeat","background-position":"center center","background-size":"auto","background-attachment":"scroll","background-type":"","background-media":"","overlay-type":"","overlay-color":"","overlay-opacity":"","overlay-gradient":""}},"footnotes":""},"categories":[382,1,29],"tags":[],"class_list":["post-15740","post","type-post","status-publish","format-standard","has-post-thumbnail","hentry","category-formacio-stac","category-general","category-portada"],"post_mailing_queue_ids":[],"_links":{"self":[{"href":"https:\/\/serveiseducatius.xtec.cat\/ripolles\/wp-json\/wp\/v2\/posts\/15740","targetHints":{"allow":["GET"]}}],"collection":[{"href":"https:\/\/serveiseducatius.xtec.cat\/ripolles\/wp-json\/wp\/v2\/posts"}],"about":[{"href":"https:\/\/serveiseducatius.xtec.cat\/ripolles\/wp-json\/wp\/v2\/types\/post"}],"author":[{"embeddable":true,"href":"https:\/\/serveiseducatius.xtec.cat\/ripolles\/wp-json\/wp\/v2\/users\/1"}],"replies":[{"embeddable":true,"href":"https:\/\/serveiseducatius.xtec.cat\/ripolles\/wp-json\/wp\/v2\/comments?post=15740"}],"version-history":[{"count":2,"href":"https:\/\/serveiseducatius.xtec.cat\/ripolles\/wp-json\/wp\/v2\/posts\/15740\/revisions"}],"predecessor-version":[{"id":15771,"href":"https:\/\/serveiseducatius.xtec.cat\/ripolles\/wp-json\/wp\/v2\/posts\/15740\/revisions\/15771"}],"wp:featuredmedia":[{"embeddable":true,"href":"https:\/\/serveiseducatius.xtec.cat\/ripolles\/wp-json\/wp\/v2\/media\/15741"}],"wp:attachment":[{"href":"https:\/\/serveiseducatius.xtec.cat\/ripolles\/wp-json\/wp\/v2\/media?parent=15740"}],"wp:term":[{"taxonomy":"category","embeddable":true,"href":"https:\/\/serveiseducatius.xtec.cat\/ripolles\/wp-json\/wp\/v2\/categories?post=15740"},{"taxonomy":"post_tag","embeddable":true,"href":"https:\/\/serveiseducatius.xtec.cat\/ripolles\/wp-json\/wp\/v2\/tags?post=15740"}],"curies":[{"name":"wp","href":"https:\/\/api.w.org\/{rel}","templated":true}]}}