{"id":15673,"date":"2025-05-13T09:53:04","date_gmt":"2025-05-13T07:53:04","guid":{"rendered":"https:\/\/serveiseducatius.xtec.cat\/ripolles\/?p=15673"},"modified":"2025-05-13T09:53:04","modified_gmt":"2025-05-13T07:53:04","slug":"obertes-les-inscripcions-als-camps-i-entorns-daprenentatge-per-al-curs-2025-2026","status":"publish","type":"post","link":"https:\/\/serveiseducatius.xtec.cat\/ripolles\/general\/obertes-les-inscripcions-als-camps-i-entorns-daprenentatge-per-al-curs-2025-2026\/","title":{"rendered":"Obertes les inscripcions als Camps i Entorns d\u2019Aprenentatge per al curs 2025-2026"},"content":{"rendered":"\n<div class=\"wp-block-columns is-layout-flex wp-container-core-columns-is-layout-1 wp-block-columns-is-layout-flex\">\n<div class=\"wp-block-column is-layout-flow wp-block-column-is-layout-flow\" style=\"flex-basis:33.33%\">\n<figure class=\"wp-block-image size-full\"><a href=\"https:\/\/serveiseducatius.xtec.cat\/ripolles\/wp-content\/uploads\/usu1150\/2025\/05\/INSCRIPCIONS-CdAEdA-25-26-724x1024-1.jpg\"><img loading=\"lazy\" decoding=\"async\" width=\"724\" height=\"1024\" src=\"https:\/\/serveiseducatius.xtec.cat\/ripolles\/wp-content\/uploads\/usu1150\/2025\/05\/INSCRIPCIONS-CdAEdA-25-26-724x1024-1.jpg\" alt=\"\" class=\"wp-image-15675\" srcset=\"https:\/\/serveiseducatius.xtec.cat\/ripolles\/wp-content\/uploads\/usu1150\/2025\/05\/INSCRIPCIONS-CdAEdA-25-26-724x1024-1.jpg 724w, https:\/\/serveiseducatius.xtec.cat\/ripolles\/wp-content\/uploads\/usu1150\/2025\/05\/INSCRIPCIONS-CdAEdA-25-26-724x1024-1-212x300.jpg 212w\" sizes=\"auto, (max-width: 724px) 100vw, 724px\" \/><\/a><\/figure>\n<\/div>\n\n\n\n<div class=\"wp-block-column is-layout-flow wp-block-column-is-layout-flow\" style=\"flex-basis:66.66%\">\n<p class=\"has-medium-font-size\">Us informem que ja est\u00e0 obert el per\u00edode d\u2019inscripci\u00f3 als <strong>Camps i Entorns d\u2019Aprenentatge<\/strong> per al curs 2025-2026. Aquesta \u00e9s una gran oportunitat perqu\u00e8 l\u2019alumnat visqui experi\u00e8ncies educatives immersives en entorns reals, treballant de manera competencial i interdisciplin\u00e0ria.<\/p>\n\n\n\n<p class=\"has-medium-font-size\">\ud83d\udcc5 <strong>Calendari d\u2019inscripci\u00f3:<\/strong><\/p>\n\n\n\n<ul class=\"wp-block-list\">\n<li class=\"has-medium-font-size\"><strong>Per\u00edode ordinari de sol\u00b7licituds:<\/strong> del <strong>2 al 31 de maig de 2025<\/strong>.<\/li>\n\n\n\n<li class=\"has-medium-font-size\"><strong>Per\u00edode extraordinari de sol\u00b7licituds:<\/strong> de l\u2019<strong>1 de juny de 2025<\/strong> a l\u2019<strong>1 de juny de 2026<\/strong>.<\/li>\n\n\n\n<li class=\"has-medium-font-size\"><strong>Assignaci\u00f3 de sol\u00b7licituds:<\/strong> de l\u2019<strong>1 al 25 de juny de 2025<\/strong>.<\/li>\n\n\n\n<li class=\"has-medium-font-size\"><strong>Acceptaci\u00f3 de l\u2019assignaci\u00f3 per part del centre:<\/strong> del <strong>26 de juny de 2025<\/strong> al <strong>10 de juliol de 2026<\/strong>.<\/li>\n\n\n\n<li class=\"has-medium-font-size\"><strong>Inscripci\u00f3:<\/strong>\u00a0el centre educatiu quedar\u00e0 inscrit, nom\u00e9s, si s\u2019ha fet un bon moment 1 en acord entre el centre educatiu i el CdA\/EdA i si accepta l\u2019assignaci\u00f3.<\/li>\n<\/ul>\n\n\n\n<p class=\"has-medium-font-size\">\u2714\ufe0f <strong>Important:<\/strong><\/p>\n\n\n\n<ul class=\"wp-block-list\">\n<li><strong>Durant el curs 2025-2026 el CdA Can Santoi nom\u00e9s oferir\u00e0 la modalitat de Sortides d&#8217;un dia.\u00a0<\/strong>Si envieu una sol\u00b7licitud d\u2019estada no es podr\u00e0 tenir en compte, ni assignar. Els\u00a0<strong>CdA d&#8217;Emp\u00faries<\/strong>\u00a0i dels\u00a0<strong>Monestirs del Cister\u00a0<\/strong>oferiran\u00a0<strong>estades<\/strong>, per\u00f2\u00a0<strong>a partir del mes de mar\u00e7<\/strong>. Durant els\u00a0<strong>mesos anteriors<\/strong>\u00a0<strong>nom\u00e9s<\/strong>\u00a0s&#8217;assignaran i es duran a terme\u00a0<strong>sortides d&#8217;un dia<\/strong>.<\/li>\n\n\n\n<li>El\u00a0<strong>servei d&#8217;allotjament\u00a0<\/strong>i manutenci\u00f3 necessari per dur a terme les activitats d&#8217;aprenentatge a les estades dels centres escolars als Camps i Entorns d&#8217;Aprenentatge el proporcionen diverses entitats col\u00b7laboradores. Als seg\u00fcents camps i entorns aquest servei el proporcionen albergs de la\u00a0<strong>xarxa d&#8217;albergs de Catalunya (XANASCAT)<\/strong>: CdA dels Monestirs dels Cister; CdA del Ripoll\u00e8s; CdA del Bages; CdA de Barcelona; CdA d&#8217;Emp\u00faries; CdA Pau Casals; CdA de la Garrotxa i CdA de Tremp.<\/li>\n<\/ul>\n\n\n\n<p class=\"has-medium-font-size\"><br><\/p>\n\n\n\n<p class=\"has-medium-font-size\">Per a m\u00e9s informaci\u00f3 cliqueu el seg\u00fcent\u00a0<a href=\"https:\/\/xtec.gencat.cat\/ca\/serveis\/sesc\/cda\/\">enlla\u00e7<\/a><\/p>\n\n\n\n<ol class=\"wp-block-list\"><\/ol>\n<\/div>\n<\/div>\n","protected":false},"excerpt":{"rendered":"<p>Us informem que ja est\u00e0 obert el per\u00edode d\u2019inscripci\u00f3 als Camps i Entorns d\u2019Aprenentatge per al curs 2025-2026. Aquesta \u00e9s [&hellip;]<\/p>\n","protected":false},"author":1,"featured_media":15674,"comment_status":"closed","ping_status":"open","sticky":false,"template":"","format":"standard","meta":{"_bbp_topic_count":0,"_bbp_reply_count":0,"_bbp_total_topic_count":0,"_bbp_total_reply_count":0,"_bbp_voice_count":0,"_bbp_anonymous_reply_count":0,"_bbp_topic_count_hidden":0,"_bbp_reply_count_hidden":0,"_bbp_forum_subforum_count":0,"site-sidebar-layout":"default","site-content-layout":"","ast-site-content-layout":"default","site-content-style":"default","site-sidebar-style":"default","ast-global-header-display":"","ast-banner-title-visibility":"","ast-main-header-display":"","ast-hfb-above-header-display":"","ast-hfb-below-header-display":"","ast-hfb-mobile-header-display":"","site-post-title":"","ast-breadcrumbs-content":"","ast-featured-img":"","footer-sml-layout":"","theme-transparent-header-meta":"","adv-header-id-meta":"","stick-header-meta":"","header-above-stick-meta":"","header-main-stick-meta":"","header-below-stick-meta":"","astra-migrate-meta-layouts":"set","ast-page-background-enabled":"default","ast-page-background-meta":{"desktop":{"background-color":"var(--ast-global-color-4)","background-image":"","background-repeat":"repeat","background-position":"center center","background-size":"auto","background-attachment":"scroll","background-type":"","background-media":"","overlay-type":"","overlay-color":"","overlay-opacity":"","overlay-gradient":""},"tablet":{"background-color":"","background-image":"","background-repeat":"repeat","background-position":"center center","background-size":"auto","background-attachment":"scroll","background-type":"","background-media":"","overlay-type":"","overlay-color":"","overlay-opacity":"","overlay-gradient":""},"mobile":{"background-color":"","background-image":"","background-repeat":"repeat","background-position":"center center","background-size":"auto","background-attachment":"scroll","background-type":"","background-media":"","overlay-type":"","overlay-color":"","overlay-opacity":"","overlay-gradient":""}},"ast-content-background-meta":{"desktop":{"background-color":"var(--ast-global-color-5)","background-image":"","background-repeat":"repeat","background-position":"center center","background-size":"auto","background-attachment":"scroll","background-type":"","background-media":"","overlay-type":"","overlay-color":"","overlay-opacity":"","overlay-gradient":""},"tablet":{"background-color":"var(--ast-global-color-5)","background-image":"","background-repeat":"repeat","background-position":"center center","background-size":"auto","background-attachment":"scroll","background-type":"","background-media":"","overlay-type":"","overlay-color":"","overlay-opacity":"","overlay-gradient":""},"mobile":{"background-color":"var(--ast-global-color-5)","background-image":"","background-repeat":"repeat","background-position":"center center","background-size":"auto","background-attachment":"scroll","background-type":"","background-media":"","overlay-type":"","overlay-color":"","overlay-opacity":"","overlay-gradient":""}},"footnotes":""},"categories":[65,1,29],"tags":[],"class_list":["post-15673","post","type-post","status-publish","format-standard","has-post-thumbnail","hentry","category-crp","category-general","category-portada"],"post_mailing_queue_ids":[],"_links":{"self":[{"href":"https:\/\/serveiseducatius.xtec.cat\/ripolles\/wp-json\/wp\/v2\/posts\/15673","targetHints":{"allow":["GET"]}}],"collection":[{"href":"https:\/\/serveiseducatius.xtec.cat\/ripolles\/wp-json\/wp\/v2\/posts"}],"about":[{"href":"https:\/\/serveiseducatius.xtec.cat\/ripolles\/wp-json\/wp\/v2\/types\/post"}],"author":[{"embeddable":true,"href":"https:\/\/serveiseducatius.xtec.cat\/ripolles\/wp-json\/wp\/v2\/users\/1"}],"replies":[{"embeddable":true,"href":"https:\/\/serveiseducatius.xtec.cat\/ripolles\/wp-json\/wp\/v2\/comments?post=15673"}],"version-history":[{"count":1,"href":"https:\/\/serveiseducatius.xtec.cat\/ripolles\/wp-json\/wp\/v2\/posts\/15673\/revisions"}],"predecessor-version":[{"id":15676,"href":"https:\/\/serveiseducatius.xtec.cat\/ripolles\/wp-json\/wp\/v2\/posts\/15673\/revisions\/15676"}],"wp:featuredmedia":[{"embeddable":true,"href":"https:\/\/serveiseducatius.xtec.cat\/ripolles\/wp-json\/wp\/v2\/media\/15674"}],"wp:attachment":[{"href":"https:\/\/serveiseducatius.xtec.cat\/ripolles\/wp-json\/wp\/v2\/media?parent=15673"}],"wp:term":[{"taxonomy":"category","embeddable":true,"href":"https:\/\/serveiseducatius.xtec.cat\/ripolles\/wp-json\/wp\/v2\/categories?post=15673"},{"taxonomy":"post_tag","embeddable":true,"href":"https:\/\/serveiseducatius.xtec.cat\/ripolles\/wp-json\/wp\/v2\/tags?post=15673"}],"curies":[{"name":"wp","href":"https:\/\/api.w.org\/{rel}","templated":true}]}}