{"id":12141,"date":"2021-02-09T10:52:02","date_gmt":"2021-02-09T09:52:02","guid":{"rendered":"http:\/\/serveiseducatius.xtec.cat\/ripolles\/?p=12141"},"modified":"2022-01-20T11:21:11","modified_gmt":"2022-01-20T10:21:11","slug":"cupula-gustum-descobreix-com-qui-i-on-son-produits-els-aliments-que-menges-diariament","status":"publish","type":"post","link":"https:\/\/serveiseducatius.xtec.cat\/ripolles\/general\/cupula-gustum-descobreix-com-qui-i-on-son-produits-els-aliments-que-menges-diariament\/","title":{"rendered":"&#8220;C\u00daPULA GUSTUM&#8221;, descobreix com, qui i on s\u00f3n produ\u00efts els aliments que menges di\u00e0riament!"},"content":{"rendered":"<div class=\"col-md-12 col-sm-12 col-xs-12 no-padding-left margin-four no-margin-top text-justify\">\n<p class=\"project_detail_titular \">Us presentem una proposta pedag\u00f2gica amb l&#8217;objectiu de donar a con\u00e8ixer i valorar la producci\u00f3 agroaliment\u00e0ria de l&#8217;\u00e0mbit rural, els productes que s&#8217;hi elaboren, el paisatge que generen i quin impacte t\u00e9 el consum d&#8217;aquestes en la nostra economia i tradicions.<\/p>\n<p class=\"project_detail_titular \"><a href=\"https:\/\/www.gustum.org\/projecte\/la-cupula-gustum\/\" target=\"_blank\" rel=\"noopener noreferrer\"><img loading=\"lazy\" decoding=\"async\" class=\"wp-image-12142 alignleft\" src=\"https:\/\/serveiseducatius.xtec.cat\/ripolles\/wp-content\/uploads\/usu1150\/2021\/02\/guia-did\u00e0ctica-La-C\u00fapula-Gustum_docents-pdf-243x300.png\" alt=\"\" width=\"274\" height=\"338\" srcset=\"https:\/\/serveiseducatius.xtec.cat\/ripolles\/wp-content\/uploads\/usu1150\/2021\/02\/guia-did\u00e0ctica-La-C\u00fapula-Gustum_docents-pdf-243x300.png 243w, https:\/\/serveiseducatius.xtec.cat\/ripolles\/wp-content\/uploads\/usu1150\/2021\/02\/guia-did\u00e0ctica-La-C\u00fapula-Gustum_docents-pdf-768x947.png 768w, https:\/\/serveiseducatius.xtec.cat\/ripolles\/wp-content\/uploads\/usu1150\/2021\/02\/guia-did\u00e0ctica-La-C\u00fapula-Gustum_docents-pdf.png 778w\" sizes=\"auto, (max-width: 274px) 100vw, 274px\" \/><\/a><\/p>\n<\/div>\n<div class=\"col-md-12 col-sm-12 col-xs-12 no-padding-left desc text-justify dinamic-text\">\n<p>L\u2019alimentaci\u00f3 \u00e9s, sens dubte, una necessitat b\u00e0sica per als \u00e9ssers vius, necessiten alimentar-se per viure. Per\u00f2 per a les persones, \u00e9s quelcom m\u00e9s, \u00e9s:<\/p>\n<ul>\n<li><b>UNA Q\u00dcESTI\u00d3 CULTURAL<\/b>: produ\u00efm i elaborem el nostre menjar segons els nostres costums i tradicions, \u00edntimament lligades al lloc on vivim.<\/li>\n<\/ul>\n<ul>\n<li><b>UNA Q\u00dcESTI\u00d3 SOCIAL<\/b>: durant els \u00e0pats compartim una taula, amb altres persones compartint viv\u00e8ncies i experi\u00e8ncies.<\/li>\n<\/ul>\n<ul>\n<li><b>UNA Q\u00dcESTI\u00d3 DE SALUT<\/b>: la dieta que ingerim influeix directament sobre la nostra salut.<\/li>\n<\/ul>\n<p>La bona taula i la bona cuina, per\u00f2, s\u00f3n viables perqu\u00e8 tenim bons productes a l\u2019abast.\u00a0<b>El m\u00f3n rural t\u00e9 un paper fonamental en l\u2019alimentaci\u00f3, ja que \u00e9s on es produeixen les mat\u00e8ries primeres i on s\u2019elaboren la majoria dels aliments que ens arriben a taula. Tot plegat, un patrimoni del nostre pa\u00eds que cal fer con\u00e8ixer i valorar<\/b>.<\/p>\n<p>L\u2019Associaci\u00f3 Leader de Ponent, mitjan\u00e7ant el seu projecte Gustum, presenta aquesta activitat amb la qual vol donar a con\u00e8ixer i afavorir la producci\u00f3 agroaliment\u00e0ria de l\u2019\u00e0mbit rural, els productes que s\u2019hi elaboren, el paisatge que generen i quin impacte t\u00e9 el consum d\u2019aquests en la nostra economia i tradicions. M\u00e9s informaci\u00f3 <a href=\"https:\/\/www.gustum.org\/projecte\/la-cupula-gustum\/\" target=\"_blank\" rel=\"noopener noreferrer\">aqu\u00ed.<\/a><\/p>\n<p>&nbsp;<\/p>\n<p>&nbsp;<\/p>\n<\/div>\n","protected":false},"excerpt":{"rendered":"<p>Us presentem una proposta pedag\u00f2gica amb l&#8217;objectiu de donar a con\u00e8ixer i valorar la producci\u00f3 agroaliment\u00e0ria de l&#8217;\u00e0mbit rural, els [&hellip;]<\/p>\n","protected":false},"author":1,"featured_media":12142,"comment_status":"closed","ping_status":"closed","sticky":false,"template":"","format":"standard","meta":{"_bbp_topic_count":0,"_bbp_reply_count":0,"_bbp_total_topic_count":0,"_bbp_total_reply_count":0,"_bbp_voice_count":0,"_bbp_anonymous_reply_count":0,"_bbp_topic_count_hidden":0,"_bbp_reply_count_hidden":0,"_bbp_forum_subforum_count":0,"site-sidebar-layout":"default","site-content-layout":"","ast-site-content-layout":"","site-content-style":"default","site-sidebar-style":"default","ast-global-header-display":"","ast-banner-title-visibility":"","ast-main-header-display":"","ast-hfb-above-header-display":"","ast-hfb-below-header-display":"","ast-hfb-mobile-header-display":"","site-post-title":"","ast-breadcrumbs-content":"","ast-featured-img":"","footer-sml-layout":"","theme-transparent-header-meta":"","adv-header-id-meta":"","stick-header-meta":"","header-above-stick-meta":"","header-main-stick-meta":"","header-below-stick-meta":"","astra-migrate-meta-layouts":"default","ast-page-background-enabled":"default","ast-page-background-meta":{"desktop":{"background-color":"var(--ast-global-color-4)","background-image":"","background-repeat":"repeat","background-position":"center center","background-size":"auto","background-attachment":"scroll","background-type":"","background-media":"","overlay-type":"","overlay-color":"","overlay-opacity":"","overlay-gradient":""},"tablet":{"background-color":"","background-image":"","background-repeat":"repeat","background-position":"center center","background-size":"auto","background-attachment":"scroll","background-type":"","background-media":"","overlay-type":"","overlay-color":"","overlay-opacity":"","overlay-gradient":""},"mobile":{"background-color":"","background-image":"","background-repeat":"repeat","background-position":"center center","background-size":"auto","background-attachment":"scroll","background-type":"","background-media":"","overlay-type":"","overlay-color":"","overlay-opacity":"","overlay-gradient":""}},"ast-content-background-meta":{"desktop":{"background-color":"var(--ast-global-color-5)","background-image":"","background-repeat":"repeat","background-position":"center center","background-size":"auto","background-attachment":"scroll","background-type":"","background-media":"","overlay-type":"","overlay-color":"","overlay-opacity":"","overlay-gradient":""},"tablet":{"background-color":"var(--ast-global-color-5)","background-image":"","background-repeat":"repeat","background-position":"center center","background-size":"auto","background-attachment":"scroll","background-type":"","background-media":"","overlay-type":"","overlay-color":"","overlay-opacity":"","overlay-gradient":""},"mobile":{"background-color":"var(--ast-global-color-5)","background-image":"","background-repeat":"repeat","background-position":"center center","background-size":"auto","background-attachment":"scroll","background-type":"","background-media":"","overlay-type":"","overlay-color":"","overlay-opacity":"","overlay-gradient":""}},"footnotes":""},"categories":[1,29],"tags":[558,557,550],"class_list":["post-12141","post","type-post","status-publish","format-standard","has-post-thumbnail","hentry","category-general","category-portada","tag-ambit-rural","tag-territori","tag-tradicions"],"post_mailing_queue_ids":[],"_links":{"self":[{"href":"https:\/\/serveiseducatius.xtec.cat\/ripolles\/wp-json\/wp\/v2\/posts\/12141","targetHints":{"allow":["GET"]}}],"collection":[{"href":"https:\/\/serveiseducatius.xtec.cat\/ripolles\/wp-json\/wp\/v2\/posts"}],"about":[{"href":"https:\/\/serveiseducatius.xtec.cat\/ripolles\/wp-json\/wp\/v2\/types\/post"}],"author":[{"embeddable":true,"href":"https:\/\/serveiseducatius.xtec.cat\/ripolles\/wp-json\/wp\/v2\/users\/1"}],"replies":[{"embeddable":true,"href":"https:\/\/serveiseducatius.xtec.cat\/ripolles\/wp-json\/wp\/v2\/comments?post=12141"}],"version-history":[{"count":3,"href":"https:\/\/serveiseducatius.xtec.cat\/ripolles\/wp-json\/wp\/v2\/posts\/12141\/revisions"}],"predecessor-version":[{"id":12145,"href":"https:\/\/serveiseducatius.xtec.cat\/ripolles\/wp-json\/wp\/v2\/posts\/12141\/revisions\/12145"}],"wp:featuredmedia":[{"embeddable":true,"href":"https:\/\/serveiseducatius.xtec.cat\/ripolles\/wp-json\/wp\/v2\/media\/12142"}],"wp:attachment":[{"href":"https:\/\/serveiseducatius.xtec.cat\/ripolles\/wp-json\/wp\/v2\/media?parent=12141"}],"wp:term":[{"taxonomy":"category","embeddable":true,"href":"https:\/\/serveiseducatius.xtec.cat\/ripolles\/wp-json\/wp\/v2\/categories?post=12141"},{"taxonomy":"post_tag","embeddable":true,"href":"https:\/\/serveiseducatius.xtec.cat\/ripolles\/wp-json\/wp\/v2\/tags?post=12141"}],"curies":[{"name":"wp","href":"https:\/\/api.w.org\/{rel}","templated":true}]}}