{"id":11749,"date":"2020-11-16T17:30:01","date_gmt":"2020-11-16T16:30:01","guid":{"rendered":"http:\/\/serveiseducatius.xtec.cat\/ripolles\/?p=11749"},"modified":"2020-11-16T17:30:47","modified_gmt":"2020-11-16T16:30:47","slug":"dia-mundial-de-la-infancia-unicef","status":"publish","type":"post","link":"https:\/\/serveiseducatius.xtec.cat\/ripolles\/general\/dia-mundial-de-la-infancia-unicef\/","title":{"rendered":"Dia Mundial de la Inf\u00e0ncia (UNICEF)"},"content":{"rendered":"<header class=\"entry-header\">\n<h1 class=\"entry-title\"><a style=\"font-family: inherit; font-size: 1em; font-weight: normal;\" href=\"https:\/\/serveiseducatius.xtec.cat\/ripolles\/wp-content\/uploads\/usu1150\/2020\/11\/inf\u00e0ncia.png\"><img loading=\"lazy\" decoding=\"async\" class=\"size-medium wp-image-11750 alignleft\" src=\"https:\/\/serveiseducatius.xtec.cat\/ripolles\/wp-content\/uploads\/usu1150\/2020\/11\/inf\u00e0ncia-300x136.png\" alt=\"\" width=\"300\" height=\"136\" srcset=\"https:\/\/serveiseducatius.xtec.cat\/ripolles\/wp-content\/uploads\/usu1150\/2020\/11\/inf\u00e0ncia-300x136.png 300w, https:\/\/serveiseducatius.xtec.cat\/ripolles\/wp-content\/uploads\/usu1150\/2020\/11\/inf\u00e0ncia.png 660w\" sizes=\"auto, (max-width: 300px) 100vw, 300px\" \/><\/a><\/h1>\n<\/header>\n<div class=\"entry-content\">\n<p>El proper\u00a0<strong>20 de novembre<\/strong> se celebra el Dia Mundial de la Inf\u00e0ncia. UNICEF ha dissenyat una activitat per celebrar aquest dia a l\u2019escola, tant dins l\u2019aula com en l\u00ednea. Proposa que nens, nenes, nois i noies elaborin una pe\u00e7a comunicativa que reflecteixi les preocupacions i idees del grup sobre un tema relacionat amb els drets de la inf\u00e0ncia i l\u2019adolesc\u00e8ncia (la salut, la pand\u00e8mia de la COVID-19, la higiene i el rentat de mans\u2026 o qualsevol altre dels seus drets). <a href=\"https:\/\/www.unicef.es\/cat\/educa\/desmutea\">Aqu\u00ed<\/a> trobareu el detall de la proposta. <span id=\"more-11159\"><\/span>Proposa que nens, nenes, nois i noies elaborin una pe\u00e7a comunicativa que reflecteixi les preocupacions i idees del grup sobre un tema relacionat amb els drets de la inf\u00e0ncia i l\u2019adolesc\u00e8ncia (sobre el dret a salut, la pand\u00e8mia de la COVID-19, la import\u00e0ncia de la higiene i el rentat de mans, com es protegeixen del coronavirus\u2026 o qualsevol altre dels seus drets).\u00a0<a href=\"https:\/\/www.unicef.es\/cat\/educa\/desmutea\">Aqu\u00ed<\/a> trobareu el detall de la proposta. I si aquestes preocupacions estan relacionades amb el canvi clim\u00e0tic, la unitat \u201cEscolta\u201d del projecte \u201cLa lli\u00e7\u00f3 m\u00e9s gran\u00a0 \u00a0 \u00a0 \u00a0 \u00a0 \u00a0 \u00a0 \u00a0 \u00a0 \u00a0 \u00a0 \u00a0 \u00a0 \u00a0 \u00a0 \u00a0 \u00a0 \u00a0 \u00a0 \u00a0 \u00a0 \u00a0 \u00a0 \u00a0 \u00a0 \u00a0 \u00a0 \u00a0 \u00a0 \u00a0 \u00a0 \u00a0 \u00a0 \u00a0 \u00a0 \u00a0 \u00a0 \u00a0 \u00a0 \u00a0 \u00a0 \u00a0 del m\u00f3n\u201d pot ajudar.<\/p>\n<p>Qu\u00e8 proposa l\u2019activitat?:<\/p>\n<ul>\n<li>Reflexionar sobre la comunicaci\u00f3, els objectius i el p\u00fablic destinatari, triar un format (us proposem diferents exemples) i elaborar una pe\u00e7a audiovisual amb un missatge sobre els temes que m\u00e9s interessin al grup.<\/li>\n<li>Difondre el missatge entre els dies pr\u00f2xims al Dia Mundial de la Inf\u00e0ncia i el Dia Internacional de la R\u00e0dio i la Televisi\u00f3 per la Inf\u00e0ncia (enguany, 12 de desembre).<\/li>\n<li>Les escoles disposaran d\u2019un taul\u00f3 de Flipgrid per pujar les peces audiovisuals. Cal obtenir el codi d\u2019acc\u00e9s!<\/li>\n<\/ul>\n<p>Per a m\u00e9s informaci\u00f3:<\/p>\n<ul>\n<li><a href=\"https:\/\/www.unicef.es\/cat\/educa\/biblioteca\/educacio-salut-activitats-recursos\">guia d\u2019activitats i recursos per al curs 2020-2021<\/a><\/li>\n<li><a href=\"mailto:catalunya@unicef.es\">catalunya@unicef.es<\/a><\/li>\n<\/ul>\n<\/div>\n","protected":false},"excerpt":{"rendered":"<p>El proper\u00a020 de novembre se celebra el Dia Mundial de la Inf\u00e0ncia. UNICEF ha dissenyat una activitat per celebrar aquest [&hellip;]<\/p>\n","protected":false},"author":1,"featured_media":11750,"comment_status":"closed","ping_status":"closed","sticky":false,"template":"","format":"standard","meta":{"_bbp_topic_count":0,"_bbp_reply_count":0,"_bbp_total_topic_count":0,"_bbp_total_reply_count":0,"_bbp_voice_count":0,"_bbp_anonymous_reply_count":0,"_bbp_topic_count_hidden":0,"_bbp_reply_count_hidden":0,"_bbp_forum_subforum_count":0,"site-sidebar-layout":"default","site-content-layout":"","ast-site-content-layout":"","site-content-style":"default","site-sidebar-style":"default","ast-global-header-display":"","ast-banner-title-visibility":"","ast-main-header-display":"","ast-hfb-above-header-display":"","ast-hfb-below-header-display":"","ast-hfb-mobile-header-display":"","site-post-title":"","ast-breadcrumbs-content":"","ast-featured-img":"","footer-sml-layout":"","theme-transparent-header-meta":"","adv-header-id-meta":"","stick-header-meta":"","header-above-stick-meta":"","header-main-stick-meta":"","header-below-stick-meta":"","astra-migrate-meta-layouts":"default","ast-page-background-enabled":"default","ast-page-background-meta":{"desktop":{"background-color":"var(--ast-global-color-4)","background-image":"","background-repeat":"repeat","background-position":"center center","background-size":"auto","background-attachment":"scroll","background-type":"","background-media":"","overlay-type":"","overlay-color":"","overlay-opacity":"","overlay-gradient":""},"tablet":{"background-color":"","background-image":"","background-repeat":"repeat","background-position":"center center","background-size":"auto","background-attachment":"scroll","background-type":"","background-media":"","overlay-type":"","overlay-color":"","overlay-opacity":"","overlay-gradient":""},"mobile":{"background-color":"","background-image":"","background-repeat":"repeat","background-position":"center center","background-size":"auto","background-attachment":"scroll","background-type":"","background-media":"","overlay-type":"","overlay-color":"","overlay-opacity":"","overlay-gradient":""}},"ast-content-background-meta":{"desktop":{"background-color":"var(--ast-global-color-5)","background-image":"","background-repeat":"repeat","background-position":"center center","background-size":"auto","background-attachment":"scroll","background-type":"","background-media":"","overlay-type":"","overlay-color":"","overlay-opacity":"","overlay-gradient":""},"tablet":{"background-color":"var(--ast-global-color-5)","background-image":"","background-repeat":"repeat","background-position":"center center","background-size":"auto","background-attachment":"scroll","background-type":"","background-media":"","overlay-type":"","overlay-color":"","overlay-opacity":"","overlay-gradient":""},"mobile":{"background-color":"var(--ast-global-color-5)","background-image":"","background-repeat":"repeat","background-position":"center center","background-size":"auto","background-attachment":"scroll","background-type":"","background-media":"","overlay-type":"","overlay-color":"","overlay-opacity":"","overlay-gradient":""}},"footnotes":""},"categories":[65,1,29],"tags":[484,485,486],"class_list":["post-11749","post","type-post","status-publish","format-standard","has-post-thumbnail","hentry","category-crp","category-general","category-portada","tag-dia-mundial","tag-infancia","tag-unicef"],"post_mailing_queue_ids":[],"_links":{"self":[{"href":"https:\/\/serveiseducatius.xtec.cat\/ripolles\/wp-json\/wp\/v2\/posts\/11749","targetHints":{"allow":["GET"]}}],"collection":[{"href":"https:\/\/serveiseducatius.xtec.cat\/ripolles\/wp-json\/wp\/v2\/posts"}],"about":[{"href":"https:\/\/serveiseducatius.xtec.cat\/ripolles\/wp-json\/wp\/v2\/types\/post"}],"author":[{"embeddable":true,"href":"https:\/\/serveiseducatius.xtec.cat\/ripolles\/wp-json\/wp\/v2\/users\/1"}],"replies":[{"embeddable":true,"href":"https:\/\/serveiseducatius.xtec.cat\/ripolles\/wp-json\/wp\/v2\/comments?post=11749"}],"version-history":[{"count":3,"href":"https:\/\/serveiseducatius.xtec.cat\/ripolles\/wp-json\/wp\/v2\/posts\/11749\/revisions"}],"predecessor-version":[{"id":11753,"href":"https:\/\/serveiseducatius.xtec.cat\/ripolles\/wp-json\/wp\/v2\/posts\/11749\/revisions\/11753"}],"wp:featuredmedia":[{"embeddable":true,"href":"https:\/\/serveiseducatius.xtec.cat\/ripolles\/wp-json\/wp\/v2\/media\/11750"}],"wp:attachment":[{"href":"https:\/\/serveiseducatius.xtec.cat\/ripolles\/wp-json\/wp\/v2\/media?parent=11749"}],"wp:term":[{"taxonomy":"category","embeddable":true,"href":"https:\/\/serveiseducatius.xtec.cat\/ripolles\/wp-json\/wp\/v2\/categories?post=11749"},{"taxonomy":"post_tag","embeddable":true,"href":"https:\/\/serveiseducatius.xtec.cat\/ripolles\/wp-json\/wp\/v2\/tags?post=11749"}],"curies":[{"name":"wp","href":"https:\/\/api.w.org\/{rel}","templated":true}]}}