{"id":11389,"date":"2020-10-01T08:29:35","date_gmt":"2020-10-01T06:29:35","guid":{"rendered":"http:\/\/serveiseducatius.xtec.cat\/ripolles\/?p=11389"},"modified":"2020-10-01T12:52:00","modified_gmt":"2020-10-01T10:52:00","slug":"coordinacio-dequip-directius-gestio-pedagogica-curs-2020-21","status":"publish","type":"post","link":"https:\/\/serveiseducatius.xtec.cat\/ripolles\/general\/coordinacio-dequip-directius-gestio-pedagogica-curs-2020-21\/","title":{"rendered":"Coordinaci\u00f3 d&#8217;equip directius: gesti\u00f3 pedag\u00f2gica. Curs 2020-21"},"content":{"rendered":"<header class=\"entry-header\">\n<h1 class=\"entry-title\"><\/h1>\n<\/header>\n<div class=\"entry-content\">\n<table style=\"height: 341px;\" border=\"1\" width=\"1272\">\n<tbody>\n<tr>\n<td style=\"width: 1116px;\"><b><u>1a sessi\u00f3: Dijous 1 d&#8217;Octubre<\/u><\/b><\/p>\n<ul>\n<li><strong>PFZ curs 20\/21<\/strong><\/li>\n<li>** <strong><strong>La tribu educa: un alian\u00e7a Comunitat-Escola_Biblioteca &#8211;\u00a0 Formadora: Carme Fenoll &#8211; Data: dijous 29 d&#8217;octubre a les 6 de la tarda. Format virtual.<\/strong><\/strong>\n<div class=\"kMp0We JPnLRc\" aria-label=\"Videoconfer\u00e8ncia\">\n<div class=\"NI2kfb O7tFQc DX3x9d ECCms\">\n<div class=\" Q3pZ0e\">\n<div class=\"DN1TJ fX8Pqc\">\n<div class=\"jZ8VQe\"><a class=\"GWpD7c Q30cfe FDuXl\" href=\"https:\/\/meet.google.com\/syi-qgmb-kfs?hs=122&amp;authuser=0\" target=\"_blank\" rel=\"noreferrer noopener\">meet.google.com\/syi-qgmb-kfs<\/a><\/div>\n<\/div>\n<\/div>\n<\/div>\n<\/div>\n<\/li>\n<li><strong>** Com apr\u00e8n el cervell? Metodologies basades en l&#8217;evid\u00e8ncia cient\u00edfica<\/strong> &#8211; <strong>Formadora: Marta Portero<\/strong>. <strong><strong>Data: dijous 5 de novembre a les 6 de la tarda. Format virtual<\/strong><\/strong>\n<div class=\"kMp0We JPnLRc\" aria-label=\"Videoconfer\u00e8ncia\">\n<div class=\"NI2kfb O7tFQc DX3x9d ECCms\">\n<div class=\" Q3pZ0e\">\n<div class=\"DN1TJ fX8Pqc\">\n<div class=\"jZ8VQe\"><a class=\"GWpD7c Q30cfe FDuXl\" href=\"https:\/\/meet.google.com\/wrc-qvxy-nic?hs=122&amp;authuser=0\" target=\"_blank\" rel=\"noreferrer noopener\">meet.google.com\/wrc-qvxy-nic<\/a><\/div>\n<\/div>\n<\/div>\n<\/div>\n<div class=\"nGJqzd uRfYIe qHOG6d\">\n<div class=\"AhcGBe\">\n<div class=\"U26fgb mUbCce fKz7Od rF3YF uRguKd\" tabindex=\"0\" role=\"button\" aria-label=\"Edita el codi de la reuni\u00f3\" aria-disabled=\"false\" data-tooltip=\"Edita\" data-tooltip-vertical-offset=\"-12\" data-tooltip-horizontal-offset=\"0\">\n<div class=\"VTBa7b MbhUzd\"><\/div>\n<\/div>\n<\/div>\n<\/div>\n<\/div>\n<\/li>\n<li><span style=\"font-family: arial, helvetica, geneva; font-size: small;\"><b>Coordinaci\u00f3 prim\u00e0ria_secund\u00e0ria. Fem les matem\u00e0tiques m\u00e9s competencials i manipulatives. Quedaven dues sessions amb l&#8217;Edelmira\u00a0Badillo\u00a0que es faran els seg\u00fcents dies:<\/b><\/span><\/li>\n<li>dilluns 19 d&#8217;octubre i dilluns \u00a09 de novembre a Ripoll. Horari a les 6 de la tarda. Format virtual.\n<div class=\"kMp0We JPnLRc\" aria-label=\"Videoconfer\u00e8ncia\">\n<div class=\"NI2kfb O7tFQc DX3x9d ECCms\">\n<div class=\" Q3pZ0e\">\n<div class=\"DN1TJ fX8Pqc\">\n<div class=\"jZ8VQe\"><a class=\"GWpD7c Q30cfe FDuXl\" href=\"https:\/\/meet.google.com\/whj-faur-bvi?hs=122&amp;authuser=0\" target=\"_blank\" rel=\"noreferrer noopener\">meet.google.com\/whj-faur-bvi<\/a><\/div>\n<\/div>\n<\/div>\n<\/div>\n<div class=\"nGJqzd uRfYIe qHOG6d\">\n<div class=\"AhcGBe\">\n<div class=\"U26fgb mUbCce fKz7Od rF3YF uRguKd\" tabindex=\"0\" role=\"button\" aria-label=\"Edita el codi de la reuni\u00f3\" aria-disabled=\"false\" data-tooltip=\"Edita\" data-tooltip-vertical-offset=\"-12\" data-tooltip-horizontal-offset=\"0\">\n<div class=\"VTBa7b MbhUzd\"><\/div>\n<\/div>\n<\/div>\n<\/div>\n<\/div>\n<\/li>\n<li>Certamen de lectura en veu alta &#8211; Podreu fer la inscripci\u00f3 de<strong>\u00a0l\u20191 d\u2019octubre al 16 de novembre<\/strong>\u00a0al\u00a0<a href=\"http:\/\/www.lecturaenveualta.cat\/\">web\u00a0del Certamen<\/a>.<\/li>\n<li><a href=\"http:\/\/www.ripollesgesbisaura.org\/qui-gestiona\/projectes-estrategics-del-territori\/\">Ens mengem les valls.<\/a><\/li>\n<li>Servei Comunitari. Roser Batlle. Pedagoga i referent del SC. Sub-direcci\u00f3 general de Suport i Atenci\u00f3 a la Comunitat Educativa. Es penjar\u00e0 al canal de <a href=\"https:\/\/www.youtube.com\/user\/maitealay\/featured\" target=\"_blank\" rel=\"noopener noreferrer\" data-saferedirecturl=\"https:\/\/www.google.com\/url?q=https:\/\/www.youtube.com\/user\/maitealay\/featured&amp;source=gmail&amp;ust=1601619365221000&amp;usg=AFQjCNFPXCVLJpr2q6yyXYj3dsIMj2_5PQ\">Youtube de la sub-direcci\u00f3<\/a>.Idees interessants per fer accions de SE en aquestes Us deixem un dec\u00e0leg de consells de @REDAPS1\u00a0<a href=\"https:\/\/t.co\/SbCVyw3UVd\" target=\"_blank\" rel=\"noopener noreferrer\" data-saferedirecturl=\"https:\/\/www.google.com\/url?q=https:\/\/t.co\/SbCVyw3UVd&amp;source=gmail&amp;ust=1601619700398000&amp;usg=AFQjCNF2c5c90OeUevZbxT8NX6ZIZTIAKg\">https:\/\/t.co\/SbCVyw3UVd<\/a><br \/>\n(<a href=\"https:\/\/twitter.com\/apscatalunya\/status\/1311317290328174595?s=03\" target=\"_blank\" rel=\"noopener noreferrer\" data-saferedirecturl=\"https:\/\/www.google.com\/url?q=https:\/\/twitter.com\/apscatalunya\/status\/1311317290328174595?s%3D03&amp;source=gmail&amp;ust=1601619700398000&amp;usg=AFQjCNGQO5CsGMSPY04Am424FwxFa57cDg\">https:\/\/twitter.com\/<wbr \/>apscatalunya\/status\/<wbr \/>1311317290328174595?s=03<\/a>). <a href=\"https:\/\/apsvalors.wordpress.com\/2020\/09\/25\/com-fer-aps-en-linia\/\">Idees<\/a><\/li>\n<li>Recepci\u00f3 de material COVID i repartaci\u00f3 de material als centres.<\/li>\n<li>Activitats dinamitzaci\u00f3: English Day, Audicions, sortides a Ripoll, teatre del FMAP<\/li>\n<\/ul>\n<ul>\n<li><a href=\"https:\/\/serveiseducatius.xtec.cat\/ripolles\/general\/projecte-educatiu-acollida\/\">Presentaci\u00f3 de l&#8217;espai: Projecte educatiu &#8211; Aula d&#8217;acollida<\/a><\/li>\n<li>Presentaci\u00f3 de l&#8217;espai: <a href=\"https:\/\/projectes.xtec.cat\/bescat\/\">Projecte educatiu &#8211; Biblioteques escolars<\/a><\/li>\n<li>Material de Coeducaci\u00f3<\/li>\n<\/ul>\n<\/td>\n<td style=\"width: 149.6px;\">&nbsp;<\/p>\n<p>&nbsp;<\/td>\n<\/tr>\n<\/tbody>\n<\/table>\n<p>&nbsp;<\/p>\n<\/div>\n","protected":false},"excerpt":{"rendered":"<p>1a sessi\u00f3: Dijous 1 d&#8217;Octubre PFZ curs 20\/21 ** La tribu educa: un alian\u00e7a Comunitat-Escola_Biblioteca &#8211;\u00a0 Formadora: Carme Fenoll &#8211; [&hellip;]<\/p>\n","protected":false},"author":1,"featured_media":0,"comment_status":"open","ping_status":"closed","sticky":false,"template":"","format":"standard","meta":{"_bbp_topic_count":0,"_bbp_reply_count":0,"_bbp_total_topic_count":0,"_bbp_total_reply_count":0,"_bbp_voice_count":0,"_bbp_anonymous_reply_count":0,"_bbp_topic_count_hidden":0,"_bbp_reply_count_hidden":0,"_bbp_forum_subforum_count":0,"site-sidebar-layout":"default","site-content-layout":"","ast-site-content-layout":"","site-content-style":"default","site-sidebar-style":"default","ast-global-header-display":"","ast-banner-title-visibility":"","ast-main-header-display":"","ast-hfb-above-header-display":"","ast-hfb-below-header-display":"","ast-hfb-mobile-header-display":"","site-post-title":"","ast-breadcrumbs-content":"","ast-featured-img":"","footer-sml-layout":"","theme-transparent-header-meta":"","adv-header-id-meta":"","stick-header-meta":"","header-above-stick-meta":"","header-main-stick-meta":"","header-below-stick-meta":"","astra-migrate-meta-layouts":"default","ast-page-background-enabled":"default","ast-page-background-meta":{"desktop":{"background-color":"var(--ast-global-color-4)","background-image":"","background-repeat":"repeat","background-position":"center center","background-size":"auto","background-attachment":"scroll","background-type":"","background-media":"","overlay-type":"","overlay-color":"","overlay-opacity":"","overlay-gradient":""},"tablet":{"background-color":"","background-image":"","background-repeat":"repeat","background-position":"center center","background-size":"auto","background-attachment":"scroll","background-type":"","background-media":"","overlay-type":"","overlay-color":"","overlay-opacity":"","overlay-gradient":""},"mobile":{"background-color":"","background-image":"","background-repeat":"repeat","background-position":"center center","background-size":"auto","background-attachment":"scroll","background-type":"","background-media":"","overlay-type":"","overlay-color":"","overlay-opacity":"","overlay-gradient":""}},"ast-content-background-meta":{"desktop":{"background-color":"var(--ast-global-color-5)","background-image":"","background-repeat":"repeat","background-position":"center center","background-size":"auto","background-attachment":"scroll","background-type":"","background-media":"","overlay-type":"","overlay-color":"","overlay-opacity":"","overlay-gradient":""},"tablet":{"background-color":"var(--ast-global-color-5)","background-image":"","background-repeat":"repeat","background-position":"center center","background-size":"auto","background-attachment":"scroll","background-type":"","background-media":"","overlay-type":"","overlay-color":"","overlay-opacity":"","overlay-gradient":""},"mobile":{"background-color":"var(--ast-global-color-5)","background-image":"","background-repeat":"repeat","background-position":"center center","background-size":"auto","background-attachment":"scroll","background-type":"","background-media":"","overlay-type":"","overlay-color":"","overlay-opacity":"","overlay-gradient":""}},"footnotes":""},"categories":[1],"tags":[],"class_list":["post-11389","post","type-post","status-publish","format-standard","hentry","category-general"],"post_mailing_queue_ids":[],"_links":{"self":[{"href":"https:\/\/serveiseducatius.xtec.cat\/ripolles\/wp-json\/wp\/v2\/posts\/11389","targetHints":{"allow":["GET"]}}],"collection":[{"href":"https:\/\/serveiseducatius.xtec.cat\/ripolles\/wp-json\/wp\/v2\/posts"}],"about":[{"href":"https:\/\/serveiseducatius.xtec.cat\/ripolles\/wp-json\/wp\/v2\/types\/post"}],"author":[{"embeddable":true,"href":"https:\/\/serveiseducatius.xtec.cat\/ripolles\/wp-json\/wp\/v2\/users\/1"}],"replies":[{"embeddable":true,"href":"https:\/\/serveiseducatius.xtec.cat\/ripolles\/wp-json\/wp\/v2\/comments?post=11389"}],"version-history":[{"count":3,"href":"https:\/\/serveiseducatius.xtec.cat\/ripolles\/wp-json\/wp\/v2\/posts\/11389\/revisions"}],"predecessor-version":[{"id":11446,"href":"https:\/\/serveiseducatius.xtec.cat\/ripolles\/wp-json\/wp\/v2\/posts\/11389\/revisions\/11446"}],"wp:attachment":[{"href":"https:\/\/serveiseducatius.xtec.cat\/ripolles\/wp-json\/wp\/v2\/media?parent=11389"}],"wp:term":[{"taxonomy":"category","embeddable":true,"href":"https:\/\/serveiseducatius.xtec.cat\/ripolles\/wp-json\/wp\/v2\/categories?post=11389"},{"taxonomy":"post_tag","embeddable":true,"href":"https:\/\/serveiseducatius.xtec.cat\/ripolles\/wp-json\/wp\/v2\/tags?post=11389"}],"curies":[{"name":"wp","href":"https:\/\/api.w.org\/{rel}","templated":true}]}}