{"id":11238,"date":"2020-10-15T09:03:13","date_gmt":"2020-10-15T07:03:13","guid":{"rendered":"http:\/\/serveiseducatius.xtec.cat\/ripolles\/?p=11238"},"modified":"2020-10-16T22:49:24","modified_gmt":"2020-10-16T20:49:24","slug":"full-informatiu-octubre-2020","status":"publish","type":"post","link":"https:\/\/serveiseducatius.xtec.cat\/ripolles\/general\/full-informatiu-octubre-2020\/","title":{"rendered":"Full informatiu &#8211; Octubre 2020"},"content":{"rendered":"<div class=\"small-12 large-4 text-center columns\"><\/div>\n<div>\n<table style=\"height: 748px; width: 1037px;\" width=\"1066\">\n<tbody>\n<tr style=\"height: 295px;\">\n<td style=\"width: 766.8px; text-align: left; height: 269px;\">\n<p style=\"text-align: left;\">Com ja sabeu,\u00a0 hi ha algunes activitats del <strong>PFZ<\/strong> que ja han comen\u00e7at, moltes\u00a0 estan relacionades amb <strong>la cultura digital. <\/strong>Nom\u00e9s us volem recordar que si teniu alguna consulta tant a nivell de centre com a nivell individual, ens la feu arribar i la mentora digital us donar\u00e0 un cop de m\u00e0.<\/p>\n<p>Per altra part, us convidem a participar en les seg\u00fcents <strong>confer\u00e8ncies<\/strong>, totes en format telem\u00e0tic:<\/p>\n<div class=\"row\" style=\"margin-bottom: 1em !important;\">\n<p><strong> \u2666 Classificaci\u00f3 de quadril\u00e0ters i de triangles a c\u00e0rrec d\u2019Edelmira Badillo.<\/strong> <strong>A les sis de la tarda<\/strong>.\u00a0Dilluns 19 d\u2019octubre.<\/p>\n<p><a href=\"https:\/\/serveiseducatius.xtec.cat\/ripolles\/wp-content\/uploads\/usu1150\/2020\/10\/Confer\u00e8ncia-Carme-Fenoll-OK.png\"><img loading=\"lazy\" decoding=\"async\" class=\" wp-image-11483 alignleft\" src=\"https:\/\/serveiseducatius.xtec.cat\/ripolles\/wp-content\/uploads\/usu1150\/2020\/10\/Confer\u00e8ncia-Carme-Fenoll-OK-213x300.png\" alt=\"\" width=\"199\" height=\"279\" srcset=\"https:\/\/serveiseducatius.xtec.cat\/ripolles\/wp-content\/uploads\/usu1150\/2020\/10\/Confer\u00e8ncia-Carme-Fenoll-OK-213x300.png 213w, https:\/\/serveiseducatius.xtec.cat\/ripolles\/wp-content\/uploads\/usu1150\/2020\/10\/Confer\u00e8ncia-Carme-Fenoll-OK.png 683w\" sizes=\"auto, (max-width: 199px) 100vw, 199px\" \/><\/a><\/p>\n<p><strong><a href=\"https:\/\/aplicacions.gestioeducativa.gencat.cat\/pls\/soloas\/pk_for_mod_ins.p_for_exhaustiu_activitat?p_header=Llista%20d%27activitats^pk_for_mod_ins.p_for_cons_activitats?p_crp=507%26p_any=2020-2021%26p_totes=N%26p_inici=11%26p_excloure_crp_rec=F*Detall%20d%27activitat^pk_for_mod_ins.p_for_detall_activitat?p_codi=5070151507%26p_curs=2020-2021%26p_es_inscr=S&amp;p_codi=5070151507&amp;p_curs=2020-2021&amp;p_es_inscr=S\"> \u2666 La tribu educa: una alian\u00e7a Comunitat-Escola-Biblioteca<\/a> a c\u00e0rrec de\u00a0 Carme Fenoll. A les sis de la <\/strong><strong>tarda.<\/strong> Dijous 29 d\u2019octubre<\/p>\n<p><strong><a href=\"https:\/\/aplicacions.gestioeducativa.gencat.cat\/pls\/soloas\/pk_for_mod_ins.p_for_exhaustiu_activitat?p_header=Llista%20d%27activitats^pk_for_mod_ins.p_for_cons_activitats?p_crp=507%26p_any=2020-2021%26p_totes=N%26p_inici=11%26p_excloure_crp_rec=F*Detall%20d%27activitat^pk_for_mod_ins.p_for_detall_activitat?p_codi=5070161507%26p_curs=2020-2021%26p_es_inscr=S&amp;p_codi=5070161507&amp;p_curs=2020-2021&amp;p_es_inscr=S\">\u2666\u00a0 Com apr\u00e8n el cervell? Metodologies basades en l&#8217;evid\u00e8ncia cient\u00edfica<\/a> a c\u00e0rrec de\u00a0 Marta Portero. A les sis de la tarda<\/strong>. Dijous 5 de novembre.<\/p>\n<p><img loading=\"lazy\" decoding=\"async\" class=\"size-medium wp-image-11475 alignright\" style=\"border: none; color: #2795b6;\" src=\"https:\/\/serveiseducatius.xtec.cat\/ripolles\/wp-content\/uploads\/usu1150\/2020\/10\/Cartell-Marta-Portero-217x300.png\" alt=\"\" width=\"217\" height=\"300\" srcset=\"https:\/\/serveiseducatius.xtec.cat\/ripolles\/wp-content\/uploads\/usu1150\/2020\/10\/Cartell-Marta-Portero-217x300.png 217w, https:\/\/serveiseducatius.xtec.cat\/ripolles\/wp-content\/uploads\/usu1150\/2020\/10\/Cartell-Marta-Portero-768x1061.png 768w, https:\/\/serveiseducatius.xtec.cat\/ripolles\/wp-content\/uploads\/usu1150\/2020\/10\/Cartell-Marta-Portero-741x1024.png 741w, https:\/\/serveiseducatius.xtec.cat\/ripolles\/wp-content\/uploads\/usu1150\/2020\/10\/Cartell-Marta-Portero.png 961w\" sizes=\"auto, (max-width: 217px) 100vw, 217px\" \/><\/p>\n<p>Els docents interessats ens podeu enviar un correu al Servei Educatiu<\/p>\n<p>Us informem que els centres interessats a participar en el <a style=\"font-family: inherit; font-size: 1em;\" href=\"https:\/\/www.lecturaenveualta.cat\/\"><strong>Certamen de Lectura en Veu Alta<\/strong><\/a><span style=\"font-family: inherit; font-size: 1em;\"> teniu fins al 16 de novembre per\u00a0 a fer \u00a0la inscripci\u00f3 des de la mateixa web del certamen.<\/span><\/p>\n<p>Per altra part, en el programa <a style=\"font-family: inherit; font-size: 1em;\" href=\"http:\/\/xtec.gencat.cat\/ca\/projectes\/lectura\/gustperlalectura\/materialdidactic\/\">El Gust per la Lectura<\/a><span style=\"font-family: inherit; font-size: 1em;\">, ja podeu trobar les lectures proposades per al curs 2020_2021 i el material did\u00e0ctic.\u00a0<\/span><\/p>\n<p>Tamb\u00e9, us volem informar que farem una c\u00e0psula m\u00e9s a c\u00e0rrec de la mentora, la\u00a0 6, el dia 10 de novembre que en principi no estava prevista. Ho podeu trobar en el\u00a0 calendari de l&#8217;entrada del nostre espai. L&#8217;enlla\u00e7 ser\u00e0 el mateix que s&#8217;ha utilitzat en les altres c\u00e0psules.<\/p>\n<p><span style=\"font-family: inherit; font-size: 1em;\">I per \u00faltim animar-vos que doneu un cop d\u2019ull a <a href=\"https:\/\/serveiseducatius.xtec.cat\/ripolles\/?p=11458&amp;preview=true\">l\u2019apartat de novetats<\/a>, a <a href=\"https:\/\/serveiseducatius.xtec.cat\/ripolles\/?p=11456&amp;preview=true\">l\u2019article d\u2019opini\u00f3<\/a> i al<a href=\"https:\/\/sites.google.com\/xtec.cat\/recursosperaprendreenunmndigit\/index\"> vag\u00f3 de <\/a><\/span><span style=\"font-family: inherit; font-size: 1em;\">cua d\u2019aquest informatiu. En el vag\u00f3 de cua hi trobareu el site que s&#8217;ha creat des de mentoria digital que recull diferents tutorials i recursos que de ben segur, us seran d&#8217;utilitat.\u00a0<\/span><\/p>\n<\/div>\n<\/td>\n<td style=\"width: 266.4px; height: 269px;\"><a href=\"https:\/\/serveiseducatius.xtec.cat\/ripolles\/?p=11456&amp;preview=true\"><img loading=\"lazy\" decoding=\"async\" class=\"aligncenter wp-image-9844\" src=\"https:\/\/serveiseducatius.xtec.cat\/ripolles\/wp-content\/uploads\/usu1150\/2019\/01\/opini\u00f3-nou-300x191.png\" alt=\"\" width=\"162\" height=\"103\" srcset=\"https:\/\/serveiseducatius.xtec.cat\/ripolles\/wp-content\/uploads\/usu1150\/2019\/01\/opini\u00f3-nou-300x191.png 300w, https:\/\/serveiseducatius.xtec.cat\/ripolles\/wp-content\/uploads\/usu1150\/2019\/01\/opini\u00f3-nou.png 737w\" sizes=\"auto, (max-width: 162px) 100vw, 162px\" \/><\/a><\/p>\n<p>&nbsp;<\/p>\n<p><a href=\"https:\/\/sites.google.com\/xtec.cat\/recursosperaprendreenunmndigit\/index\"><img loading=\"lazy\" decoding=\"async\" class=\"aligncenter wp-image-9843\" src=\"https:\/\/serveiseducatius.xtec.cat\/ripolles\/wp-content\/uploads\/usu1150\/2019\/01\/vag\u00f3-de-cua-nou-300x221.png\" alt=\"\" width=\"150\" height=\"111\" srcset=\"https:\/\/serveiseducatius.xtec.cat\/ripolles\/wp-content\/uploads\/usu1150\/2019\/01\/vag\u00f3-de-cua-nou-300x221.png 300w, https:\/\/serveiseducatius.xtec.cat\/ripolles\/wp-content\/uploads\/usu1150\/2019\/01\/vag\u00f3-de-cua-nou.png 736w\" sizes=\"auto, (max-width: 150px) 100vw, 150px\" \/><\/a><\/p>\n<p>&nbsp;<\/p>\n<p><a href=\"https:\/\/serveiseducatius.xtec.cat\/ripolles\/?p=11458&amp;preview=true\"><img loading=\"lazy\" decoding=\"async\" class=\"aligncenter wp-image-9842\" src=\"https:\/\/serveiseducatius.xtec.cat\/ripolles\/wp-content\/uploads\/usu1150\/2019\/01\/Novetats-nou-300x228.jpg\" alt=\"\" width=\"158\" height=\"120\" srcset=\"https:\/\/serveiseducatius.xtec.cat\/ripolles\/wp-content\/uploads\/usu1150\/2019\/01\/Novetats-nou-300x228.jpg 300w, https:\/\/serveiseducatius.xtec.cat\/ripolles\/wp-content\/uploads\/usu1150\/2019\/01\/Novetats-nou-200x150.jpg 200w, https:\/\/serveiseducatius.xtec.cat\/ripolles\/wp-content\/uploads\/usu1150\/2019\/01\/Novetats-nou.jpg 750w\" sizes=\"auto, (max-width: 158px) 100vw, 158px\" \/><\/a><\/td>\n<\/tr>\n<\/tbody>\n<\/table>\n<\/div>\n<div><\/div>\n<div><\/div>\n<div><\/div>\n<div><\/div>\n<div><\/div>\n<div><\/div>\n<div><\/div>\n<div><\/div>\n<div><\/div>\n<div><\/div>\n<div><\/div>\n<div><\/div>\n<div><\/div>\n<div><\/div>\n<div><\/div>\n<div><\/div>\n<div><\/div>\n<div><\/div>\n<div><\/div>\n<div><\/div>\n<div><\/div>\n<div><\/div>\n<div><\/div>\n<div><\/div>\n<div><\/div>\n<div><\/div>\n<div><\/div>\n<div><\/div>\n<div><\/div>\n<div><\/div>\n<div><\/div>\n<div><\/div>\n<div><\/div>\n<div><\/div>\n<div><\/div>\n<div><\/div>\n<div><\/div>\n<div><\/div>\n<div><\/div>\n<div><\/div>\n<div><\/div>\n<div><\/div>\n<div><\/div>\n<div><\/div>\n<div><\/div>\n<div><\/div>\n<div><\/div>\n<div><\/div>\n<div class=\"row\" style=\"margin-bottom: 1em !important;\">\n<div class=\"small-12 large-4 text-center columns\"><\/div>\n<div class=\"small-12 large-4 text-center columns\"><\/div>\n<\/div>\n<div class=\"row\" style=\"margin-bottom: 1em !important;\"><\/div>\n<div class=\"row\" style=\"margin-bottom: 1em !important;\">\n<div>\n<p>&nbsp;<\/p>\n<\/div>\n<\/div>\n<div><\/div>\n<div><\/div>\n<div><\/div>\n<div class=\"row\" style=\"margin-bottom: 1em !important;\">\n<div class=\"small-12 large-4 text-center columns\"><\/div>\n<div class=\"small-12 large-4 text-center columns\"><\/div>\n<\/div>\n<div class=\"row\" style=\"margin-bottom: 1em !important;\">\n<div class=\"small-12 large-4 text-center columns\"><\/div>\n<div class=\"small-12 large-4 text-center columns\"><\/div>\n<div class=\"small-12 large-4 text-center columns\"><\/div>\n<\/div>\n","protected":false},"excerpt":{"rendered":"<p>Com ja sabeu,\u00a0 hi ha algunes activitats del PFZ que ja han comen\u00e7at, moltes\u00a0 estan relacionades amb la cultura digital. [&hellip;]<\/p>\n","protected":false},"author":1,"featured_media":11483,"comment_status":"closed","ping_status":"closed","sticky":false,"template":"","format":"standard","meta":{"_bbp_topic_count":0,"_bbp_reply_count":0,"_bbp_total_topic_count":0,"_bbp_total_reply_count":0,"_bbp_voice_count":0,"_bbp_anonymous_reply_count":0,"_bbp_topic_count_hidden":0,"_bbp_reply_count_hidden":0,"_bbp_forum_subforum_count":0,"site-sidebar-layout":"default","site-content-layout":"","ast-site-content-layout":"","site-content-style":"default","site-sidebar-style":"default","ast-global-header-display":"","ast-banner-title-visibility":"","ast-main-header-display":"","ast-hfb-above-header-display":"","ast-hfb-below-header-display":"","ast-hfb-mobile-header-display":"","site-post-title":"","ast-breadcrumbs-content":"","ast-featured-img":"","footer-sml-layout":"","theme-transparent-header-meta":"","adv-header-id-meta":"","stick-header-meta":"","header-above-stick-meta":"","header-main-stick-meta":"","header-below-stick-meta":"","astra-migrate-meta-layouts":"default","ast-page-background-enabled":"default","ast-page-background-meta":{"desktop":{"background-color":"var(--ast-global-color-4)","background-image":"","background-repeat":"repeat","background-position":"center center","background-size":"auto","background-attachment":"scroll","background-type":"","background-media":"","overlay-type":"","overlay-color":"","overlay-opacity":"","overlay-gradient":""},"tablet":{"background-color":"","background-image":"","background-repeat":"repeat","background-position":"center center","background-size":"auto","background-attachment":"scroll","background-type":"","background-media":"","overlay-type":"","overlay-color":"","overlay-opacity":"","overlay-gradient":""},"mobile":{"background-color":"","background-image":"","background-repeat":"repeat","background-position":"center center","background-size":"auto","background-attachment":"scroll","background-type":"","background-media":"","overlay-type":"","overlay-color":"","overlay-opacity":"","overlay-gradient":""}},"ast-content-background-meta":{"desktop":{"background-color":"var(--ast-global-color-5)","background-image":"","background-repeat":"repeat","background-position":"center center","background-size":"auto","background-attachment":"scroll","background-type":"","background-media":"","overlay-type":"","overlay-color":"","overlay-opacity":"","overlay-gradient":""},"tablet":{"background-color":"var(--ast-global-color-5)","background-image":"","background-repeat":"repeat","background-position":"center center","background-size":"auto","background-attachment":"scroll","background-type":"","background-media":"","overlay-type":"","overlay-color":"","overlay-opacity":"","overlay-gradient":""},"mobile":{"background-color":"var(--ast-global-color-5)","background-image":"","background-repeat":"repeat","background-position":"center center","background-size":"auto","background-attachment":"scroll","background-type":"","background-media":"","overlay-type":"","overlay-color":"","overlay-opacity":"","overlay-gradient":""}},"footnotes":""},"categories":[65,1,316,29],"tags":[432],"class_list":["post-11238","post","type-post","status-publish","format-standard","has-post-thumbnail","hentry","category-crp","category-general","category-informatiu","category-portada","tag-informatiu"],"post_mailing_queue_ids":[],"_links":{"self":[{"href":"https:\/\/serveiseducatius.xtec.cat\/ripolles\/wp-json\/wp\/v2\/posts\/11238","targetHints":{"allow":["GET"]}}],"collection":[{"href":"https:\/\/serveiseducatius.xtec.cat\/ripolles\/wp-json\/wp\/v2\/posts"}],"about":[{"href":"https:\/\/serveiseducatius.xtec.cat\/ripolles\/wp-json\/wp\/v2\/types\/post"}],"author":[{"embeddable":true,"href":"https:\/\/serveiseducatius.xtec.cat\/ripolles\/wp-json\/wp\/v2\/users\/1"}],"replies":[{"embeddable":true,"href":"https:\/\/serveiseducatius.xtec.cat\/ripolles\/wp-json\/wp\/v2\/comments?post=11238"}],"version-history":[{"count":4,"href":"https:\/\/serveiseducatius.xtec.cat\/ripolles\/wp-json\/wp\/v2\/posts\/11238\/revisions"}],"predecessor-version":[{"id":11560,"href":"https:\/\/serveiseducatius.xtec.cat\/ripolles\/wp-json\/wp\/v2\/posts\/11238\/revisions\/11560"}],"wp:featuredmedia":[{"embeddable":true,"href":"https:\/\/serveiseducatius.xtec.cat\/ripolles\/wp-json\/wp\/v2\/media\/11483"}],"wp:attachment":[{"href":"https:\/\/serveiseducatius.xtec.cat\/ripolles\/wp-json\/wp\/v2\/media?parent=11238"}],"wp:term":[{"taxonomy":"category","embeddable":true,"href":"https:\/\/serveiseducatius.xtec.cat\/ripolles\/wp-json\/wp\/v2\/categories?post=11238"},{"taxonomy":"post_tag","embeddable":true,"href":"https:\/\/serveiseducatius.xtec.cat\/ripolles\/wp-json\/wp\/v2\/tags?post=11238"}],"curies":[{"name":"wp","href":"https:\/\/api.w.org\/{rel}","templated":true}]}}