{"id":11103,"date":"2020-06-05T12:19:25","date_gmt":"2020-06-05T10:19:25","guid":{"rendered":"http:\/\/serveiseducatius.xtec.cat\/ripolles\/?p=11103"},"modified":"2020-06-05T12:19:25","modified_gmt":"2020-06-05T10:19:25","slug":"5-de-juny-dia-mundial-del-medi-ambient","status":"publish","type":"post","link":"https:\/\/serveiseducatius.xtec.cat\/ripolles\/general\/5-de-juny-dia-mundial-del-medi-ambient\/","title":{"rendered":"5 de juny, Dia Mundial del Medi Ambient"},"content":{"rendered":"<p>Coincidint amb la diada del medi ambient, el dia 5 de juny es proposa fer sentir les veus de tothom cantant No Ens Desdibuixeu<br \/>\nde la campanya\u00a0<a href=\"https:\/\/projectes.xtec.cat\/encara-hi-som-a-temps\/\" target=\"_blank\" rel=\"nofollow noopener noreferrer\">DONA LA NOTA<\/a>, encara hi som a temps.<a href=\"https:\/\/serveiseducatius.xtec.cat\/ripolles\/wp-content\/uploads\/usu1150\/2020\/06\/dona-la-nota.jpg\"><img loading=\"lazy\" decoding=\"async\" class=\"alignright size-full wp-image-11104\" src=\"https:\/\/serveiseducatius.xtec.cat\/ripolles\/wp-content\/uploads\/usu1150\/2020\/06\/dona-la-nota.jpg\" alt=\"\" width=\"200\" height=\"154\" \/><\/a><br \/>\nEn aquesta data, sobre les 11 del mat\u00ed, els integrants del Petit Taller de Can\u00e7ons autors de la can\u00e7\u00f3 No Ens Desdibuixeu, interpretaran en directe una versi\u00f3 ac\u00fastica des del Museu Vil\u00b7la Casals del Vendrell.<br \/>\nPodreu seguir la retransmissi\u00f3 d\u2019aquest acte central de DONA LA NOTA, i cantar-la des de les vostres localitats, en els seg\u00fcents espais virtuals:<br \/>\n\u00b7\u00a0\u00a0\u00a0\u00a0\u00a0\u00a0\u00a0\u00a0 En tots els Canals de TV de la XARXA durant la retransmissi\u00f3 del programa \u201c Bentrobats\u201d on es far\u00e0 una connexi\u00f3 amb directe amb l\u2019acte central.<br \/>\n\u00b7\u00a0\u00a0\u00a0\u00a0\u00a0\u00a0\u00a0\u00a0 Al portal de Dona la Nota, on amb YOUTUBE live, podreu seguir tot l\u2019acte.<br \/>\nEn acabar es posar\u00e0 tamb\u00e9 el videoclip per si es prefereix cantar-la amb la versi\u00f3 original.<br \/>\nUs recordem que cal inscriure\u2019s al portal DONA LA NOTA , encara hi som a temps. Si \u00e9s que encara no s\u2019ha fet. D\u2019aquesta manera podrem visualitzar tots els centres educatius que hi hauran participat.<br \/>\nAqu\u00ed teniu diferents possibilitats de seguir l\u2019acte:<br \/>\n\u00b7\u00a0\u00a0\u00a0\u00a0\u00a0\u00a0\u00a0\u00a0 Seguir l\u2019acte central per TV de la Xarxa o ordinador i cantar des de casa.<br \/>\n\u00b7\u00a0\u00a0\u00a0\u00a0\u00a0\u00a0\u00a0\u00a0 Fer una trobada virtual amb l\u2019alumnat per cantar la can\u00e7\u00f3 plegats.<br \/>\n\u00b7\u00a0\u00a0\u00a0\u00a0\u00a0\u00a0\u00a0\u00a0 Fer un cantada al pati de l\u2019escola mantenint les mesures de seguretat.<\/p>\n","protected":false},"excerpt":{"rendered":"<p>Coincidint amb la diada del medi ambient, el dia 5 de juny es proposa fer sentir les veus de tothom [&hellip;]<\/p>\n","protected":false},"author":1,"featured_media":11104,"comment_status":"open","ping_status":"closed","sticky":false,"template":"","format":"standard","meta":{"_bbp_topic_count":0,"_bbp_reply_count":0,"_bbp_total_topic_count":0,"_bbp_total_reply_count":0,"_bbp_voice_count":0,"_bbp_anonymous_reply_count":0,"_bbp_topic_count_hidden":0,"_bbp_reply_count_hidden":0,"_bbp_forum_subforum_count":0,"site-sidebar-layout":"default","site-content-layout":"","ast-site-content-layout":"","site-content-style":"default","site-sidebar-style":"default","ast-global-header-display":"","ast-banner-title-visibility":"","ast-main-header-display":"","ast-hfb-above-header-display":"","ast-hfb-below-header-display":"","ast-hfb-mobile-header-display":"","site-post-title":"","ast-breadcrumbs-content":"","ast-featured-img":"","footer-sml-layout":"","theme-transparent-header-meta":"","adv-header-id-meta":"","stick-header-meta":"","header-above-stick-meta":"","header-main-stick-meta":"","header-below-stick-meta":"","astra-migrate-meta-layouts":"default","ast-page-background-enabled":"default","ast-page-background-meta":{"desktop":{"background-color":"var(--ast-global-color-4)","background-image":"","background-repeat":"repeat","background-position":"center center","background-size":"auto","background-attachment":"scroll","background-type":"","background-media":"","overlay-type":"","overlay-color":"","overlay-opacity":"","overlay-gradient":""},"tablet":{"background-color":"","background-image":"","background-repeat":"repeat","background-position":"center center","background-size":"auto","background-attachment":"scroll","background-type":"","background-media":"","overlay-type":"","overlay-color":"","overlay-opacity":"","overlay-gradient":""},"mobile":{"background-color":"","background-image":"","background-repeat":"repeat","background-position":"center center","background-size":"auto","background-attachment":"scroll","background-type":"","background-media":"","overlay-type":"","overlay-color":"","overlay-opacity":"","overlay-gradient":""}},"ast-content-background-meta":{"desktop":{"background-color":"var(--ast-global-color-5)","background-image":"","background-repeat":"repeat","background-position":"center center","background-size":"auto","background-attachment":"scroll","background-type":"","background-media":"","overlay-type":"","overlay-color":"","overlay-opacity":"","overlay-gradient":""},"tablet":{"background-color":"var(--ast-global-color-5)","background-image":"","background-repeat":"repeat","background-position":"center center","background-size":"auto","background-attachment":"scroll","background-type":"","background-media":"","overlay-type":"","overlay-color":"","overlay-opacity":"","overlay-gradient":""},"mobile":{"background-color":"var(--ast-global-color-5)","background-image":"","background-repeat":"repeat","background-position":"center center","background-size":"auto","background-attachment":"scroll","background-type":"","background-media":"","overlay-type":"","overlay-color":"","overlay-opacity":"","overlay-gradient":""}},"footnotes":""},"categories":[1,29],"tags":[],"class_list":["post-11103","post","type-post","status-publish","format-standard","has-post-thumbnail","hentry","category-general","category-portada"],"post_mailing_queue_ids":[],"_links":{"self":[{"href":"https:\/\/serveiseducatius.xtec.cat\/ripolles\/wp-json\/wp\/v2\/posts\/11103","targetHints":{"allow":["GET"]}}],"collection":[{"href":"https:\/\/serveiseducatius.xtec.cat\/ripolles\/wp-json\/wp\/v2\/posts"}],"about":[{"href":"https:\/\/serveiseducatius.xtec.cat\/ripolles\/wp-json\/wp\/v2\/types\/post"}],"author":[{"embeddable":true,"href":"https:\/\/serveiseducatius.xtec.cat\/ripolles\/wp-json\/wp\/v2\/users\/1"}],"replies":[{"embeddable":true,"href":"https:\/\/serveiseducatius.xtec.cat\/ripolles\/wp-json\/wp\/v2\/comments?post=11103"}],"version-history":[{"count":1,"href":"https:\/\/serveiseducatius.xtec.cat\/ripolles\/wp-json\/wp\/v2\/posts\/11103\/revisions"}],"predecessor-version":[{"id":11105,"href":"https:\/\/serveiseducatius.xtec.cat\/ripolles\/wp-json\/wp\/v2\/posts\/11103\/revisions\/11105"}],"wp:featuredmedia":[{"embeddable":true,"href":"https:\/\/serveiseducatius.xtec.cat\/ripolles\/wp-json\/wp\/v2\/media\/11104"}],"wp:attachment":[{"href":"https:\/\/serveiseducatius.xtec.cat\/ripolles\/wp-json\/wp\/v2\/media?parent=11103"}],"wp:term":[{"taxonomy":"category","embeddable":true,"href":"https:\/\/serveiseducatius.xtec.cat\/ripolles\/wp-json\/wp\/v2\/categories?post=11103"},{"taxonomy":"post_tag","embeddable":true,"href":"https:\/\/serveiseducatius.xtec.cat\/ripolles\/wp-json\/wp\/v2\/tags?post=11103"}],"curies":[{"name":"wp","href":"https:\/\/api.w.org\/{rel}","templated":true}]}}