{"id":10309,"date":"2019-09-12T10:22:22","date_gmt":"2019-09-12T08:22:22","guid":{"rendered":"http:\/\/serveiseducatius.xtec.cat\/ripolles\/?p=10309"},"modified":"2019-09-12T10:26:21","modified_gmt":"2019-09-12T08:26:21","slug":"inscripcions-pla-de-formacio-de-zona","status":"publish","type":"post","link":"https:\/\/serveiseducatius.xtec.cat\/ripolles\/general\/inscripcions-pla-de-formacio-de-zona\/","title":{"rendered":"Inscripcions al Pla de Formaci\u00f3 de Zona"},"content":{"rendered":"<p><a href=\"https:\/\/serveiseducatius.xtec.cat\/ripolles\/wp-content\/uploads\/usu1150\/2019\/09\/baixa.jpg\"><img loading=\"lazy\" decoding=\"async\" class=\" wp-image-10305 alignleft\" src=\"https:\/\/serveiseducatius.xtec.cat\/ripolles\/wp-content\/uploads\/usu1150\/2019\/09\/baixa.jpg\" alt=\"\" width=\"263\" height=\"199\" srcset=\"https:\/\/serveiseducatius.xtec.cat\/ripolles\/wp-content\/uploads\/usu1150\/2019\/09\/baixa.jpg 258w, https:\/\/serveiseducatius.xtec.cat\/ripolles\/wp-content\/uploads\/usu1150\/2019\/09\/baixa-200x150.jpg 200w\" sizes=\"auto, (max-width: 263px) 100vw, 263px\" \/><\/a><\/p>\n<p>&nbsp;<\/p>\n<p>&nbsp;<\/p>\n<p>&nbsp;<\/p>\n<p>&nbsp;<\/p>\n<p>&nbsp;<\/p>\n<p><b>Inscripcions<\/b>: del\u00a0<b>12 al 27 de setembre\u00a0<\/b>de 2019.<br \/>\n<b>Consulta de les adjudicacions<\/b>:\u00a0\u00a0<b>A partir del 9 d\u2019octubre<\/b>\u00a0de 2019.<br \/>\n<b>Inici de les activitats<\/b>:\u00a0\u00a0<b>A partir del 15 d\u2019octubre<\/b>\u00a0de 2019.<br \/>\n<b>La inscripci\u00f3<\/b>\u00a0es realitzar\u00e0 mitjan\u00e7ant el codi d\u2019usuari\u00a0<b>xtec.<\/b><\/p>\n<p><strong>Trobareu totes les activitats de PFZ del Ripoll\u00e8s en el seg\u00fcent enlla\u00e7:<\/strong><\/p>\n<p><a href=\"https:\/\/aplicacions.gestioeducativa.gencat.cat\/pls\/soloas\/pk_for_mod_ins.p_for_cons_activitats?p_any=2019-2020&amp;p_crp=507&amp;p_totes=S&amp;p_paginar=N\">https:\/\/aplicacions.gestioeducativa.gencat.cat\/pls\/soloas\/pk_for_mod_ins.p_for_cons_activitats?p_any=2019-2020&amp;p_crp=507&amp;p_totes=S&amp;p_paginar=N<\/a><\/p>\n<p>Tamb\u00e9 podeu consultar la d&#8217;altres activitats al seg\u00fcent enlla\u00e7: <a href=\"http:\/\/xtec.gencat.cat\/ca\/formacio\/info-general\/cercador-activitats\/\">http:\/\/xtec.gencat.cat\/ca\/formacio\/info-general\/cercador-activitats\/<\/a><\/p>\n","protected":false},"excerpt":{"rendered":"<p>&nbsp; &nbsp; &nbsp; &nbsp; &nbsp; Inscripcions: del\u00a012 al 27 de setembre\u00a0de 2019. Consulta de les adjudicacions:\u00a0\u00a0A partir del 9 d\u2019octubre\u00a0de [&hellip;]<\/p>\n","protected":false},"author":1,"featured_media":0,"comment_status":"open","ping_status":"closed","sticky":false,"template":"","format":"standard","meta":{"_bbp_topic_count":0,"_bbp_reply_count":0,"_bbp_total_topic_count":0,"_bbp_total_reply_count":0,"_bbp_voice_count":0,"_bbp_anonymous_reply_count":0,"_bbp_topic_count_hidden":0,"_bbp_reply_count_hidden":0,"_bbp_forum_subforum_count":0,"site-sidebar-layout":"default","site-content-layout":"","ast-site-content-layout":"","site-content-style":"default","site-sidebar-style":"default","ast-global-header-display":"","ast-banner-title-visibility":"","ast-main-header-display":"","ast-hfb-above-header-display":"","ast-hfb-below-header-display":"","ast-hfb-mobile-header-display":"","site-post-title":"","ast-breadcrumbs-content":"","ast-featured-img":"","footer-sml-layout":"","theme-transparent-header-meta":"","adv-header-id-meta":"","stick-header-meta":"","header-above-stick-meta":"","header-main-stick-meta":"","header-below-stick-meta":"","astra-migrate-meta-layouts":"default","ast-page-background-enabled":"default","ast-page-background-meta":{"desktop":{"background-color":"var(--ast-global-color-4)","background-image":"","background-repeat":"repeat","background-position":"center center","background-size":"auto","background-attachment":"scroll","background-type":"","background-media":"","overlay-type":"","overlay-color":"","overlay-opacity":"","overlay-gradient":""},"tablet":{"background-color":"","background-image":"","background-repeat":"repeat","background-position":"center center","background-size":"auto","background-attachment":"scroll","background-type":"","background-media":"","overlay-type":"","overlay-color":"","overlay-opacity":"","overlay-gradient":""},"mobile":{"background-color":"","background-image":"","background-repeat":"repeat","background-position":"center center","background-size":"auto","background-attachment":"scroll","background-type":"","background-media":"","overlay-type":"","overlay-color":"","overlay-opacity":"","overlay-gradient":""}},"ast-content-background-meta":{"desktop":{"background-color":"var(--ast-global-color-5)","background-image":"","background-repeat":"repeat","background-position":"center center","background-size":"auto","background-attachment":"scroll","background-type":"","background-media":"","overlay-type":"","overlay-color":"","overlay-opacity":"","overlay-gradient":""},"tablet":{"background-color":"var(--ast-global-color-5)","background-image":"","background-repeat":"repeat","background-position":"center center","background-size":"auto","background-attachment":"scroll","background-type":"","background-media":"","overlay-type":"","overlay-color":"","overlay-opacity":"","overlay-gradient":""},"mobile":{"background-color":"var(--ast-global-color-5)","background-image":"","background-repeat":"repeat","background-position":"center center","background-size":"auto","background-attachment":"scroll","background-type":"","background-media":"","overlay-type":"","overlay-color":"","overlay-opacity":"","overlay-gradient":""}},"footnotes":""},"categories":[65,1,29],"tags":[],"class_list":["post-10309","post","type-post","status-publish","format-standard","hentry","category-crp","category-general","category-portada"],"post_mailing_queue_ids":[],"_links":{"self":[{"href":"https:\/\/serveiseducatius.xtec.cat\/ripolles\/wp-json\/wp\/v2\/posts\/10309","targetHints":{"allow":["GET"]}}],"collection":[{"href":"https:\/\/serveiseducatius.xtec.cat\/ripolles\/wp-json\/wp\/v2\/posts"}],"about":[{"href":"https:\/\/serveiseducatius.xtec.cat\/ripolles\/wp-json\/wp\/v2\/types\/post"}],"author":[{"embeddable":true,"href":"https:\/\/serveiseducatius.xtec.cat\/ripolles\/wp-json\/wp\/v2\/users\/1"}],"replies":[{"embeddable":true,"href":"https:\/\/serveiseducatius.xtec.cat\/ripolles\/wp-json\/wp\/v2\/comments?post=10309"}],"version-history":[{"count":3,"href":"https:\/\/serveiseducatius.xtec.cat\/ripolles\/wp-json\/wp\/v2\/posts\/10309\/revisions"}],"predecessor-version":[{"id":10313,"href":"https:\/\/serveiseducatius.xtec.cat\/ripolles\/wp-json\/wp\/v2\/posts\/10309\/revisions\/10313"}],"wp:attachment":[{"href":"https:\/\/serveiseducatius.xtec.cat\/ripolles\/wp-json\/wp\/v2\/media?parent=10309"}],"wp:term":[{"taxonomy":"category","embeddable":true,"href":"https:\/\/serveiseducatius.xtec.cat\/ripolles\/wp-json\/wp\/v2\/categories?post=10309"},{"taxonomy":"post_tag","embeddable":true,"href":"https:\/\/serveiseducatius.xtec.cat\/ripolles\/wp-json\/wp\/v2\/tags?post=10309"}],"curies":[{"name":"wp","href":"https:\/\/api.w.org\/{rel}","templated":true}]}}