{"id":969,"date":"2018-04-30T17:01:15","date_gmt":"2018-04-30T15:01:15","guid":{"rendered":"http:\/\/serveiseducatius.xtec.cat\/riberadebre\/?p=969"},"modified":"2020-03-10T09:53:15","modified_gmt":"2020-03-10T08:53:15","slug":"bases-de-participacio-2","status":"publish","type":"post","link":"https:\/\/serveiseducatius.xtec.cat\/riberadebre\/portada\/bases-de-participacio-2\/","title":{"rendered":"Participaci\u00f3 V Jocs Florals"},"content":{"rendered":"<p>De les Terres de l&#8217;Ebre 2 centres de la Ribera passen a la Fase Final de Catalunya:<\/p>\n<p>.Escola St. Miquel d&#8217;Asc\u00f3<\/p>\n<p>.Col.legi\u00a0 Sta. Teresa de M\u00f3ra d&#8217;Ebre.<\/p>\n<p>ENHORABONA i sort als alumnes !!!<\/p>\n<p>_________________________________________________________________________________<\/p>\n<p>FINALISTES COMARCALS DELS JOCS FLORALS A LA RIBERA participants a la fase territorial de Tortosa al mes de maig:<\/p>\n<p>CATEGORIA A: Els prehist\u00f2rics \u00a0i \u00a0 Cl\u00e0udia<\/p>\n<p>CATEGORIA B: Lola Caracola \u00a0i \u00a0Leika<\/p>\n<p>CATEGORIA C: Cucut \u00a0i \u00a0Alfa<\/p>\n<p>En les altres categories els treballs presentats han passat tots a la fase territorial.<\/p>\n<p>&nbsp;<\/p>\n<p>_____________________________________________________________<\/p>\n<p>&nbsp;<\/p>\n<p>Bases pr\u00e8vies:<\/p>\n<p>PRESENTACI\u00d3 DE TREBALLS:<strong> ABANS DEL 24 D&#8217;ABRIL AL CRP<\/strong> , presentaci\u00f3 segons les bases.<\/p>\n<p>Lliurament en format digital, .pdf, an\u00f2nim(segons indicacions per posar nom al fitxer amb pseud\u00f2nim i categoria).<\/p>\n<p>La cinquena convocat\u00f2ria dels Jocs Florals Escolars de Catalunya s\u2019adre\u00e7a als centres d\u2019educaci\u00f3 prim\u00e0ria i educaci\u00f3 secund\u00e0ria obligat\u00f2ria amb la finalitat d\u2019estimular l\u2019expressi\u00f3 escrita dels alumnes, aprofitant una tradici\u00f3 cultural que molts centres escolars ja celebreu.\u00a0<a href=\"https:\/\/docs.google.com\/a\/xtec.cat\/forms\/d\/e\/1FAIpQLSfblpl3gUDSXxU3fKEWBPv4CcrWrx-KiT_EUHnO1Uy4XZ79iQ\/viewform\" target=\"_blank\" rel=\"noopener noreferrer\">Clicant aqu\u00ed accedireu al q\u00fcestionari de participaci\u00f3-inscripci\u00f3<\/a>\u00a0que cal omplir abans del dia 2 de mar\u00e7.<\/p>\n<p>Tots els centres heu rebut un correu des del CRP amb les bases, l&#8217;escrit dels Serveis Territorials amb els terminis i l&#8217;enlla\u00e7 al q\u00fcestionari de participaci\u00f3 que heu de contestar al febrer.<\/p>\n<p><!--more--><\/p>\n<p><span style=\"font-size: medium;\">1. Les categories establertes s\u00f3n les seg\u00fcents:<\/span><\/p>\n<table style=\"width: 910px;\">\n<tbody>\n<tr>\n<td style=\"width: 545px;\">\n<ul>\n<li><b>A. Alumnat del cicle inicial d&#8217;educaci\u00f3 prim\u00e0ria<\/b><\/li>\n<li><b>B. Alumnat del cicle mitj\u00e0 d&#8217;educaci\u00f3 prim\u00e0ria<\/b><\/li>\n<li><b>C. Alumnat del cicle superior d&#8217;educaci\u00f3 prim\u00e0ria<\/b><\/li>\n<li><b>D. Alumnat d&#8217;educaci\u00f3 especial d&#8217;educaci\u00f3 prim\u00e0ria<\/b><\/li>\n<li><b>E. Alumnat d&#8217;educaci\u00f3 especial d&#8217;educaci\u00f3 secund\u00e0ria obligat\u00f2ria<\/b><\/li>\n<li><b>F. Alumnat de 1r i 2n d&#8217;educaci\u00f3 secund\u00e0ria obligat\u00f2ria<\/b><\/li>\n<li><b>G. Alumnat de 3r i 4t d&#8217;educaci\u00f3 secund\u00e0ria obligat\u00f2ria<\/b><\/li>\n<li><b>H.\u00a0Conte audiovisual i il\u00b7lustrat per a tots els alumnes de prim\u00e0ria.<\/b><\/li>\n<\/ul>\n<\/td>\n<td style=\"width: 357px;\"><img loading=\"lazy\" decoding=\"async\" class=\"attachment-266x266 \" src=\"http:\/\/serveiseducatius.xtec.cat\/riberadebre\/wp-content\/uploads\/usu1126\/2015\/11\/jocsflorals-300x300.jpg\" sizes=\"auto, (max-width: 266px) 100vw, 266px\" srcset=\"https:\/\/serveiseducatius.xtec.cat\/riberadebre\/wp-content\/uploads\/usu1126\/2015\/11\/jocsflorals-300x300.jpg 300w, https:\/\/serveiseducatius.xtec.cat\/riberadebre\/wp-content\/uploads\/usu1126\/2015\/11\/jocsflorals-150x150.jpg 150w, https:\/\/serveiseducatius.xtec.cat\/riberadebre\/wp-content\/uploads\/usu1126\/2015\/11\/jocsflorals.jpg 471w\" alt=\"\" width=\"230\" height=\"230\" \/><\/td>\n<\/tr>\n<\/tbody>\n<\/table>\n<p><span style=\"font-size: medium;\">La participaci\u00f3 al certamen \u00e9s volunt\u00e0ria.\u00a0<\/span><\/p>\n<p><span style=\"font-size: medium;\">2. Els treballs han de ser escrits en llengua catalana o en aran\u00e8s. <\/span><\/p>\n<p><span style=\"font-size: medium;\">3. La modalitat pot ser poesia, prosa i conte digital nom\u00e9s per a la categoria H. El tema \u00e9s lliure. <\/span><\/p>\n<p><span style=\"font-size: medium;\">4. Els treballs presentats, un per categoria, poden ser individuals o col\u00b7lectius (m\u00e0xim 3 alumnes). <\/span><\/p>\n<p><span style=\"font-size: medium;\">\u00a0 \u00a0 El treballs col\u00b7lectius nom\u00e9s es podran presentar a les categories A, D, E i H.<\/span><\/p>\n<p><span style=\"font-size: medium;\"> 5. El centre ha de garantir que els treballs presentats s\u00f3n originals, de creaci\u00f3 pr\u00f2pia. <\/span><\/p>\n<p><span style=\"font-size: medium;\">6. Caracter\u00edstiques de la presentaci\u00f3:<\/span><\/p>\n<ul>\n<li><span style=\"font-size: medium;\">L&#8217;extensi\u00f3 no pot ser superior a 3 fulls, amb un m\u00e0xim de 25 l\u00ednies per full. <\/span><\/li>\n<li><span style=\"font-size: medium;\">El tipus i el cos de la lletra han de ser Arial 12.<\/span><\/li>\n<li><span style=\"font-size: medium;\">El format ha de ser en DIN A4, a una sola cara i a doble espai.<\/span><\/li>\n<li><span style=\"font-size: medium;\">Hi ha de constar el t\u00edtol de l\u2019obra, i a dalt a la dreta la categoria i el pseud\u00f2nim.<\/span><\/li>\n<li><span style=\"font-size: medium;\">\u00c9s imprescindible que els treballs arribin corregits respecte de l\u2019ortografia, la sintaxi i el vocabulari.<\/span><\/li>\n<li><span style=\"font-size: medium;\">El conte digital ha de tenir una durada de 4 a 6 minuts. Consulteu les bases espec\u00edfiques<\/span> <span style=\"font-size: medium;\">d\u2019aquesta modalitat.<\/span><\/li>\n<\/ul>\n<p>7. Es crear\u00e0 un jurat per a les categories de treball escrit i un jurat per a la categoria del conte digital<\/p>\n<p>i il\u00b7lustrat. Els jurats seleccionaran un treball per a cadascuna de les 8 categories.<\/p>\n<p>8. El veredicte dels jurats i el lliurament de guardons es dur\u00e0 a terme durant el mes de juny, abans de la finalitzaci\u00f3 del curs escolar.<\/p>\n<p>9. Els treballs guardonats es penjaran al web de la XTEC<a href=\"http:\/\/xtec.gencat.cat\/ca\/centres\/alscentres\/premis\/jocsflorals\/1718\/\" target=\"_blank\" rel=\"noopener noreferrer\"> http:\/\/www.xtec.cat\/web\/centres\/alscentres\/premis\/jocsflorals.<\/a><\/p>\n<p>10. Per poder participar en el certamen, els centres s\u2019han d\u2019adre\u00e7ar al Servei Educatiu de Zona (CRP) i lliurar els treballs<\/p>\n<p>en el termini establert, en suport digital i per correu electr\u00f2nic.<\/p>\n<p>a) Cada centre haur\u00e0 de seleccionar <strong>un treball <\/strong>per categoria i fer-lo arribar al<strong>\u00a0<\/strong>Servei Educatiu.<\/p>\n<p>b) Els treballs escollits d\u00b4acord amb les bases generals i espec\u00edfiques de la categoria H, passaran a la fase territorial.<\/p>\n<p><a href=\"http:\/\/xtec.gencat.cat\/web\/.content\/centres\/alscentres\/premis\/jocsflorals\/documents\/Basesdelscontesaudiovisual-2017-2018.pdf\" target=\"_blank\" rel=\"noopener noreferrer\">BASES DE LA CATEGORIA H: CONTE AUDIOVISUAL IL\u00b7LUSTRAT<\/a><\/p>\n<p>c) Calendari previst (curs 2017-2018)<\/p>\n<p>Data m\u00e0xima per lliurar els treballs seleccionats pel Servei Educatiu ser\u00e0 el <strong>24 d\u00b4abril.<\/strong><\/p>\n<p>Acte lliurament del premis, fase territorial: <strong>25 de maig<\/strong> al mat\u00ed a Tortosa, a la seu dels Serveis Territorials.<\/p>\n<p>Acte de lliurament del premiats, fase nacional ser\u00e0 el <strong>16 de juny<\/strong>.<\/p>\n<p>&nbsp;<\/p>\n<p>PODEU CONSULTAR ELS FINALISTES DEL CURS PASSAT,<a href=\"https:\/\/serveiseducatius.xtec.cat\/riberadebre\/categoria\/dinamitzacio\/jocs-florals\/\" target=\"_blank\" rel=\"noopener noreferrer\"> clicant aqu\u00ed.<\/a><\/p>\n","protected":false},"excerpt":{"rendered":"<p>De les Terres de l&#8217;Ebre 2 centres de la Ribera passen a la Fase Final de Catalunya: .Escola St. Miquel d&#8217;Asc\u00f3 .Col.legi\u00a0 Sta. Teresa de M\u00f3ra d&#8217;Ebre. ENHORABONA i sort als alumnes !!! _________________________________________________________________________________ FINALISTES COMARCALS DELS JOCS FLORALS A LA RIBERA participants a la fase territorial de Tortosa al mes de maig: CATEGORIA A: [&hellip;]<\/p>\n","protected":false},"author":1,"featured_media":965,"comment_status":"open","ping_status":"closed","sticky":false,"template":"","format":"standard","meta":{"_bbp_topic_count":0,"_bbp_reply_count":0,"_bbp_total_topic_count":0,"_bbp_total_reply_count":0,"_bbp_voice_count":0,"_bbp_anonymous_reply_count":0,"_bbp_topic_count_hidden":0,"_bbp_reply_count_hidden":0,"_bbp_forum_subforum_count":0,"site-sidebar-layout":"default","site-content-layout":"","ast-site-content-layout":"","site-content-style":"default","site-sidebar-style":"default","ast-global-header-display":"","ast-banner-title-visibility":"","ast-main-header-display":"","ast-hfb-above-header-display":"","ast-hfb-below-header-display":"","ast-hfb-mobile-header-display":"","site-post-title":"","ast-breadcrumbs-content":"","ast-featured-img":"","footer-sml-layout":"","theme-transparent-header-meta":"","adv-header-id-meta":"","stick-header-meta":"","header-above-stick-meta":"","header-main-stick-meta":"","header-below-stick-meta":"","astra-migrate-meta-layouts":"default","ast-page-background-enabled":"default","ast-page-background-meta":{"desktop":{"background-color":"var(--ast-global-color-4)","background-image":"","background-repeat":"repeat","background-position":"center center","background-size":"auto","background-attachment":"scroll","background-type":"","background-media":"","overlay-type":"","overlay-color":"","overlay-opacity":"","overlay-gradient":""},"tablet":{"background-color":"","background-image":"","background-repeat":"repeat","background-position":"center center","background-size":"auto","background-attachment":"scroll","background-type":"","background-media":"","overlay-type":"","overlay-color":"","overlay-opacity":"","overlay-gradient":""},"mobile":{"background-color":"","background-image":"","background-repeat":"repeat","background-position":"center center","background-size":"auto","background-attachment":"scroll","background-type":"","background-media":"","overlay-type":"","overlay-color":"","overlay-opacity":"","overlay-gradient":""}},"ast-content-background-meta":{"desktop":{"background-color":"var(--ast-global-color-5)","background-image":"","background-repeat":"repeat","background-position":"center center","background-size":"auto","background-attachment":"scroll","background-type":"","background-media":"","overlay-type":"","overlay-color":"","overlay-opacity":"","overlay-gradient":""},"tablet":{"background-color":"var(--ast-global-color-5)","background-image":"","background-repeat":"repeat","background-position":"center center","background-size":"auto","background-attachment":"scroll","background-type":"","background-media":"","overlay-type":"","overlay-color":"","overlay-opacity":"","overlay-gradient":""},"mobile":{"background-color":"var(--ast-global-color-5)","background-image":"","background-repeat":"repeat","background-position":"center center","background-size":"auto","background-attachment":"scroll","background-type":"","background-media":"","overlay-type":"","overlay-color":"","overlay-opacity":"","overlay-gradient":""}},"footnotes":""},"categories":[65,71,29],"tags":[375],"class_list":["post-969","post","type-post","status-publish","format-standard","has-post-thumbnail","hentry","category-crp","category-jocs-florals","category-portada","tag-jocs-florals"],"post_mailing_queue_ids":[],"_links":{"self":[{"href":"https:\/\/serveiseducatius.xtec.cat\/riberadebre\/wp-json\/wp\/v2\/posts\/969","targetHints":{"allow":["GET"]}}],"collection":[{"href":"https:\/\/serveiseducatius.xtec.cat\/riberadebre\/wp-json\/wp\/v2\/posts"}],"about":[{"href":"https:\/\/serveiseducatius.xtec.cat\/riberadebre\/wp-json\/wp\/v2\/types\/post"}],"author":[{"embeddable":true,"href":"https:\/\/serveiseducatius.xtec.cat\/riberadebre\/wp-json\/wp\/v2\/users\/1"}],"replies":[{"embeddable":true,"href":"https:\/\/serveiseducatius.xtec.cat\/riberadebre\/wp-json\/wp\/v2\/comments?post=969"}],"version-history":[{"count":5,"href":"https:\/\/serveiseducatius.xtec.cat\/riberadebre\/wp-json\/wp\/v2\/posts\/969\/revisions"}],"predecessor-version":[{"id":9158,"href":"https:\/\/serveiseducatius.xtec.cat\/riberadebre\/wp-json\/wp\/v2\/posts\/969\/revisions\/9158"}],"wp:featuredmedia":[{"embeddable":true,"href":"https:\/\/serveiseducatius.xtec.cat\/riberadebre\/wp-json\/wp\/v2\/media\/965"}],"wp:attachment":[{"href":"https:\/\/serveiseducatius.xtec.cat\/riberadebre\/wp-json\/wp\/v2\/media?parent=969"}],"wp:term":[{"taxonomy":"category","embeddable":true,"href":"https:\/\/serveiseducatius.xtec.cat\/riberadebre\/wp-json\/wp\/v2\/categories?post=969"},{"taxonomy":"post_tag","embeddable":true,"href":"https:\/\/serveiseducatius.xtec.cat\/riberadebre\/wp-json\/wp\/v2\/tags?post=969"}],"curies":[{"name":"wp","href":"https:\/\/api.w.org\/{rel}","templated":true}]}}