{"id":9664,"date":"2018-11-22T09:16:31","date_gmt":"2018-11-22T08:16:31","guid":{"rendered":"http:\/\/serveiseducatius.xtec.cat\/riberadebre\/?p=9664"},"modified":"2018-11-22T09:16:31","modified_gmt":"2018-11-22T08:16:31","slug":"conferencia-online-daniel-gabarro-escuelas-seguras-herramientas-para-superar-el-bullying-y-potenciar-el-buen-trato","status":"publish","type":"post","link":"https:\/\/serveiseducatius.xtec.cat\/riberadebre\/general\/conferencia-online-daniel-gabarro-escuelas-seguras-herramientas-para-superar-el-bullying-y-potenciar-el-buen-trato\/","title":{"rendered":"CONFER\u00c8NCIA ONLINE DANIEL GABARR\u00d3 &#8220;ESCUELAS SEGURAS: HERRAMIENTAS PARA SUPERAR EL BULLYING Y POTENCIAR EL BUEN TRATO&#8221;"},"content":{"rendered":"<p>Confer\u00e8ncia online gratu\u00efta a c\u00e0rrec de <a href=\"https:\/\/danielgabarro.com\/ca\/\" target=\"_blank\" rel=\"noopener\">Daniel Gabarr\u00f3<\/a> en la que s&#8217;oferiran eines \u00fatils i espec\u00edfiques per potenciar el bon tracte en les relacions escolars.<\/p>\n<p>Dilluns, 26 de novembre de 2018.<\/p>\n<p>Informaci\u00f3\u00a0i inscripci\u00f3:\u00a0<a href=\"https:\/\/events.genndi.com\/register\/818182175026315478\/ddacc23588\" target=\"_blank\" rel=\"noopener\">https:\/\/events.genndi.com\/register\/818182175026315478\/ddacc23588<\/a><\/p>\n<p><a href=\"https:\/\/serveiseducatius.xtec.cat\/riberadebre\/wp-content\/uploads\/usu1126\/2018\/11\/daniel-gabarro-sobre-mi.png\"><img loading=\"lazy\" decoding=\"async\" class=\"alignnone  wp-image-9665\" src=\"https:\/\/serveiseducatius.xtec.cat\/riberadebre\/wp-content\/uploads\/usu1126\/2018\/11\/daniel-gabarro-sobre-mi.png\" alt=\"\" width=\"274\" height=\"290\" srcset=\"https:\/\/serveiseducatius.xtec.cat\/riberadebre\/wp-content\/uploads\/usu1126\/2018\/11\/daniel-gabarro-sobre-mi.png 500w, https:\/\/serveiseducatius.xtec.cat\/riberadebre\/wp-content\/uploads\/usu1126\/2018\/11\/daniel-gabarro-sobre-mi-283x300.png 283w\" sizes=\"auto, (max-width: 274px) 100vw, 274px\" \/><\/a><\/p>\n","protected":false},"excerpt":{"rendered":"<p>Confer\u00e8ncia online gratu\u00efta a c\u00e0rrec de Daniel Gabarr\u00f3 en la que s&#8217;oferiran eines \u00fatils i espec\u00edfiques per potenciar el bon tracte en les relacions escolars. Dilluns, 26 de novembre de 2018. Informaci\u00f3\u00a0i inscripci\u00f3:\u00a0https:\/\/events.genndi.com\/register\/818182175026315478\/ddacc23588<\/p>\n","protected":false},"author":9,"featured_media":9666,"comment_status":"open","ping_status":"closed","sticky":false,"template":"","format":"standard","meta":{"_bbp_topic_count":0,"_bbp_reply_count":0,"_bbp_total_topic_count":0,"_bbp_total_reply_count":0,"_bbp_voice_count":0,"_bbp_anonymous_reply_count":0,"_bbp_topic_count_hidden":0,"_bbp_reply_count_hidden":0,"_bbp_forum_subforum_count":0,"site-sidebar-layout":"default","site-content-layout":"","ast-site-content-layout":"","site-content-style":"default","site-sidebar-style":"default","ast-global-header-display":"","ast-banner-title-visibility":"","ast-main-header-display":"","ast-hfb-above-header-display":"","ast-hfb-below-header-display":"","ast-hfb-mobile-header-display":"","site-post-title":"","ast-breadcrumbs-content":"","ast-featured-img":"","footer-sml-layout":"","theme-transparent-header-meta":"","adv-header-id-meta":"","stick-header-meta":"","header-above-stick-meta":"","header-main-stick-meta":"","header-below-stick-meta":"","astra-migrate-meta-layouts":"default","ast-page-background-enabled":"default","ast-page-background-meta":{"desktop":{"background-color":"var(--ast-global-color-4)","background-image":"","background-repeat":"repeat","background-position":"center center","background-size":"auto","background-attachment":"scroll","background-type":"","background-media":"","overlay-type":"","overlay-color":"","overlay-opacity":"","overlay-gradient":""},"tablet":{"background-color":"","background-image":"","background-repeat":"repeat","background-position":"center center","background-size":"auto","background-attachment":"scroll","background-type":"","background-media":"","overlay-type":"","overlay-color":"","overlay-opacity":"","overlay-gradient":""},"mobile":{"background-color":"","background-image":"","background-repeat":"repeat","background-position":"center center","background-size":"auto","background-attachment":"scroll","background-type":"","background-media":"","overlay-type":"","overlay-color":"","overlay-opacity":"","overlay-gradient":""}},"ast-content-background-meta":{"desktop":{"background-color":"var(--ast-global-color-5)","background-image":"","background-repeat":"repeat","background-position":"center center","background-size":"auto","background-attachment":"scroll","background-type":"","background-media":"","overlay-type":"","overlay-color":"","overlay-opacity":"","overlay-gradient":""},"tablet":{"background-color":"var(--ast-global-color-5)","background-image":"","background-repeat":"repeat","background-position":"center center","background-size":"auto","background-attachment":"scroll","background-type":"","background-media":"","overlay-type":"","overlay-color":"","overlay-opacity":"","overlay-gradient":""},"mobile":{"background-color":"var(--ast-global-color-5)","background-image":"","background-repeat":"repeat","background-position":"center center","background-size":"auto","background-attachment":"scroll","background-type":"","background-media":"","overlay-type":"","overlay-color":"","overlay-opacity":"","overlay-gradient":""}},"footnotes":""},"categories":[232,317,65,67,1,29],"tags":[],"class_list":["post-9664","post","type-post","status-publish","format-standard","has-post-thumbnail","hentry","category-asc","category-bullying","category-crp","category-eap","category-general","category-portada"],"post_mailing_queue_ids":[],"_links":{"self":[{"href":"https:\/\/serveiseducatius.xtec.cat\/riberadebre\/wp-json\/wp\/v2\/posts\/9664","targetHints":{"allow":["GET"]}}],"collection":[{"href":"https:\/\/serveiseducatius.xtec.cat\/riberadebre\/wp-json\/wp\/v2\/posts"}],"about":[{"href":"https:\/\/serveiseducatius.xtec.cat\/riberadebre\/wp-json\/wp\/v2\/types\/post"}],"author":[{"embeddable":true,"href":"https:\/\/serveiseducatius.xtec.cat\/riberadebre\/wp-json\/wp\/v2\/users\/9"}],"replies":[{"embeddable":true,"href":"https:\/\/serveiseducatius.xtec.cat\/riberadebre\/wp-json\/wp\/v2\/comments?post=9664"}],"version-history":[{"count":1,"href":"https:\/\/serveiseducatius.xtec.cat\/riberadebre\/wp-json\/wp\/v2\/posts\/9664\/revisions"}],"predecessor-version":[{"id":9667,"href":"https:\/\/serveiseducatius.xtec.cat\/riberadebre\/wp-json\/wp\/v2\/posts\/9664\/revisions\/9667"}],"wp:featuredmedia":[{"embeddable":true,"href":"https:\/\/serveiseducatius.xtec.cat\/riberadebre\/wp-json\/wp\/v2\/media\/9666"}],"wp:attachment":[{"href":"https:\/\/serveiseducatius.xtec.cat\/riberadebre\/wp-json\/wp\/v2\/media?parent=9664"}],"wp:term":[{"taxonomy":"category","embeddable":true,"href":"https:\/\/serveiseducatius.xtec.cat\/riberadebre\/wp-json\/wp\/v2\/categories?post=9664"},{"taxonomy":"post_tag","embeddable":true,"href":"https:\/\/serveiseducatius.xtec.cat\/riberadebre\/wp-json\/wp\/v2\/tags?post=9664"}],"curies":[{"name":"wp","href":"https:\/\/api.w.org\/{rel}","templated":true}]}}