{"id":9025,"date":"2018-05-09T09:16:22","date_gmt":"2018-05-09T07:16:22","guid":{"rendered":"http:\/\/serveiseducatius.xtec.cat\/riberadebre\/?p=9025"},"modified":"2018-05-13T12:54:57","modified_gmt":"2018-05-13T10:54:57","slug":"x-jornada-de-programacio-i-robotica-educatives","status":"publish","type":"post","link":"https:\/\/serveiseducatius.xtec.cat\/riberadebre\/portada\/x-jornada-de-programacio-i-robotica-educatives\/","title":{"rendered":"X JORNADA DE PROGRAMACI\u00d3 I ROB\u00d2TICA EDUCATIVES"},"content":{"rendered":"<header class=\"entry-header\">\n<h1 class=\"entry-title\"><a href=\"http:\/\/blocs.xtec.cat\/jornadaprograma\/inscripcio\/#_ga=2.177470501.1659756430.1525849721-643759347.1513165619\" target=\"_blank\" rel=\"noopener noreferrer\">Inscripci\u00f3 oberta<\/a><\/h1>\n<\/header>\n<div class=\"entry-content\">\n<p><strong>Per\u00edode d\u2019inscripci\u00f3<\/strong>: del 9 d\u2019abril al 13 de maig<\/p>\n<p>El l\u00edmit de places \u00e9s de\u00a0<strong>350 persones<\/strong>.<br \/>\nNo es permetr\u00e0 l\u2019acc\u00e9s a la Jornada sense inscripci\u00f3 pr\u00e8via<\/p>\n<p><a href=\"http:\/\/blocs.xtec.cat\/jornadaprograma\/\" target=\"_blank\" rel=\"noopener noreferrer\">Especialment adre\u00e7ada als docents de\u00a0prim\u00e0ria i de secund\u00e0ria<\/a><\/p>\n<\/div>\n<p><img loading=\"lazy\" decoding=\"async\" class=\"attachment-266x266 \" src=\"http:\/\/serveiseducatius.xtec.cat\/riberadebre\/wp-content\/uploads\/usu1126\/2018\/05\/Jornada-Programa-Jornada-de-programaci%C3%B3-i-rob%C3%B2tica-educatives.jpg\" sizes=\"auto, (max-width: 266px) 100vw, 266px\" srcset=\"https:\/\/serveiseducatius.xtec.cat\/riberadebre\/wp-content\/uploads\/usu1126\/2018\/05\/Jornada-Programa-Jornada-de-programaci\u00f3-i-rob\u00f2tica-educatives.jpg 998w, https:\/\/serveiseducatius.xtec.cat\/riberadebre\/wp-content\/uploads\/usu1126\/2018\/05\/Jornada-Programa-Jornada-de-programaci\u00f3-i-rob\u00f2tica-educatives-300x76.jpg 300w, https:\/\/serveiseducatius.xtec.cat\/riberadebre\/wp-content\/uploads\/usu1126\/2018\/05\/Jornada-Programa-Jornada-de-programaci\u00f3-i-rob\u00f2tica-educatives-768x195.jpg 768w\" alt=\"\" width=\"567\" height=\"144\" \/><\/p>\n<p>El dia\u00a0<strong>26 de maig de 2018<\/strong>\u00a0se celebrar\u00e0 la\u00a0<strong>desena edici\u00f3<\/strong>\u00a0de la\u00a0<strong>Jornada Programa<\/strong>, dedicada a l\u2019intercanvi d\u2019experi\u00e8ncies did\u00e0ctiques on s\u2019empren entorns de programaci\u00f3 i de rob\u00f2tica educativa<\/p>\n","protected":false},"excerpt":{"rendered":"<p>Inscripci\u00f3 oberta Per\u00edode d\u2019inscripci\u00f3: del 9 d\u2019abril al 13 de maig El l\u00edmit de places \u00e9s de\u00a0350 persones. No es permetr\u00e0 l\u2019acc\u00e9s a la Jornada sense inscripci\u00f3 pr\u00e8via Especialment adre\u00e7ada als docents de\u00a0prim\u00e0ria i de secund\u00e0ria El dia\u00a026 de maig de 2018\u00a0se celebrar\u00e0 la\u00a0desena edici\u00f3\u00a0de la\u00a0Jornada Programa, dedicada a l\u2019intercanvi d\u2019experi\u00e8ncies did\u00e0ctiques on s\u2019empren entorns [&hellip;]<\/p>\n","protected":false},"author":1,"featured_media":9026,"comment_status":"open","ping_status":"closed","sticky":false,"template":"","format":"standard","meta":{"_bbp_topic_count":0,"_bbp_reply_count":0,"_bbp_total_topic_count":0,"_bbp_total_reply_count":0,"_bbp_voice_count":0,"_bbp_anonymous_reply_count":0,"_bbp_topic_count_hidden":0,"_bbp_reply_count_hidden":0,"_bbp_forum_subforum_count":0,"site-sidebar-layout":"default","site-content-layout":"","ast-site-content-layout":"","site-content-style":"default","site-sidebar-style":"default","ast-global-header-display":"","ast-banner-title-visibility":"","ast-main-header-display":"","ast-hfb-above-header-display":"","ast-hfb-below-header-display":"","ast-hfb-mobile-header-display":"","site-post-title":"","ast-breadcrumbs-content":"","ast-featured-img":"","footer-sml-layout":"","theme-transparent-header-meta":"","adv-header-id-meta":"","stick-header-meta":"","header-above-stick-meta":"","header-main-stick-meta":"","header-below-stick-meta":"","astra-migrate-meta-layouts":"default","ast-page-background-enabled":"default","ast-page-background-meta":{"desktop":{"background-color":"var(--ast-global-color-4)","background-image":"","background-repeat":"repeat","background-position":"center center","background-size":"auto","background-attachment":"scroll","background-type":"","background-media":"","overlay-type":"","overlay-color":"","overlay-opacity":"","overlay-gradient":""},"tablet":{"background-color":"","background-image":"","background-repeat":"repeat","background-position":"center center","background-size":"auto","background-attachment":"scroll","background-type":"","background-media":"","overlay-type":"","overlay-color":"","overlay-opacity":"","overlay-gradient":""},"mobile":{"background-color":"","background-image":"","background-repeat":"repeat","background-position":"center center","background-size":"auto","background-attachment":"scroll","background-type":"","background-media":"","overlay-type":"","overlay-color":"","overlay-opacity":"","overlay-gradient":""}},"ast-content-background-meta":{"desktop":{"background-color":"var(--ast-global-color-5)","background-image":"","background-repeat":"repeat","background-position":"center center","background-size":"auto","background-attachment":"scroll","background-type":"","background-media":"","overlay-type":"","overlay-color":"","overlay-opacity":"","overlay-gradient":""},"tablet":{"background-color":"var(--ast-global-color-5)","background-image":"","background-repeat":"repeat","background-position":"center center","background-size":"auto","background-attachment":"scroll","background-type":"","background-media":"","overlay-type":"","overlay-color":"","overlay-opacity":"","overlay-gradient":""},"mobile":{"background-color":"var(--ast-global-color-5)","background-image":"","background-repeat":"repeat","background-position":"center center","background-size":"auto","background-attachment":"scroll","background-type":"","background-media":"","overlay-type":"","overlay-color":"","overlay-opacity":"","overlay-gradient":""}},"footnotes":""},"categories":[65,309,308,154,310,63,29,329],"tags":[],"class_list":["post-9025","post","type-post","status-publish","format-standard","has-post-thumbnail","hentry","category-crp","category-ei","category-escoles","category-formacio","category-institut","category-noticies","category-portada","category-tecnologia"],"post_mailing_queue_ids":[],"_links":{"self":[{"href":"https:\/\/serveiseducatius.xtec.cat\/riberadebre\/wp-json\/wp\/v2\/posts\/9025","targetHints":{"allow":["GET"]}}],"collection":[{"href":"https:\/\/serveiseducatius.xtec.cat\/riberadebre\/wp-json\/wp\/v2\/posts"}],"about":[{"href":"https:\/\/serveiseducatius.xtec.cat\/riberadebre\/wp-json\/wp\/v2\/types\/post"}],"author":[{"embeddable":true,"href":"https:\/\/serveiseducatius.xtec.cat\/riberadebre\/wp-json\/wp\/v2\/users\/1"}],"replies":[{"embeddable":true,"href":"https:\/\/serveiseducatius.xtec.cat\/riberadebre\/wp-json\/wp\/v2\/comments?post=9025"}],"version-history":[{"count":3,"href":"https:\/\/serveiseducatius.xtec.cat\/riberadebre\/wp-json\/wp\/v2\/posts\/9025\/revisions"}],"predecessor-version":[{"id":9030,"href":"https:\/\/serveiseducatius.xtec.cat\/riberadebre\/wp-json\/wp\/v2\/posts\/9025\/revisions\/9030"}],"wp:featuredmedia":[{"embeddable":true,"href":"https:\/\/serveiseducatius.xtec.cat\/riberadebre\/wp-json\/wp\/v2\/media\/9026"}],"wp:attachment":[{"href":"https:\/\/serveiseducatius.xtec.cat\/riberadebre\/wp-json\/wp\/v2\/media?parent=9025"}],"wp:term":[{"taxonomy":"category","embeddable":true,"href":"https:\/\/serveiseducatius.xtec.cat\/riberadebre\/wp-json\/wp\/v2\/categories?post=9025"},{"taxonomy":"post_tag","embeddable":true,"href":"https:\/\/serveiseducatius.xtec.cat\/riberadebre\/wp-json\/wp\/v2\/tags?post=9025"}],"curies":[{"name":"wp","href":"https:\/\/api.w.org\/{rel}","templated":true}]}}