{"id":22447,"date":"2026-04-29T09:00:22","date_gmt":"2026-04-29T07:00:22","guid":{"rendered":"https:\/\/serveiseducatius.xtec.cat\/riberadebre\/?p=22447"},"modified":"2026-04-28T20:33:51","modified_gmt":"2026-04-28T18:33:51","slug":"deteccio-necessitats-formatives-docents-pfz-ribera-debre-curs-2026-27","status":"publish","type":"post","link":"https:\/\/serveiseducatius.xtec.cat\/riberadebre\/portada\/deteccio-necessitats-formatives-docents-pfz-ribera-debre-curs-2026-27\/","title":{"rendered":"Detecci\u00f3 necessitats formatives docents PFZ Ribera d&#8217;Ebre curs 2026-27"},"content":{"rendered":"<p><strong>A partir del document de Criteris, Instruccions i Orientacions de la Formaci\u00f3 del Professorat , on es concreten les <a href=\"https:\/\/serveiseducatius.xtec.cat\/riberadebre\/portada\/linies-prioritaries-en-la-formacio-del-professorat\/\" target=\"_blank\" rel=\"noopener\">l\u00ednies priorit\u00e0ries de la formaci\u00f3<\/a> i els \u00e0mbits prioritzats de la formaci\u00f3 docent per al proper curs 2026-27, iniciem des del CRP la detecci\u00f3 de necessitats formatives dels centres i professorat de la comarca dins el PFZ de la Ribera d\u2019Ebre.<\/strong><\/p>\n<p><strong>Fins el dia 8 de maig 2026<\/strong> hi ha termini per a presentar al CRP la proposta formativa de cada centre, segons informaci\u00f3 exposada a la reuni\u00f3 informativa del dia 24 d&#8217;abril als equips directius dels instituts i escoles de la Ribera.<\/p>\n<p>Cada centre acorda la formaci\u00f3 interna amb l\u2019acompanyament del CRP i el vistiplau de la inspecci\u00f3 educativa. A cada formaci\u00f3 tamb\u00e9 cal indicar les <a href=\"https:\/\/serveiseducatius.xtec.cat\/riberadebre\/portada\/marc-de-les-competencies-professionals-docents\/\" target=\"_blank\" rel=\"noopener\"><strong>compet\u00e8ncies professionals docents<\/strong> <\/a>que es treballen, aix\u00ed com incorporar<a href=\"https:\/\/serveiseducatius.xtec.cat\/riberadebre\/portada\/recursos-per-a-treballar-els-ods\/\" target=\"_blank\" rel=\"noopener\">\u00a0els ODS.<\/a><\/p>\n<p>Per a la detecci\u00f3 de la formaci\u00f3 de zona s\u2019han fet arribar els formularis de la\u00a0<strong>formaci\u00f3 intercentres<\/strong>\u00a0(seminaris, grups de treball i tallers d\u2019equips de centres)<\/p>\n<p>Per a completar la detecci\u00f3 de detecci\u00f3 de necessitats formatives del professorat es pot omplir <a href=\"https:\/\/forms.gle\/yijqBcQLK9hmVCe67\" target=\"_blank\" rel=\"noopener\">aquest <strong>formulari enlla\u00e7at\u00a0com a necessitats individuals.<\/strong><\/a><\/p>\n<p>La\u00a0<strong>Comissi\u00f3 del PFZ de la Ribera d\u2019Ebre\u00a0<\/strong>aprova el 26 de maig la proposta formativa.<\/p>\n<p>Es\u00a0<b>prioritza la formaci\u00f3 en centre i per a centres:<\/b><\/p>\n<ul>\n<li><em>La formaci\u00f3 en centre com a eina de suport i d\u2019enfortiment del projecte educatiu del centre (PEC). Hi ha formaci\u00f3 tipificada associada als Programes d\u2019Innovaci\u00f3 del centre o altres que poden arribar a cada centre segons prioritats.<\/em><\/li>\n<li><em>La formaci\u00f3 per a centres aprofita l\u2019intercanvi pedag\u00f2gic i la formaci\u00f3 de persones de diferents centres educatius que actuen com a equips impulsors o responsables del seu centre per a enfortir tamb\u00e9 el PEC.\u00a0Les persones participants a la formaci\u00f3 per a centres tenen el comprom\u00eds de transferir i compartir el treball de la formaci\u00f3 en el seu centre.<\/em><\/li>\n<\/ul>\n<p><img loading=\"lazy\" decoding=\"async\" class=\"alignnone size-full wp-image-10156\" src=\"https:\/\/serveiseducatius.xtec.cat\/riberadebre\/wp-content\/uploads\/usu1126\/2019\/04\/modalitats-PFZ-19-20.jpg\" sizes=\"auto, (max-width: 768px) 100vw, 768px\" srcset=\"https:\/\/serveiseducatius.xtec.cat\/riberadebre\/wp-content\/uploads\/usu1126\/2019\/04\/modalitats-PFZ-19-20.jpg 768w, https:\/\/serveiseducatius.xtec.cat\/riberadebre\/wp-content\/uploads\/usu1126\/2019\/04\/modalitats-PFZ-19-20-300x173.jpg 300w\" alt=\"\" width=\"768\" height=\"442\" \/><\/p>\n<p>Trobareu\u00a0<a href=\"https:\/\/serveiseducatius.xtec.cat\/riberadebre\/formacio\/\" target=\"_blank\" rel=\"noopener\">m\u00e9s informaci\u00f3 en aquest enlla\u00e7.<\/a><\/p>\n<p>Recordeu l\u2019\u00e0mplia\u00a0<a href=\"https:\/\/xtec.gencat.cat\/ca\/formacio\/formaciogeneralprofessorat\/\" target=\"_blank\" rel=\"noopener\">oferta que desplega el Departament\u00a0<\/a>amb diferents tipologies i modalitats formatives.<\/p>\n<h5>Des <a href=\"https:\/\/xtec.gencat.cat\/ca\/formacio\/cataleg-de-formacio\/curs-2026-2027\/\" target=\"_blank\" rel=\"noopener\">del<strong>\u00a0CAT\u00c0LEG en l\u00ednia, es poden consultar tots els \u00e0mbits formatius proposats pel Departament.<\/strong><\/a><\/h5>\n<p>L\u2019oferta formativa per al professorat es publicar\u00e0 al mes de juliol<strong>\u00a0<a href=\"https:\/\/xtec.gencat.cat\/ca\/formacio\/\" target=\"_blank\" rel=\"noopener\">a XTEC<\/a><\/strong>\u00a0i\u00a0<strong>la inscripci\u00f3 es realitza al mes de setembre.<\/strong><\/p>\n<p><a href=\"https:\/\/serveiseducatius.xtec.cat\/riberadebre\/wp-content\/uploads\/usu1126\/2025\/01\/pfz.jpg\"><img loading=\"lazy\" decoding=\"async\" class=\"alignnone size-full wp-image-20080\" src=\"https:\/\/serveiseducatius.xtec.cat\/riberadebre\/wp-content\/uploads\/usu1126\/2025\/01\/pfz.jpg\" alt=\"\" width=\"267\" height=\"188\" \/><\/a><\/p>\n","protected":false},"excerpt":{"rendered":"<p>A partir del document de Criteris, Instruccions i Orientacions de la Formaci\u00f3 del Professorat , on es concreten les l\u00ednies priorit\u00e0ries de la formaci\u00f3 i els \u00e0mbits prioritzats de la formaci\u00f3 docent per al proper curs 2026-27, iniciem des del CRP la detecci\u00f3 de necessitats formatives dels centres i professorat de la comarca dins el [&hellip;]<\/p>\n","protected":false},"author":3,"featured_media":13221,"comment_status":"open","ping_status":"open","sticky":false,"template":"","format":"standard","meta":{"_bbp_topic_count":0,"_bbp_reply_count":0,"_bbp_total_topic_count":0,"_bbp_total_reply_count":0,"_bbp_voice_count":0,"_bbp_anonymous_reply_count":0,"_bbp_topic_count_hidden":0,"_bbp_reply_count_hidden":0,"_bbp_forum_subforum_count":0,"site-sidebar-layout":"default","site-content-layout":"","ast-site-content-layout":"default","site-content-style":"default","site-sidebar-style":"default","ast-global-header-display":"","ast-banner-title-visibility":"","ast-main-header-display":"","ast-hfb-above-header-display":"","ast-hfb-below-header-display":"","ast-hfb-mobile-header-display":"","site-post-title":"","ast-breadcrumbs-content":"","ast-featured-img":"","footer-sml-layout":"","theme-transparent-header-meta":"default","adv-header-id-meta":"","stick-header-meta":"","header-above-stick-meta":"","header-main-stick-meta":"","header-below-stick-meta":"","astra-migrate-meta-layouts":"set","ast-page-background-enabled":"default","ast-page-background-meta":{"desktop":{"background-color":"var(--ast-global-color-4)","background-image":"","background-repeat":"repeat","background-position":"center center","background-size":"auto","background-attachment":"scroll","background-type":"","background-media":"","overlay-type":"","overlay-color":"","overlay-opacity":"","overlay-gradient":""},"tablet":{"background-color":"","background-image":"","background-repeat":"repeat","background-position":"center center","background-size":"auto","background-attachment":"scroll","background-type":"","background-media":"","overlay-type":"","overlay-color":"","overlay-opacity":"","overlay-gradient":""},"mobile":{"background-color":"","background-image":"","background-repeat":"repeat","background-position":"center center","background-size":"auto","background-attachment":"scroll","background-type":"","background-media":"","overlay-type":"","overlay-color":"","overlay-opacity":"","overlay-gradient":""}},"ast-content-background-meta":{"desktop":{"background-color":"var(--ast-global-color-5)","background-image":"","background-repeat":"repeat","background-position":"center center","background-size":"auto","background-attachment":"scroll","background-type":"","background-media":"","overlay-type":"","overlay-color":"","overlay-opacity":"","overlay-gradient":""},"tablet":{"background-color":"var(--ast-global-color-5)","background-image":"","background-repeat":"repeat","background-position":"center center","background-size":"auto","background-attachment":"scroll","background-type":"","background-media":"","overlay-type":"","overlay-color":"","overlay-opacity":"","overlay-gradient":""},"mobile":{"background-color":"var(--ast-global-color-5)","background-image":"","background-repeat":"repeat","background-position":"center center","background-size":"auto","background-attachment":"scroll","background-type":"","background-media":"","overlay-type":"","overlay-color":"","overlay-opacity":"","overlay-gradient":""}},"footnotes":""},"categories":[65,308,154,310,153,29],"tags":[],"class_list":["post-22447","post","type-post","status-publish","format-standard","has-post-thumbnail","hentry","category-crp","category-escoles","category-formacio","category-institut","category-pfz","category-portada"],"post_mailing_queue_ids":[],"_links":{"self":[{"href":"https:\/\/serveiseducatius.xtec.cat\/riberadebre\/wp-json\/wp\/v2\/posts\/22447","targetHints":{"allow":["GET"]}}],"collection":[{"href":"https:\/\/serveiseducatius.xtec.cat\/riberadebre\/wp-json\/wp\/v2\/posts"}],"about":[{"href":"https:\/\/serveiseducatius.xtec.cat\/riberadebre\/wp-json\/wp\/v2\/types\/post"}],"author":[{"embeddable":true,"href":"https:\/\/serveiseducatius.xtec.cat\/riberadebre\/wp-json\/wp\/v2\/users\/3"}],"replies":[{"embeddable":true,"href":"https:\/\/serveiseducatius.xtec.cat\/riberadebre\/wp-json\/wp\/v2\/comments?post=22447"}],"version-history":[{"count":6,"href":"https:\/\/serveiseducatius.xtec.cat\/riberadebre\/wp-json\/wp\/v2\/posts\/22447\/revisions"}],"predecessor-version":[{"id":22455,"href":"https:\/\/serveiseducatius.xtec.cat\/riberadebre\/wp-json\/wp\/v2\/posts\/22447\/revisions\/22455"}],"wp:featuredmedia":[{"embeddable":true,"href":"https:\/\/serveiseducatius.xtec.cat\/riberadebre\/wp-json\/wp\/v2\/media\/13221"}],"wp:attachment":[{"href":"https:\/\/serveiseducatius.xtec.cat\/riberadebre\/wp-json\/wp\/v2\/media?parent=22447"}],"wp:term":[{"taxonomy":"category","embeddable":true,"href":"https:\/\/serveiseducatius.xtec.cat\/riberadebre\/wp-json\/wp\/v2\/categories?post=22447"},{"taxonomy":"post_tag","embeddable":true,"href":"https:\/\/serveiseducatius.xtec.cat\/riberadebre\/wp-json\/wp\/v2\/tags?post=22447"}],"curies":[{"name":"wp","href":"https:\/\/api.w.org\/{rel}","templated":true}]}}