{"id":22244,"date":"2026-04-14T11:10:55","date_gmt":"2026-04-14T09:10:55","guid":{"rendered":"https:\/\/serveiseducatius.xtec.cat\/riberadebre\/?p=22244"},"modified":"2026-04-15T14:04:26","modified_gmt":"2026-04-15T12:04:26","slug":"trobada-de-corals-2026-ribera-debre-i-terra-alta","status":"publish","type":"post","link":"https:\/\/serveiseducatius.xtec.cat\/riberadebre\/portada\/trobada-de-corals-2026-ribera-debre-i-terra-alta\/","title":{"rendered":"Trobada de Corals 2026 &#8211; Ribera d&#8217;Ebre i Terra Alta"},"content":{"rendered":"<p>&nbsp;<\/p>\n<p><strong>Trobada de Corals de Prim\u00e0ria 2026, organitzada des de Serveis Educatius Terres de l&#8217;Ebre. <\/strong><\/p>\n<p>Degut al gran nombre de participaci\u00f3 territorial aquest curs s&#8217;han organitzazt tres jornades de cantades. Una de les Cantades tindr\u00e0 lloc el 21 d&#8217;abril al Teatre La Llanterna de M\u00f3ra d&#8217;Ebre, a partir de les 10:30h. En aquesta activitat hi participar\u00e0 alumnat de prim\u00e0ria de centres educatius de la Ribera d&#8217;Ebre i la Terra Alta.<\/p>\n<p>Cada centre participant cantar\u00e0 dues can\u00e7ons individualment i, tots els centres participants cantaran conjuntament un cant com\u00fa per finalitzar la jornada.<\/p>\n<p>Les escoles participants a la Trobada Corals del dia 21 d&#8217;abril:<\/p>\n<ul>\n<li>Col\u00b7legi Santa Teresa<\/li>\n<li>ZER Font de l&#8217;Aiguad\u00ed: Esc Les Eres (Rasquera) i Esc P\u00e0mies (Ginestar)<\/li>\n<li>Escola Llu\u00eds Vi\u00f1as i Vi\u00f1oles (M\u00f3ra d&#8217;Ebre)<\/li>\n<li>Escola Puig Cavaller (Gandesa)<\/li>\n<li>Escola Sant Miquel (Asc\u00f3)<\/li>\n<\/ul>\n<p><a href=\"https:\/\/serveiseducatius.xtec.cat\/riberadebre\/wp-content\/uploads\/usu1126\/2026\/04\/Cartell_Trobada-de-Corals_page-0001.jpg\"><img loading=\"lazy\" decoding=\"async\" class=\"alignnone  wp-image-22389\" src=\"https:\/\/serveiseducatius.xtec.cat\/riberadebre\/wp-content\/uploads\/usu1126\/2026\/04\/Cartell_Trobada-de-Corals_page-0001-725x1024.jpg\" alt=\"\" width=\"295\" height=\"417\" srcset=\"https:\/\/serveiseducatius.xtec.cat\/riberadebre\/wp-content\/uploads\/usu1126\/2026\/04\/Cartell_Trobada-de-Corals_page-0001-725x1024.jpg 725w, https:\/\/serveiseducatius.xtec.cat\/riberadebre\/wp-content\/uploads\/usu1126\/2026\/04\/Cartell_Trobada-de-Corals_page-0001-212x300.jpg 212w, https:\/\/serveiseducatius.xtec.cat\/riberadebre\/wp-content\/uploads\/usu1126\/2026\/04\/Cartell_Trobada-de-Corals_page-0001-768x1085.jpg 768w, https:\/\/serveiseducatius.xtec.cat\/riberadebre\/wp-content\/uploads\/usu1126\/2026\/04\/Cartell_Trobada-de-Corals_page-0001-1087x1536.jpg 1087w, https:\/\/serveiseducatius.xtec.cat\/riberadebre\/wp-content\/uploads\/usu1126\/2026\/04\/Cartell_Trobada-de-Corals_page-0001-1449x2048.jpg 1449w, https:\/\/serveiseducatius.xtec.cat\/riberadebre\/wp-content\/uploads\/usu1126\/2026\/04\/Cartell_Trobada-de-Corals_page-0001.jpg 1755w\" sizes=\"auto, (max-width: 295px) 100vw, 295px\" \/><\/a><\/p>\n<p><!--a=1--><\/p>\n<p><!--a=1--><\/p>\n<p><!--a=1--><\/p>\n","protected":false},"excerpt":{"rendered":"<p>&nbsp; Trobada de Corals de Prim\u00e0ria 2026, organitzada des de Serveis Educatius Terres de l&#8217;Ebre. Degut al gran nombre de participaci\u00f3 territorial aquest curs s&#8217;han organitzazt tres jornades de cantades. Una de les Cantades tindr\u00e0 lloc el 21 d&#8217;abril al Teatre La Llanterna de M\u00f3ra d&#8217;Ebre, a partir de les 10:30h. En aquesta activitat hi [&hellip;]<\/p>\n","protected":false},"author":9,"featured_media":22389,"comment_status":"open","ping_status":"open","sticky":false,"template":"","format":"standard","meta":{"_bbp_topic_count":0,"_bbp_reply_count":0,"_bbp_total_topic_count":0,"_bbp_total_reply_count":0,"_bbp_voice_count":0,"_bbp_anonymous_reply_count":0,"_bbp_topic_count_hidden":0,"_bbp_reply_count_hidden":0,"_bbp_forum_subforum_count":0,"site-sidebar-layout":"default","site-content-layout":"","ast-site-content-layout":"default","site-content-style":"default","site-sidebar-style":"default","ast-global-header-display":"","ast-banner-title-visibility":"","ast-main-header-display":"","ast-hfb-above-header-display":"","ast-hfb-below-header-display":"","ast-hfb-mobile-header-display":"","site-post-title":"","ast-breadcrumbs-content":"","ast-featured-img":"","footer-sml-layout":"","theme-transparent-header-meta":"default","adv-header-id-meta":"","stick-header-meta":"","header-above-stick-meta":"","header-main-stick-meta":"","header-below-stick-meta":"","astra-migrate-meta-layouts":"set","ast-page-background-enabled":"default","ast-page-background-meta":{"desktop":{"background-color":"var(--ast-global-color-4)","background-image":"","background-repeat":"repeat","background-position":"center center","background-size":"auto","background-attachment":"scroll","background-type":"","background-media":"","overlay-type":"","overlay-color":"","overlay-opacity":"","overlay-gradient":""},"tablet":{"background-color":"","background-image":"","background-repeat":"repeat","background-position":"center center","background-size":"auto","background-attachment":"scroll","background-type":"","background-media":"","overlay-type":"","overlay-color":"","overlay-opacity":"","overlay-gradient":""},"mobile":{"background-color":"","background-image":"","background-repeat":"repeat","background-position":"center center","background-size":"auto","background-attachment":"scroll","background-type":"","background-media":"","overlay-type":"","overlay-color":"","overlay-opacity":"","overlay-gradient":""}},"ast-content-background-meta":{"desktop":{"background-color":"var(--ast-global-color-5)","background-image":"","background-repeat":"repeat","background-position":"center center","background-size":"auto","background-attachment":"scroll","background-type":"","background-media":"","overlay-type":"","overlay-color":"","overlay-opacity":"","overlay-gradient":""},"tablet":{"background-color":"var(--ast-global-color-5)","background-image":"","background-repeat":"repeat","background-position":"center center","background-size":"auto","background-attachment":"scroll","background-type":"","background-media":"","overlay-type":"","overlay-color":"","overlay-opacity":"","overlay-gradient":""},"mobile":{"background-color":"var(--ast-global-color-5)","background-image":"","background-repeat":"repeat","background-position":"center center","background-size":"auto","background-attachment":"scroll","background-type":"","background-media":"","overlay-type":"","overlay-color":"","overlay-opacity":"","overlay-gradient":""}},"footnotes":""},"categories":[662,65,66,666,661,675,673,649,29,1063],"tags":[2168,1995,363,779,2167],"class_list":["post-22244","post","type-post","status-publish","format-standard","has-post-thumbnail","hentry","category-collegi-santa-teresa","category-crp","category-dinamitzacio","category-escola-les-eres-de-rasquera","category-escola-lluis-vinas","category-escola-pamies-de-ginestar","category-escola-sant-miquel-dasco","category-musica","category-portada","category-trobada-de-corals-i-corarts","tag-corals","tag-curs-25-26","tag-musica","tag-trobada-de-corals","tag-trobada-de-corals-2026"],"post_mailing_queue_ids":[],"_links":{"self":[{"href":"https:\/\/serveiseducatius.xtec.cat\/riberadebre\/wp-json\/wp\/v2\/posts\/22244","targetHints":{"allow":["GET"]}}],"collection":[{"href":"https:\/\/serveiseducatius.xtec.cat\/riberadebre\/wp-json\/wp\/v2\/posts"}],"about":[{"href":"https:\/\/serveiseducatius.xtec.cat\/riberadebre\/wp-json\/wp\/v2\/types\/post"}],"author":[{"embeddable":true,"href":"https:\/\/serveiseducatius.xtec.cat\/riberadebre\/wp-json\/wp\/v2\/users\/9"}],"replies":[{"embeddable":true,"href":"https:\/\/serveiseducatius.xtec.cat\/riberadebre\/wp-json\/wp\/v2\/comments?post=22244"}],"version-history":[{"count":3,"href":"https:\/\/serveiseducatius.xtec.cat\/riberadebre\/wp-json\/wp\/v2\/posts\/22244\/revisions"}],"predecessor-version":[{"id":22390,"href":"https:\/\/serveiseducatius.xtec.cat\/riberadebre\/wp-json\/wp\/v2\/posts\/22244\/revisions\/22390"}],"wp:featuredmedia":[{"embeddable":true,"href":"https:\/\/serveiseducatius.xtec.cat\/riberadebre\/wp-json\/wp\/v2\/media\/22389"}],"wp:attachment":[{"href":"https:\/\/serveiseducatius.xtec.cat\/riberadebre\/wp-json\/wp\/v2\/media?parent=22244"}],"wp:term":[{"taxonomy":"category","embeddable":true,"href":"https:\/\/serveiseducatius.xtec.cat\/riberadebre\/wp-json\/wp\/v2\/categories?post=22244"},{"taxonomy":"post_tag","embeddable":true,"href":"https:\/\/serveiseducatius.xtec.cat\/riberadebre\/wp-json\/wp\/v2\/tags?post=22244"}],"curies":[{"name":"wp","href":"https:\/\/api.w.org\/{rel}","templated":true}]}}