{"id":22087,"date":"2026-02-19T14:42:37","date_gmt":"2026-02-19T13:42:37","guid":{"rendered":"https:\/\/serveiseducatius.xtec.cat\/riberadebre\/?p=22087"},"modified":"2026-02-24T13:17:29","modified_gmt":"2026-02-24T12:17:29","slug":"xviii-jornada-deducacio-infantil-terres-de-lebre-fem-visible-laprenentatge-la-documentacio-pedagogica","status":"publish","type":"post","link":"https:\/\/serveiseducatius.xtec.cat\/riberadebre\/general\/xviii-jornada-deducacio-infantil-terres-de-lebre-fem-visible-laprenentatge-la-documentacio-pedagogica\/","title":{"rendered":"XVIII Jornada d&#8217;Educaci\u00f3 Infantil Terres de l&#8217;Ebre. Fem visible l&#8217;aprenentatge. La documentaci\u00f3 pedag\u00f2gica."},"content":{"rendered":"<p>10 de mar\u00e7 a Tortosa<\/p>\n<p><strong>XVIII Jornada d&#8217;Educaci\u00f3 Infantil Terres de l&#8217;Ebre. Fem visible l&#8217;aprenentatge. La documentaci\u00f3 pedag\u00f2gica.<\/strong><\/p>\n<p>Aquesta activitat ha estat organitzada per 18\u00e8 any consecutiu pels Serveis Territorials del Departament d&#8217;Educaci\u00f3 a les Terres de l\u2019Ebre, Campus Terres de l\u2019Ebre de la URV, ICE de la URV i MRP de Terres de l\u2019Ebre i amb la col\u00b7laboraci\u00f3 de l&#8217;Ajuntament de Tortosa.<\/p>\n<p>La jornada<strong> &#8220;Fem visible l&#8217;aprenentatge. La documentaci\u00f3 pedag\u00f2gica&#8221;<\/strong> vol oferir un espai de reflexi\u00f3, formaci\u00f3 i intercanvi d&#8217;experi\u00e8ncies al voltant del paper de la documentaci\u00f3 i l&#8217;avaluaci\u00f3 com a eina clau per afavorir l&#8217;aprenentatge de l&#8217;alumnat a l&#8217;Educaci\u00f3 Infantil.<br \/>\nPartint d&#8217;un enfocament competencial i inclusiu, la jornada posa l&#8217;accent en la documentaci\u00f3 pedag\u00f2gica com a proc\u00e9s continu que permet fer visibles els aprenentatges, orientar la pr\u00e0ctica docent, avaluar la pr\u00f2pia intervenci\u00f3 i ajustar les situacions d&#8217;aprenentatge per respondre millor a les necessitats reals del grup. La documentaci\u00f3 pedag\u00f2gica en l&#8217;educaci\u00f3 infantil va molt m\u00e9s enll\u00e0 de la simple recollida de dades; \u00e9s una eina de reflexi\u00f3, an\u00e0lisi i comunicaci\u00f3. Documentar no \u00e9s nom\u00e9s &#8220;deixar const\u00e0ncia&#8221; de qu\u00e8 fan els infants, sin\u00f3 que implica interpretar les seves accions per comprendre com aprenen, qu\u00e8 els inquieta i com es relacionen amb el seu entorn. Durant la jornada es presentaran fonaments te\u00f2rics i exemples de pr\u00e0ctiques reals.<br \/>\nLa jornada s&#8217;adre\u00e7a tant a mestres en actiu dels centres educatius Infantil (0-6) com a alumnat en formaci\u00f3 inicial del grau d&#8217;Educaci\u00f3 Infantil, amb la voluntat de generar un di\u00e0leg enriquidor entre experi\u00e8ncia professional i mirada formativa, tot contribuint a la construcci\u00f3 d&#8217;una cultura d&#8217;avaluaci\u00f3 al servei de l&#8217;aprenentatge.<\/p>\n<p><strong>PROGRAMA:<\/strong><\/p>\n<p>09.15 h. Inauguraci\u00f3 de la jornada.<\/p>\n<p>09.30 h. Sr. Gino Ferri. Formador i assessor educatiu. Mestre durant 25 anys de Reggio Emilia.<br \/>\n&#8220;La documentaci\u00f3 com a recurs fonamental per a fer visible la identitat de la inf\u00e0ncia i els processos d&#8217;aprenentatge de nens i nenes&#8221;.<\/p>\n<p>10.30 h. Institut Escola Mare de D\u00e9u del Portal (Batea).&#8221;Documentar el dia a dia&#8221;.<\/p>\n<p>11.15 h. Descans.<\/p>\n<p>11.45 h. Llar d&#8217;Infants La Gruneta (Amposta).<br \/>\n&#8220;Mirant enrere per avan\u00e7ar&#8221;.<\/p>\n<p>12.30 h. Escola Sant Ll\u00e0tzer (Tortosa).&#8221;Camins que es narren: documentar per comprendre&#8221;<\/p>\n<p>13.15 h. Cloenda de la jornada.<\/p>\n<p><strong>Data:<\/strong><br \/>\nDimarts 10 de mar\u00e7<\/p>\n<p>Horari: de 9,00h a 14,00h<\/p>\n<p><strong>Lloc:<\/strong><br \/>\nURV<br \/>\nCampus Terres de l\u2019Ebre<br \/>\nAvinguda Remolins, 13-15<br \/>\n43500 \u2013 Tortosa, Tarragona.<\/p>\n<p><strong>Activitat reconeguda pel Departament d&#8217;Educaci\u00f3 a trav\u00e9s de l&#8217;ICE URV (codi 8002040021) amb una certificaci\u00f3 de 5 hores. \u00a0\u00a0 <\/strong><strong><a href=\"https:\/\/aplicacions.gestioeducativa.gencat.cat\/ords\/pls\/soloas\/pk_for_mod_ins.p_for_detall_activitat?p_codi=8002040021&amp;p_curs=2025-2026&amp;p_es_inscr=S\">Inscripci\u00f3 Aqu\u00ed<\/a><\/strong><\/p>\n<p>&nbsp;<\/p>\n<p><a href=\"https:\/\/serveiseducatius.xtec.cat\/riberadebre\/wp-content\/uploads\/usu1126\/2026\/02\/Captura-de-pantalla-2026-02-19-141230.png\"><img loading=\"lazy\" decoding=\"async\" class=\"alignnone size-full wp-image-22090\" src=\"https:\/\/serveiseducatius.xtec.cat\/riberadebre\/wp-content\/uploads\/usu1126\/2026\/02\/Captura-de-pantalla-2026-02-19-141230.png\" alt=\"\" width=\"533\" height=\"118\" srcset=\"https:\/\/serveiseducatius.xtec.cat\/riberadebre\/wp-content\/uploads\/usu1126\/2026\/02\/Captura-de-pantalla-2026-02-19-141230.png 533w, https:\/\/serveiseducatius.xtec.cat\/riberadebre\/wp-content\/uploads\/usu1126\/2026\/02\/Captura-de-pantalla-2026-02-19-141230-300x66.png 300w\" sizes=\"auto, (max-width: 533px) 100vw, 533px\" \/><\/a><\/p>\n<p>&nbsp;<\/p>\n<p>&nbsp;<\/p>\n<p><!--a=1--><\/p>\n<p><!--a=1--><\/p>\n<p><!--a=1--><\/p>\n<p><!--a=1--><\/p>\n","protected":false},"excerpt":{"rendered":"<p>10 de mar\u00e7 a Tortosa XVIII Jornada d&#8217;Educaci\u00f3 Infantil Terres de l&#8217;Ebre. Fem visible l&#8217;aprenentatge. La documentaci\u00f3 pedag\u00f2gica. Aquesta activitat ha estat organitzada per 18\u00e8 any consecutiu pels Serveis Territorials del Departament d&#8217;Educaci\u00f3 a les Terres de l\u2019Ebre, Campus Terres de l\u2019Ebre de la URV, ICE de la URV i MRP de Terres de l\u2019Ebre [&hellip;]<\/p>\n","protected":false},"author":44,"featured_media":22090,"comment_status":"open","ping_status":"open","sticky":false,"template":"","format":"standard","meta":{"_bbp_topic_count":0,"_bbp_reply_count":0,"_bbp_total_topic_count":0,"_bbp_total_reply_count":0,"_bbp_voice_count":0,"_bbp_anonymous_reply_count":0,"_bbp_topic_count_hidden":0,"_bbp_reply_count_hidden":0,"_bbp_forum_subforum_count":0,"site-sidebar-layout":"default","site-content-layout":"","ast-site-content-layout":"default","site-content-style":"default","site-sidebar-style":"default","ast-global-header-display":"","ast-banner-title-visibility":"","ast-main-header-display":"","ast-hfb-above-header-display":"","ast-hfb-below-header-display":"","ast-hfb-mobile-header-display":"","site-post-title":"","ast-breadcrumbs-content":"","ast-featured-img":"","footer-sml-layout":"","theme-transparent-header-meta":"default","adv-header-id-meta":"","stick-header-meta":"","header-above-stick-meta":"","header-main-stick-meta":"","header-below-stick-meta":"","astra-migrate-meta-layouts":"set","ast-page-background-enabled":"default","ast-page-background-meta":{"desktop":{"background-color":"var(--ast-global-color-4)","background-image":"","background-repeat":"repeat","background-position":"center center","background-size":"auto","background-attachment":"scroll","background-type":"","background-media":"","overlay-type":"","overlay-color":"","overlay-opacity":"","overlay-gradient":""},"tablet":{"background-color":"","background-image":"","background-repeat":"repeat","background-position":"center center","background-size":"auto","background-attachment":"scroll","background-type":"","background-media":"","overlay-type":"","overlay-color":"","overlay-opacity":"","overlay-gradient":""},"mobile":{"background-color":"","background-image":"","background-repeat":"repeat","background-position":"center center","background-size":"auto","background-attachment":"scroll","background-type":"","background-media":"","overlay-type":"","overlay-color":"","overlay-opacity":"","overlay-gradient":""}},"ast-content-background-meta":{"desktop":{"background-color":"var(--ast-global-color-5)","background-image":"","background-repeat":"repeat","background-position":"center center","background-size":"auto","background-attachment":"scroll","background-type":"","background-media":"","overlay-type":"","overlay-color":"","overlay-opacity":"","overlay-gradient":""},"tablet":{"background-color":"var(--ast-global-color-5)","background-image":"","background-repeat":"repeat","background-position":"center center","background-size":"auto","background-attachment":"scroll","background-type":"","background-media":"","overlay-type":"","overlay-color":"","overlay-opacity":"","overlay-gradient":""},"mobile":{"background-color":"var(--ast-global-color-5)","background-image":"","background-repeat":"repeat","background-position":"center center","background-size":"auto","background-attachment":"scroll","background-type":"","background-media":"","overlay-type":"","overlay-color":"","overlay-opacity":"","overlay-gradient":""}},"footnotes":""},"categories":[65,669,308,154,1,504,923,29,76],"tags":[567,1995],"class_list":["post-22087","post","type-post","status-publish","format-standard","has-post-thumbnail","hentry","category-crp","category-educacio-infantil","category-escoles","category-formacio","category-general","category-jornades","category-ods-4","category-portada","category-recursos","tag-campus-urv-terres-de-lebre","tag-curs-25-26"],"post_mailing_queue_ids":[],"_links":{"self":[{"href":"https:\/\/serveiseducatius.xtec.cat\/riberadebre\/wp-json\/wp\/v2\/posts\/22087","targetHints":{"allow":["GET"]}}],"collection":[{"href":"https:\/\/serveiseducatius.xtec.cat\/riberadebre\/wp-json\/wp\/v2\/posts"}],"about":[{"href":"https:\/\/serveiseducatius.xtec.cat\/riberadebre\/wp-json\/wp\/v2\/types\/post"}],"author":[{"embeddable":true,"href":"https:\/\/serveiseducatius.xtec.cat\/riberadebre\/wp-json\/wp\/v2\/users\/44"}],"replies":[{"embeddable":true,"href":"https:\/\/serveiseducatius.xtec.cat\/riberadebre\/wp-json\/wp\/v2\/comments?post=22087"}],"version-history":[{"count":5,"href":"https:\/\/serveiseducatius.xtec.cat\/riberadebre\/wp-json\/wp\/v2\/posts\/22087\/revisions"}],"predecessor-version":[{"id":22104,"href":"https:\/\/serveiseducatius.xtec.cat\/riberadebre\/wp-json\/wp\/v2\/posts\/22087\/revisions\/22104"}],"wp:featuredmedia":[{"embeddable":true,"href":"https:\/\/serveiseducatius.xtec.cat\/riberadebre\/wp-json\/wp\/v2\/media\/22090"}],"wp:attachment":[{"href":"https:\/\/serveiseducatius.xtec.cat\/riberadebre\/wp-json\/wp\/v2\/media?parent=22087"}],"wp:term":[{"taxonomy":"category","embeddable":true,"href":"https:\/\/serveiseducatius.xtec.cat\/riberadebre\/wp-json\/wp\/v2\/categories?post=22087"},{"taxonomy":"post_tag","embeddable":true,"href":"https:\/\/serveiseducatius.xtec.cat\/riberadebre\/wp-json\/wp\/v2\/tags?post=22087"}],"curies":[{"name":"wp","href":"https:\/\/api.w.org\/{rel}","templated":true}]}}