{"id":22082,"date":"2026-02-20T08:30:04","date_gmt":"2026-02-20T07:30:04","guid":{"rendered":"https:\/\/serveiseducatius.xtec.cat\/riberadebre\/?p=22082"},"modified":"2026-02-25T14:02:00","modified_gmt":"2026-02-25T13:02:00","slug":"xiii-jocs-florals-escolars-2026-convocatoria-bases-i-inscripcio-fins-el-2-de-marc","status":"publish","type":"post","link":"https:\/\/serveiseducatius.xtec.cat\/riberadebre\/portada\/xiii-jocs-florals-escolars-2026-convocatoria-bases-i-inscripcio-fins-el-2-de-marc\/","title":{"rendered":"XIII Jocs Florals Escolars 2026 \u2013 convocat\u00f2ria, bases i inscripci\u00f3 (fins el 2 de mar\u00e7)"},"content":{"rendered":"<p><a href=\"https:\/\/serveiseducatius.xtec.cat\/riberadebre\/wp-content\/uploads\/usu1126\/2026\/02\/baixa.png\"><img loading=\"lazy\" decoding=\"async\" class=\"alignnone wp-image-22084\" src=\"https:\/\/serveiseducatius.xtec.cat\/riberadebre\/wp-content\/uploads\/usu1126\/2026\/02\/baixa.png\" alt=\"\" width=\"158\" height=\"159\" srcset=\"https:\/\/serveiseducatius.xtec.cat\/riberadebre\/wp-content\/uploads\/usu1126\/2026\/02\/baixa.png 224w, https:\/\/serveiseducatius.xtec.cat\/riberadebre\/wp-content\/uploads\/usu1126\/2026\/02\/baixa-150x150.png 150w\" sizes=\"auto, (max-width: 158px) 100vw, 158px\" \/><\/a><\/p>\n<p>Convocats els\u00a0<a href=\"https:\/\/xtec.gencat.cat\/ca\/centres\/premis-i-concursos\/jocsflorals\/2526\/\" target=\"_blank\" rel=\"noopener\"><strong>XIII Jocs Florals Escolars de Catalunya<\/strong> <\/a>per aquest any 2026. Podeu consultar:<\/p>\n<ul>\n<li><strong>Bases dels XIII Jocs Florals<\/strong>\u2026<a href=\"https:\/\/xtec.gencat.cat\/web\/.content\/centres\/alscentres\/premis\/jocsflorals\/2526\/Bases-JF-XIII.pdf\" target=\"_blank\" rel=\"noopener\">cliqueu aqu\u00ed<\/a><\/li>\n<li><strong>Bases Categoria H Conte audiovisual il\u00b7lustrat<\/strong>\u2026cliqueu aqu\u00ed<\/li>\n<\/ul>\n<p>Els centres educatius de la Ribera d&#8217;Ebre heu rebut un correu electr\u00f2nic amb l&#8217;enlla\u00e7 al formulari d&#8217;inscripci\u00f3 i amb la informaci\u00f3 m\u00e9s important a tenir en compte.<\/p>\n<p>Us recordem que a l\u2019espai web dels\u00a0<strong>Jocs Florals<\/strong>\u00a0disposeu d\u2019una secci\u00f3\u00a0<em><strong>Materials i recursos (<a href=\"https:\/\/xtec.gencat.cat\/ca\/centres\/premis-i-concursos\/jocsflorals\/materials-i-recursos\/\" target=\"_blank\" rel=\"noopener\">cliqueu aqu\u00ed<\/a>).<\/strong><\/em>\u00a0Trobareu, entre d\u2019altres:<\/p>\n<ul>\n<li>Jocs, recursos i propostes did\u00e0ctiques i per treballar la poesia a l\u2019aula<\/li>\n<li>Orientacions per a la millora de l\u2019ortografia (ESO)<\/li>\n<li>Orientacions per a la millora de l\u2019expressi\u00f3 escrita (ESO)<\/li>\n<li>Orientacions per a la millora de la comprensi\u00f3 lectora i expressi\u00f3 escrita (Prim\u00e0ria)<\/li>\n<\/ul>\n<p>En el\u00a0<strong>blog Conte audiovisual il\u00b7lustrat<\/strong> podeu trobar una proposta per treballar el conte audiovisual com a projecte de treball interdisciplinari, aix\u00ed com un llistat de recursos d\u2019\u00e0udio i v\u00eddeo que es pot utilitzar per a l\u2019elaboraci\u00f3 del conte audiovisual. A la web <a href=\"https:\/\/projectes.xtec.cat\/digital\/equipaments-i-infraestructures\/maleta-audiovisual\/conte-audiovisual\/\" target=\"_blank\" rel=\"noopener\"><strong>DIGITAL\/Conte audioviosual<\/strong> <\/a>trobareu recursos i orientacions per utilitzar la maleta audiovisual a l&#8217;hora d&#8217;elaborar el vostre conte audiovisual.<\/p>\n<p><a href=\"https:\/\/serveiseducatius.xtec.cat\/riberadebre\/wp-content\/uploads\/usu1126\/2026\/02\/Captura-de-pantalla-2026-02-17-131933.png\"><img loading=\"lazy\" decoding=\"async\" class=\"alignnone size-full wp-image-22083\" src=\"https:\/\/serveiseducatius.xtec.cat\/riberadebre\/wp-content\/uploads\/usu1126\/2026\/02\/Captura-de-pantalla-2026-02-17-131933.png\" alt=\"\" width=\"944\" height=\"117\" srcset=\"https:\/\/serveiseducatius.xtec.cat\/riberadebre\/wp-content\/uploads\/usu1126\/2026\/02\/Captura-de-pantalla-2026-02-17-131933.png 944w, https:\/\/serveiseducatius.xtec.cat\/riberadebre\/wp-content\/uploads\/usu1126\/2026\/02\/Captura-de-pantalla-2026-02-17-131933-300x37.png 300w, https:\/\/serveiseducatius.xtec.cat\/riberadebre\/wp-content\/uploads\/usu1126\/2026\/02\/Captura-de-pantalla-2026-02-17-131933-768x95.png 768w\" sizes=\"auto, (max-width: 944px) 100vw, 944px\" \/><\/a><\/p>\n<p><!--a=1--><\/p>\n<p><!--a=1--><\/p>\n<p><!--a=1--><\/p>\n","protected":false},"excerpt":{"rendered":"<p>Convocats els\u00a0XIII Jocs Florals Escolars de Catalunya per aquest any 2026. Podeu consultar: Bases dels XIII Jocs Florals\u2026cliqueu aqu\u00ed Bases Categoria H Conte audiovisual il\u00b7lustrat\u2026cliqueu aqu\u00ed Els centres educatius de la Ribera d&#8217;Ebre heu rebut un correu electr\u00f2nic amb l&#8217;enlla\u00e7 al formulari d&#8217;inscripci\u00f3 i amb la informaci\u00f3 m\u00e9s important a tenir en compte. Us recordem [&hellip;]<\/p>\n","protected":false},"author":9,"featured_media":22084,"comment_status":"open","ping_status":"open","sticky":false,"template":"","format":"standard","meta":{"_bbp_topic_count":0,"_bbp_reply_count":0,"_bbp_total_topic_count":0,"_bbp_total_reply_count":0,"_bbp_voice_count":0,"_bbp_anonymous_reply_count":0,"_bbp_topic_count_hidden":0,"_bbp_reply_count_hidden":0,"_bbp_forum_subforum_count":0,"site-sidebar-layout":"default","site-content-layout":"","ast-site-content-layout":"default","site-content-style":"default","site-sidebar-style":"default","ast-global-header-display":"","ast-banner-title-visibility":"","ast-main-header-display":"","ast-hfb-above-header-display":"","ast-hfb-below-header-display":"","ast-hfb-mobile-header-display":"","site-post-title":"","ast-breadcrumbs-content":"","ast-featured-img":"","footer-sml-layout":"","theme-transparent-header-meta":"default","adv-header-id-meta":"","stick-header-meta":"","header-above-stick-meta":"","header-main-stick-meta":"","header-below-stick-meta":"","astra-migrate-meta-layouts":"set","ast-page-background-enabled":"default","ast-page-background-meta":{"desktop":{"background-color":"var(--ast-global-color-4)","background-image":"","background-repeat":"repeat","background-position":"center center","background-size":"auto","background-attachment":"scroll","background-type":"","background-media":"","overlay-type":"","overlay-color":"","overlay-opacity":"","overlay-gradient":""},"tablet":{"background-color":"","background-image":"","background-repeat":"repeat","background-position":"center center","background-size":"auto","background-attachment":"scroll","background-type":"","background-media":"","overlay-type":"","overlay-color":"","overlay-opacity":"","overlay-gradient":""},"mobile":{"background-color":"","background-image":"","background-repeat":"repeat","background-position":"center center","background-size":"auto","background-attachment":"scroll","background-type":"","background-media":"","overlay-type":"","overlay-color":"","overlay-opacity":"","overlay-gradient":""}},"ast-content-background-meta":{"desktop":{"background-color":"var(--ast-global-color-5)","background-image":"","background-repeat":"repeat","background-position":"center center","background-size":"auto","background-attachment":"scroll","background-type":"","background-media":"","overlay-type":"","overlay-color":"","overlay-opacity":"","overlay-gradient":""},"tablet":{"background-color":"var(--ast-global-color-5)","background-image":"","background-repeat":"repeat","background-position":"center center","background-size":"auto","background-attachment":"scroll","background-type":"","background-media":"","overlay-type":"","overlay-color":"","overlay-opacity":"","overlay-gradient":""},"mobile":{"background-color":"var(--ast-global-color-5)","background-image":"","background-repeat":"repeat","background-position":"center center","background-size":"auto","background-attachment":"scroll","background-type":"","background-media":"","overlay-type":"","overlay-color":"","overlay-opacity":"","overlay-gradient":""}},"footnotes":""},"categories":[328,65,66,308,310,71,1803,878,29],"tags":[2156,1995,2155,2153,2154],"class_list":["post-22082","post","type-post","status-publish","format-standard","has-post-thumbnail","hentry","category-concurs","category-crp","category-dinamitzacio","category-escoles","category-institut","category-jocs-florals","category-maleta-audiovisual","category-ods-5","category-portada","tag-jocsfloralsescolars26","tag-curs-25-26","tag-jocs-florals-2026","tag-jocs-florals-escolars-de-catalunya","tag-xiii-jocs-florals"],"post_mailing_queue_ids":[],"_links":{"self":[{"href":"https:\/\/serveiseducatius.xtec.cat\/riberadebre\/wp-json\/wp\/v2\/posts\/22082","targetHints":{"allow":["GET"]}}],"collection":[{"href":"https:\/\/serveiseducatius.xtec.cat\/riberadebre\/wp-json\/wp\/v2\/posts"}],"about":[{"href":"https:\/\/serveiseducatius.xtec.cat\/riberadebre\/wp-json\/wp\/v2\/types\/post"}],"author":[{"embeddable":true,"href":"https:\/\/serveiseducatius.xtec.cat\/riberadebre\/wp-json\/wp\/v2\/users\/9"}],"replies":[{"embeddable":true,"href":"https:\/\/serveiseducatius.xtec.cat\/riberadebre\/wp-json\/wp\/v2\/comments?post=22082"}],"version-history":[{"count":3,"href":"https:\/\/serveiseducatius.xtec.cat\/riberadebre\/wp-json\/wp\/v2\/posts\/22082\/revisions"}],"predecessor-version":[{"id":22110,"href":"https:\/\/serveiseducatius.xtec.cat\/riberadebre\/wp-json\/wp\/v2\/posts\/22082\/revisions\/22110"}],"wp:featuredmedia":[{"embeddable":true,"href":"https:\/\/serveiseducatius.xtec.cat\/riberadebre\/wp-json\/wp\/v2\/media\/22084"}],"wp:attachment":[{"href":"https:\/\/serveiseducatius.xtec.cat\/riberadebre\/wp-json\/wp\/v2\/media?parent=22082"}],"wp:term":[{"taxonomy":"category","embeddable":true,"href":"https:\/\/serveiseducatius.xtec.cat\/riberadebre\/wp-json\/wp\/v2\/categories?post=22082"},{"taxonomy":"post_tag","embeddable":true,"href":"https:\/\/serveiseducatius.xtec.cat\/riberadebre\/wp-json\/wp\/v2\/tags?post=22082"}],"curies":[{"name":"wp","href":"https:\/\/api.w.org\/{rel}","templated":true}]}}