{"id":21960,"date":"2026-01-27T10:23:39","date_gmt":"2026-01-27T09:23:39","guid":{"rendered":"https:\/\/serveiseducatius.xtec.cat\/riberadebre\/?p=21960"},"modified":"2026-02-20T21:33:57","modified_gmt":"2026-02-20T20:33:57","slug":"xvi-jornada-deducacio-primaria-terres-de-lebre-mirada-atenta-a-leducacio-primaria-i-secundaria-fem-visible-laprenentatge-lavaluacio-reguladora","status":"publish","type":"post","link":"https:\/\/serveiseducatius.xtec.cat\/riberadebre\/general\/xvi-jornada-deducacio-primaria-terres-de-lebre-mirada-atenta-a-leducacio-primaria-i-secundaria-fem-visible-laprenentatge-lavaluacio-reguladora\/","title":{"rendered":"XVI Jornada d&#8217;Educaci\u00f3 Prim\u00e0ria Terres de l&#8217;Ebre. Mirada atenta a l&#8217;Educaci\u00f3 Prim\u00e0ria i Secund\u00e0ria. Fem visible l&#8217;aprenentatge. L&#8217;avaluaci\u00f3 reguladora"},"content":{"rendered":"<p>26 de febrer a Tortosa<\/p>\n<p>XVI Jornada d&#8217;Educaci\u00f3 Prim\u00e0ria Terres de l&#8217;Ebre. Mirada atenta a l&#8217;Educaci\u00f3 Prim\u00e0ria i Secund\u00e0ria. Fem visible l&#8217;aprenentatge. L&#8217;avaluaci\u00f3 reguladora.<\/p>\n<p>Aquesta activitat ha estat organitzada per 16\u00e8 any consecutiu pels Serveis Territorials del Departament d&#8217;Educaci\u00f3 a les Terres de l\u2019Ebre, Campus Terres de l\u2019Ebre de la URV, ICE de la URV i MRP de Terres de l\u2019Ebre i amb la col\u00b7laboraci\u00f3 de l&#8217;Ajuntament de Tortosa.<\/p>\n<p>La jornada &#8220;Fem visible l&#8217;aprenentatge. L&#8217;avaluaci\u00f3 reguladora&#8221; vol oferir un espai de reflexi\u00f3, formaci\u00f3 i intercanvi d&#8217;experi\u00e8ncies al voltant del paper de l&#8217;avaluaci\u00f3 com a eina clau per afavorir l&#8217;aprenentatge de l&#8217;alumnat a l&#8217;Educaci\u00f3 Prim\u00e0ria i Secund\u00e0ria.<br \/>\nPartint d&#8217;un enfocament competencial i inclusiu, la jornada posa l&#8217;accent en l&#8217;avaluaci\u00f3 reguladora com a proc\u00e9s continu que permet fer visibles els aprenentatges, orientar la pr\u00e0ctica docent i promoure la implicaci\u00f3 activa de l&#8217;alumnat en el seu propi proc\u00e9s d&#8217;aprenentatge. Es presentaran fonaments te\u00f2rics, exemples de pr\u00e0ctiques reals d&#8217;aula i instruments d&#8217;avaluaci\u00f3 que afavoreixen l&#8217;autoregulaci\u00f3, la coavaluaci\u00f3 i el feedback formatiu.<br \/>\nLa jornada s&#8217;adre\u00e7a tant a mestres en actiu dels centres educatius d&#8217;Educaci\u00f3 Prim\u00e0ria i Secund\u00e0ria com a alumnat en formaci\u00f3 inicial del grau d&#8217;Educaci\u00f3 Prim\u00e0ria, amb la voluntat de generar un di\u00e0leg enriquidor entre experi\u00e8ncia professional i mirada formativa, tot contribuint a la construcci\u00f3 d&#8217;una cultura d&#8217;avaluaci\u00f3 al servei de l&#8217;aprenentatge.<\/p>\n<p>PROGRAMA:<\/p>\n<p>09.15 h. Inauguraci\u00f3 de la jornada.<\/p>\n<p>09.30 h. Sr. Francesc Mart\u00edn.<br \/>\n(Director de l&#8217;escola Sant Jordi de Vilanova i la Geltr\u00fa)<br \/>\n&#8220;El poder de l&#8217;avaluaci\u00f3 reguladora&#8221;.<\/p>\n<p>10.30 h. Escola Puig Cavaller (Gandesa).<br \/>\n&#8220;Com l&#8217;avaluaci\u00f3 reguladora fonamenta l&#8217;aprenentatge al treball per projectes&#8221;.<\/p>\n<p>11.15 h. Descans.<\/p>\n<p>11.45 h. Institut Dertosa (Tortosa).<br \/>\nPrograma Florence-SIM de Secund\u00e0ria al Servei Educatiu de Terres de l&#8217;Ebre. &#8220;El cam\u00ed importa: pensar per aprendre, aprendre pensant. Metacognici\u00f3 i avaluaci\u00f3 al servei de l&#8217;aprenentatge de les matem\u00e0tiques&#8221;.<\/p>\n<p>12.30 h Escola Consol Ferr\u00e9 (Amposta).<br \/>\n&#8220;Avaluar per aprendre. Com convertir els objectius en el mapa de l&#8217;alumne&#8221;.<\/p>\n<p>13.15 h. Cloenda de la jornada.<\/p>\n<p>&nbsp;<\/p>\n<p>Data:<br \/>\n<strong>Dijous 26 de febrer<\/strong><\/p>\n<p><strong>Horari: de 9.00 h a 14.00 h<\/strong><\/p>\n<p>Lloc:<br \/>\nURV<br \/>\nCampus Terres de l\u2019Ebre<br \/>\nAvinguda Remolins, 13-15<br \/>\n43500 \u2013 Tortosa, Tarragona.<\/p>\n<p>Activitat reconeguda pel Departament d&#8217;Educaci\u00f3 a trav\u00e9s de l&#8217;ICE URV (codi 8002020021) amb una certificaci\u00f3 de 5 hores.<\/p>\n<p><strong>Inscripci\u00f3 <a href=\"https:\/\/aplicacions.gestioeducativa.gencat.cat\/ords\/pls\/soloas\/pk_for_mod_ins.p_for_detall_activitat?p_codi=8002020021&amp;p_curs=2025-2026&amp;p_es_inscr=S\">Aqu\u00ed<\/a><\/strong><\/p>\n<p>&nbsp;<\/p>\n<p>&nbsp;<\/p>\n<p><!--a=1--><\/p>\n<p><!--a=1--><\/p>\n","protected":false},"excerpt":{"rendered":"<p>26 de febrer a Tortosa XVI Jornada d&#8217;Educaci\u00f3 Prim\u00e0ria Terres de l&#8217;Ebre. Mirada atenta a l&#8217;Educaci\u00f3 Prim\u00e0ria i Secund\u00e0ria. Fem visible l&#8217;aprenentatge. L&#8217;avaluaci\u00f3 reguladora. Aquesta activitat ha estat organitzada per 16\u00e8 any consecutiu pels Serveis Territorials del Departament d&#8217;Educaci\u00f3 a les Terres de l\u2019Ebre, Campus Terres de l\u2019Ebre de la URV, ICE de la URV [&hellip;]<\/p>\n","protected":false},"author":44,"featured_media":21957,"comment_status":"open","ping_status":"open","sticky":false,"template":"","format":"standard","meta":{"_bbp_topic_count":0,"_bbp_reply_count":0,"_bbp_total_topic_count":0,"_bbp_total_reply_count":0,"_bbp_voice_count":0,"_bbp_anonymous_reply_count":0,"_bbp_topic_count_hidden":0,"_bbp_reply_count_hidden":0,"_bbp_forum_subforum_count":0,"site-sidebar-layout":"default","site-content-layout":"","ast-site-content-layout":"default","site-content-style":"default","site-sidebar-style":"default","ast-global-header-display":"","ast-banner-title-visibility":"","ast-main-header-display":"","ast-hfb-above-header-display":"","ast-hfb-below-header-display":"","ast-hfb-mobile-header-display":"","site-post-title":"","ast-breadcrumbs-content":"","ast-featured-img":"","footer-sml-layout":"","theme-transparent-header-meta":"default","adv-header-id-meta":"","stick-header-meta":"","header-above-stick-meta":"","header-main-stick-meta":"","header-below-stick-meta":"","astra-migrate-meta-layouts":"set","ast-page-background-enabled":"default","ast-page-background-meta":{"desktop":{"background-color":"var(--ast-global-color-4)","background-image":"","background-repeat":"repeat","background-position":"center center","background-size":"auto","background-attachment":"scroll","background-type":"","background-media":"","overlay-type":"","overlay-color":"","overlay-opacity":"","overlay-gradient":""},"tablet":{"background-color":"","background-image":"","background-repeat":"repeat","background-position":"center center","background-size":"auto","background-attachment":"scroll","background-type":"","background-media":"","overlay-type":"","overlay-color":"","overlay-opacity":"","overlay-gradient":""},"mobile":{"background-color":"","background-image":"","background-repeat":"repeat","background-position":"center center","background-size":"auto","background-attachment":"scroll","background-type":"","background-media":"","overlay-type":"","overlay-color":"","overlay-opacity":"","overlay-gradient":""}},"ast-content-background-meta":{"desktop":{"background-color":"var(--ast-global-color-5)","background-image":"","background-repeat":"repeat","background-position":"center center","background-size":"auto","background-attachment":"scroll","background-type":"","background-media":"","overlay-type":"","overlay-color":"","overlay-opacity":"","overlay-gradient":""},"tablet":{"background-color":"var(--ast-global-color-5)","background-image":"","background-repeat":"repeat","background-position":"center center","background-size":"auto","background-attachment":"scroll","background-type":"","background-media":"","overlay-type":"","overlay-color":"","overlay-opacity":"","overlay-gradient":""},"mobile":{"background-color":"var(--ast-global-color-5)","background-image":"","background-repeat":"repeat","background-position":"center center","background-size":"auto","background-attachment":"scroll","background-type":"","background-media":"","overlay-type":"","overlay-color":"","overlay-opacity":"","overlay-gradient":""}},"footnotes":""},"categories":[65,308,154,1,310,504,735,923,29,76],"tags":[567],"class_list":["post-21960","post","type-post","status-publish","format-standard","has-post-thumbnail","hentry","category-crp","category-escoles","category-formacio","category-general","category-institut","category-jornades","category-ods","category-ods-4","category-portada","category-recursos","tag-campus-urv-terres-de-lebre"],"post_mailing_queue_ids":[],"_links":{"self":[{"href":"https:\/\/serveiseducatius.xtec.cat\/riberadebre\/wp-json\/wp\/v2\/posts\/21960","targetHints":{"allow":["GET"]}}],"collection":[{"href":"https:\/\/serveiseducatius.xtec.cat\/riberadebre\/wp-json\/wp\/v2\/posts"}],"about":[{"href":"https:\/\/serveiseducatius.xtec.cat\/riberadebre\/wp-json\/wp\/v2\/types\/post"}],"author":[{"embeddable":true,"href":"https:\/\/serveiseducatius.xtec.cat\/riberadebre\/wp-json\/wp\/v2\/users\/44"}],"replies":[{"embeddable":true,"href":"https:\/\/serveiseducatius.xtec.cat\/riberadebre\/wp-json\/wp\/v2\/comments?post=21960"}],"version-history":[{"count":6,"href":"https:\/\/serveiseducatius.xtec.cat\/riberadebre\/wp-json\/wp\/v2\/posts\/21960\/revisions"}],"predecessor-version":[{"id":22093,"href":"https:\/\/serveiseducatius.xtec.cat\/riberadebre\/wp-json\/wp\/v2\/posts\/21960\/revisions\/22093"}],"wp:featuredmedia":[{"embeddable":true,"href":"https:\/\/serveiseducatius.xtec.cat\/riberadebre\/wp-json\/wp\/v2\/media\/21957"}],"wp:attachment":[{"href":"https:\/\/serveiseducatius.xtec.cat\/riberadebre\/wp-json\/wp\/v2\/media?parent=21960"}],"wp:term":[{"taxonomy":"category","embeddable":true,"href":"https:\/\/serveiseducatius.xtec.cat\/riberadebre\/wp-json\/wp\/v2\/categories?post=21960"},{"taxonomy":"post_tag","embeddable":true,"href":"https:\/\/serveiseducatius.xtec.cat\/riberadebre\/wp-json\/wp\/v2\/tags?post=21960"}],"curies":[{"name":"wp","href":"https:\/\/api.w.org\/{rel}","templated":true}]}}