{"id":21889,"date":"2026-01-14T08:24:54","date_gmt":"2026-01-14T07:24:54","guid":{"rendered":"https:\/\/serveiseducatius.xtec.cat\/riberadebre\/?p=21889"},"modified":"2026-01-13T17:43:31","modified_gmt":"2026-01-13T16:43:31","slug":"tercera-sessio-xdc-omega-videos-ciencies-socials-ciencies-i-educacio-fisica","status":"publish","type":"post","link":"https:\/\/serveiseducatius.xtec.cat\/riberadebre\/portada\/tercera-sessio-xdc-omega-videos-ciencies-socials-ciencies-i-educacio-fisica\/","title":{"rendered":"Tercera sessi\u00f3 XdC Omega &#8211; V\u00eddeos Ci\u00e8ncies Socials, Ci\u00e8ncies i Educaci\u00f3 F\u00edsica"},"content":{"rendered":"<p>La tercera sessi\u00f3 de la<strong> Xarxa Omega<\/strong> va estar dedicada a treballar com seran els <em>Espais Formaci\u00f3<\/em> de les properes tres sessions de XdC i a experimentar algunes de les din\u00e0miques proposades per a els <em>Espais Compartim<\/em>.<\/p>\n<p>Els espais de formaci\u00f3 estan liderats pels grups d&#8217;experts en les tres \u00e0rees que es treballen aquest curs: Ci\u00e8ncies socials, Ci\u00e8ncies experimentals i Educaci\u00f3 f\u00edsica.<\/p>\n<p>Des de la xarxa recomanem la visualitzaci\u00f3 dels v\u00eddeos d&#8217;aquestes tres \u00e0rees del curr\u00edculum abans de les sessions corresponents. Us els enllacem a sota:<\/p>\n<ul>\n<li><a href=\"https:\/\/youtu.be\/hB9j5_SOdAU?si=wlhEdUlGIYIYloTc\"><b>Enlla\u00e7 al V\u00eddeo<\/b><\/a><span style=\"font-weight: 400;\">. <\/span><b>Les ci\u00e8ncies socials al curr\u00edculum.<\/b> Conversa entre Vict\u00f2ria Carri\u00f3 i Mariona Massip.\u00a0 <em>Qu\u00e8 vol dir avui dia ensenyar i aprendre ci\u00e8ncies socials des de l\u2019\u00f2ptica del curr\u00edculum, per qu\u00e8 \u00e9s important que tot l&#8217;alumnat estigui alfabetitzat en ci\u00e8ncies socials quan acabi l&#8217;educaci\u00f3 b\u00e0sica i com els docents podem millorar la nostra acci\u00f3 perqu\u00e8 aix\u00f2 sigui possible.<\/em><\/li>\n<li><a href=\"https:\/\/youtu.be\/YoL48961VjQ?si=h0z24ZFEvWANqkz9\" target=\"_blank\" rel=\"noopener\"><strong>Enlla\u00e7 al v\u00eddeo.<\/strong><\/a> <strong>Les ci\u00e8ncies al curr\u00edculum.<\/strong> Conversa entre Laura Espasa, Anna Marb\u00e0 i Sandra Memminger. <em>Qu\u00e8 vol dir avui dia ensenyar i aprendre ci\u00e8ncies des de l\u2019\u00f2ptica del curr\u00edculum, per qu\u00e8 \u00e9s important que tot l&#8217;alumnat estigui alfabetitzat en ci\u00e8ncies quan acabi l&#8217;educaci\u00f3 b\u00e0sica i com els docents podem millorar la nostra acci\u00f3 perqu\u00e8 aix\u00f2 sigui possible.<\/em><\/li>\n<li><a href=\"https:\/\/youtu.be\/hLswXXq60A8?si=2fXMnYtzDEE05YMT\" target=\"_blank\" rel=\"noopener\"><strong>Enlla\u00e7 al v\u00eddeo<\/strong><\/a>. <strong>L&#8217;educaci\u00f3 f\u00edsica al curr\u00edculum.<\/strong> Conversa entre Carles G., N\u00faria M., Meritxell M. i Josep M.P. <em>Qu\u00e8 vol dir avui dia ensenyar i aprendre educaci\u00f3 f\u00edsica des de l\u2019\u00f2ptica del curr\u00edculum, per qu\u00e8 \u00e9s important que tot l&#8217;alumnat estigui alfabetitzat en educaci\u00f3 f\u00edsica quan acabi l&#8217;educaci\u00f3 b\u00e0sica i com els docents podem millorar la nostra acci\u00f3 perqu\u00e8 aix\u00f2 sigui possible.<\/em><\/li>\n<\/ul>\n<p><a href=\"https:\/\/serveiseducatius.xtec.cat\/riberadebre\/wp-content\/uploads\/usu1126\/2026\/01\/IMG_8231-2-scaled.jpg\"><img loading=\"lazy\" decoding=\"async\" class=\"alignnone  wp-image-21891\" src=\"https:\/\/serveiseducatius.xtec.cat\/riberadebre\/wp-content\/uploads\/usu1126\/2026\/01\/IMG_8231-2-948x1024.jpg\" alt=\"\" width=\"337\" height=\"364\" srcset=\"https:\/\/serveiseducatius.xtec.cat\/riberadebre\/wp-content\/uploads\/usu1126\/2026\/01\/IMG_8231-2-948x1024.jpg 948w, https:\/\/serveiseducatius.xtec.cat\/riberadebre\/wp-content\/uploads\/usu1126\/2026\/01\/IMG_8231-2-278x300.jpg 278w, https:\/\/serveiseducatius.xtec.cat\/riberadebre\/wp-content\/uploads\/usu1126\/2026\/01\/IMG_8231-2-768x829.jpg 768w, https:\/\/serveiseducatius.xtec.cat\/riberadebre\/wp-content\/uploads\/usu1126\/2026\/01\/IMG_8231-2-1422x1536.jpg 1422w, https:\/\/serveiseducatius.xtec.cat\/riberadebre\/wp-content\/uploads\/usu1126\/2026\/01\/IMG_8231-2-1896x2048.jpg 1896w\" sizes=\"auto, (max-width: 337px) 100vw, 337px\" \/> \u00a0\u00a0\u00a0\u00a0\u00a0\u00a0\u00a0\u00a0\u00a0\u00a0\u00a0 <\/a><a href=\"https:\/\/serveiseducatius.xtec.cat\/riberadebre\/wp-content\/uploads\/usu1126\/2026\/01\/IMG_8235-scaled.jpg\"><img loading=\"lazy\" decoding=\"async\" class=\"alignnone  wp-image-21890\" src=\"https:\/\/serveiseducatius.xtec.cat\/riberadebre\/wp-content\/uploads\/usu1126\/2026\/01\/IMG_8235-929x1024.jpg\" alt=\"\" width=\"327\" height=\"360\" srcset=\"https:\/\/serveiseducatius.xtec.cat\/riberadebre\/wp-content\/uploads\/usu1126\/2026\/01\/IMG_8235-929x1024.jpg 929w, https:\/\/serveiseducatius.xtec.cat\/riberadebre\/wp-content\/uploads\/usu1126\/2026\/01\/IMG_8235-272x300.jpg 272w, https:\/\/serveiseducatius.xtec.cat\/riberadebre\/wp-content\/uploads\/usu1126\/2026\/01\/IMG_8235-768x847.jpg 768w, https:\/\/serveiseducatius.xtec.cat\/riberadebre\/wp-content\/uploads\/usu1126\/2026\/01\/IMG_8235-1393x1536.jpg 1393w, https:\/\/serveiseducatius.xtec.cat\/riberadebre\/wp-content\/uploads\/usu1126\/2026\/01\/IMG_8235-1858x2048.jpg 1858w\" sizes=\"auto, (max-width: 327px) 100vw, 327px\" \/><\/a><\/p>\n<p><!--a=1--><\/p>\n","protected":false},"excerpt":{"rendered":"<p>La tercera sessi\u00f3 de la Xarxa Omega va estar dedicada a treballar com seran els Espais Formaci\u00f3 de les properes tres sessions de XdC i a experimentar algunes de les din\u00e0miques proposades per a els Espais Compartim. Els espais de formaci\u00f3 estan liderats pels grups d&#8217;experts en les tres \u00e0rees que es treballen aquest curs: [&hellip;]<\/p>\n","protected":false},"author":9,"featured_media":21450,"comment_status":"open","ping_status":"open","sticky":false,"template":"","format":"standard","meta":{"_bbp_topic_count":0,"_bbp_reply_count":0,"_bbp_total_topic_count":0,"_bbp_total_reply_count":0,"_bbp_voice_count":0,"_bbp_anonymous_reply_count":0,"_bbp_topic_count_hidden":0,"_bbp_reply_count_hidden":0,"_bbp_forum_subforum_count":0,"site-sidebar-layout":"default","site-content-layout":"","ast-site-content-layout":"default","site-content-style":"default","site-sidebar-style":"default","ast-global-header-display":"","ast-banner-title-visibility":"","ast-main-header-display":"","ast-hfb-above-header-display":"","ast-hfb-below-header-display":"","ast-hfb-mobile-header-display":"","site-post-title":"","ast-breadcrumbs-content":"","ast-featured-img":"","footer-sml-layout":"","theme-transparent-header-meta":"default","adv-header-id-meta":"","stick-header-meta":"","header-above-stick-meta":"","header-main-stick-meta":"","header-below-stick-meta":"","astra-migrate-meta-layouts":"set","ast-page-background-enabled":"default","ast-page-background-meta":{"desktop":{"background-color":"var(--ast-global-color-4)","background-image":"","background-repeat":"repeat","background-position":"center center","background-size":"auto","background-attachment":"scroll","background-type":"","background-media":"","overlay-type":"","overlay-color":"","overlay-opacity":"","overlay-gradient":""},"tablet":{"background-color":"","background-image":"","background-repeat":"repeat","background-position":"center center","background-size":"auto","background-attachment":"scroll","background-type":"","background-media":"","overlay-type":"","overlay-color":"","overlay-opacity":"","overlay-gradient":""},"mobile":{"background-color":"","background-image":"","background-repeat":"repeat","background-position":"center center","background-size":"auto","background-attachment":"scroll","background-type":"","background-media":"","overlay-type":"","overlay-color":"","overlay-opacity":"","overlay-gradient":""}},"ast-content-background-meta":{"desktop":{"background-color":"var(--ast-global-color-5)","background-image":"","background-repeat":"repeat","background-position":"center center","background-size":"auto","background-attachment":"scroll","background-type":"","background-media":"","overlay-type":"","overlay-color":"","overlay-opacity":"","overlay-gradient":""},"tablet":{"background-color":"var(--ast-global-color-5)","background-image":"","background-repeat":"repeat","background-position":"center center","background-size":"auto","background-attachment":"scroll","background-type":"","background-media":"","overlay-type":"","overlay-color":"","overlay-opacity":"","overlay-gradient":""},"mobile":{"background-color":"var(--ast-global-color-5)","background-image":"","background-repeat":"repeat","background-position":"center center","background-size":"auto","background-attachment":"scroll","background-type":"","background-media":"","overlay-type":"","overlay-color":"","overlay-opacity":"","overlay-gradient":""}},"footnotes":""},"categories":[624,65,1849,923,29,76,1340,1760],"tags":[2054,1995,2051,2117,2052],"class_list":["post-21889","post","type-post","status-publish","format-standard","has-post-thumbnail","hentry","category-app","category-crp","category-novetats-febrer-2025","category-ods-4","category-portada","category-recursos","category-xarxa-competencies","category-xarxes","tag-xdc","tag-curs-25-26","tag-xarxa-de-competencies","tag-xarxa-omega-25-26","tag-xdc-25-26"],"post_mailing_queue_ids":[],"_links":{"self":[{"href":"https:\/\/serveiseducatius.xtec.cat\/riberadebre\/wp-json\/wp\/v2\/posts\/21889","targetHints":{"allow":["GET"]}}],"collection":[{"href":"https:\/\/serveiseducatius.xtec.cat\/riberadebre\/wp-json\/wp\/v2\/posts"}],"about":[{"href":"https:\/\/serveiseducatius.xtec.cat\/riberadebre\/wp-json\/wp\/v2\/types\/post"}],"author":[{"embeddable":true,"href":"https:\/\/serveiseducatius.xtec.cat\/riberadebre\/wp-json\/wp\/v2\/users\/9"}],"replies":[{"embeddable":true,"href":"https:\/\/serveiseducatius.xtec.cat\/riberadebre\/wp-json\/wp\/v2\/comments?post=21889"}],"version-history":[{"count":1,"href":"https:\/\/serveiseducatius.xtec.cat\/riberadebre\/wp-json\/wp\/v2\/posts\/21889\/revisions"}],"predecessor-version":[{"id":21892,"href":"https:\/\/serveiseducatius.xtec.cat\/riberadebre\/wp-json\/wp\/v2\/posts\/21889\/revisions\/21892"}],"wp:featuredmedia":[{"embeddable":true,"href":"https:\/\/serveiseducatius.xtec.cat\/riberadebre\/wp-json\/wp\/v2\/media\/21450"}],"wp:attachment":[{"href":"https:\/\/serveiseducatius.xtec.cat\/riberadebre\/wp-json\/wp\/v2\/media?parent=21889"}],"wp:term":[{"taxonomy":"category","embeddable":true,"href":"https:\/\/serveiseducatius.xtec.cat\/riberadebre\/wp-json\/wp\/v2\/categories?post=21889"},{"taxonomy":"post_tag","embeddable":true,"href":"https:\/\/serveiseducatius.xtec.cat\/riberadebre\/wp-json\/wp\/v2\/tags?post=21889"}],"curies":[{"name":"wp","href":"https:\/\/api.w.org\/{rel}","templated":true}]}}