{"id":21835,"date":"2026-01-12T08:30:42","date_gmt":"2026-01-12T07:30:42","guid":{"rendered":"https:\/\/serveiseducatius.xtec.cat\/riberadebre\/?p=21835"},"modified":"2026-01-08T09:20:16","modified_gmt":"2026-01-08T08:20:16","slug":"inscripcio-7-al-15-de-gener-2026-programa-formatiu-aquiproubullying","status":"publish","type":"post","link":"https:\/\/serveiseducatius.xtec.cat\/riberadebre\/portada\/inscripcio-7-al-15-de-gener-2026-programa-formatiu-aquiproubullying\/","title":{"rendered":"Inscripci\u00f3 7 al 15 de gener 2026 &#8211; Programa formatiu #Aquiproubullying"},"content":{"rendered":"<p dir=\"ltr\">Des del programa <a href=\"https:\/\/projectes.xtec.cat\/convivenciapositiva\/categoria\/aquiproubullying\/\" target=\"_blank\" rel=\"noopener\"><strong>#Aquiproubullying<\/strong> <\/a>s&#8217;impulsa la creaci\u00f3 d&#8217;un programa formatiu per a la prevenci\u00f3 de l&#8217;assetjament escolar en format en l\u00ednia que consta de dos cursos. Els cursos compten amb el suport d&#8217;un tutor o tutora que far\u00e0 l&#8217;acompanyament de les tasques entregades de forma personalitzada i \u00e9s en format as\u00edncron.<\/p>\n<p dir=\"ltr\"><strong><span class=\"gmail_default\"><a href=\"https:\/\/serveiseducatius.xtec.cat\/riberadebre\/wp-content\/uploads\/usu1126\/2026\/01\/unnamed-19.png\"><img loading=\"lazy\" decoding=\"async\" class=\"alignnone wp-image-21837\" src=\"https:\/\/serveiseducatius.xtec.cat\/riberadebre\/wp-content\/uploads\/usu1126\/2026\/01\/unnamed-19-1024x576.png\" alt=\"\" width=\"221\" height=\"124\" srcset=\"https:\/\/serveiseducatius.xtec.cat\/riberadebre\/wp-content\/uploads\/usu1126\/2026\/01\/unnamed-19-1024x576.png 1024w, https:\/\/serveiseducatius.xtec.cat\/riberadebre\/wp-content\/uploads\/usu1126\/2026\/01\/unnamed-19-300x169.png 300w, https:\/\/serveiseducatius.xtec.cat\/riberadebre\/wp-content\/uploads\/usu1126\/2026\/01\/unnamed-19-768x432.png 768w, https:\/\/serveiseducatius.xtec.cat\/riberadebre\/wp-content\/uploads\/usu1126\/2026\/01\/unnamed-19-1536x864.png 1536w, https:\/\/serveiseducatius.xtec.cat\/riberadebre\/wp-content\/uploads\/usu1126\/2026\/01\/unnamed-19.png 1600w\" sizes=\"auto, (max-width: 221px) 100vw, 221px\" \/> <\/a><\/span>Curs 1.<\/strong> <em><strong>Prevenci\u00f3 de l&#8217;assetjament escolar: Sensibilitzaci\u00f3 i observaci\u00f3 conscient.\u00a0<\/strong><\/em><\/p>\n<p dir=\"ltr\">Inscripcions:\u00a0del 7 al 15 de gener de 2026<\/p>\n<p dir=\"ltr\">Dates del curs:\u00a010\/02\/2026 fins a 24\/03\/2026<\/p>\n<p dir=\"ltr\">Hores:\u00a020 h<\/p>\n<p dir=\"ltr\">Enlla\u00e7 a la inscripci\u00f3:\u00a0<a href=\"https:\/\/aplicacions.gestioeducativa.gencat.cat\/ords\/pls\/soloas\/inscripcionsnp?codi=9003110517&amp;curs=2025-2026\" target=\"_blank\" rel=\"noopener\" data-saferedirecturl=\"https:\/\/www.google.com\/url?q=https:\/\/aplicacions.gestioeducativa.gencat.cat\/ords\/pls\/soloas\/inscripcionsnp?codi%3D9003110517%26curs%3D2025-2026&amp;source=gmail&amp;ust=1767945804893000&amp;usg=AOvVaw2xOFi0syElz0DJ8h0404hq\">Prevenci\u00f3 de l&#8217;assetjament escolar: sensibilitzaci\u00f3 i observaci\u00f3 conscient<\/a><\/p>\n<p dir=\"ltr\"><strong><em><span class=\"gmail_default\"><a href=\"https:\/\/serveiseducatius.xtec.cat\/riberadebre\/wp-content\/uploads\/usu1126\/2026\/01\/unnamed-20.png\"><img loading=\"lazy\" decoding=\"async\" class=\"alignnone wp-image-21836\" src=\"https:\/\/serveiseducatius.xtec.cat\/riberadebre\/wp-content\/uploads\/usu1126\/2026\/01\/unnamed-20-1024x576.png\" alt=\"\" width=\"227\" height=\"128\" srcset=\"https:\/\/serveiseducatius.xtec.cat\/riberadebre\/wp-content\/uploads\/usu1126\/2026\/01\/unnamed-20-1024x576.png 1024w, https:\/\/serveiseducatius.xtec.cat\/riberadebre\/wp-content\/uploads\/usu1126\/2026\/01\/unnamed-20-300x169.png 300w, https:\/\/serveiseducatius.xtec.cat\/riberadebre\/wp-content\/uploads\/usu1126\/2026\/01\/unnamed-20-768x432.png 768w, https:\/\/serveiseducatius.xtec.cat\/riberadebre\/wp-content\/uploads\/usu1126\/2026\/01\/unnamed-20-1536x864.png 1536w, https:\/\/serveiseducatius.xtec.cat\/riberadebre\/wp-content\/uploads\/usu1126\/2026\/01\/unnamed-20.png 1600w\" sizes=\"auto, (max-width: 227px) 100vw, 227px\" \/> <\/a><\/span>Curs 2.<\/em><em>Prevenci\u00f3 de l&#8217;assetjament escolar: Provenci\u00f3. <\/em><\/strong>Aquest curs \u00a0acompanyar\u00e0 a reflexionar sobre el concepte de provenci\u00f3, com aplicar-la en la creaci\u00f3 i formaci\u00f3 de grups i la import\u00e0ncia del desenvolupament de l&#8217;educaci\u00f3 socioemocional, situant la provenci\u00f3 com una de les estrat\u00e8gies preventives m\u00e9s importants.<\/p>\n<p><span class=\"gmail_default\"><b>Inscripci\u00f3:<\/b>\u00a0del 7 al 15 de gener de 2026<\/span><br \/>\nDates del curs:\u00a010\/02\/2026 fins a 07\/04\/2026<\/p>\n<p><span class=\"gmail_default\"><b>Hores:<\/b> 30h\u00a0<\/span><\/p>\n<p><span class=\"gmail_default\"><span id=\"m_5888156299326451604gmail-docs-internal-guid-89c1bfe2-7fff-b056-cab5-fc33add5750e\">Enlla\u00e7 a la inscripci\u00f3:\u00a0<a href=\"https:\/\/aplicacions.gestioeducativa.gencat.cat\/ords\/pls\/soloas\/inscripcionsnp?codi=9003060517&amp;curs=2025-2026\" target=\"_blank\" rel=\"noopener\" data-saferedirecturl=\"https:\/\/www.google.com\/url?q=https:\/\/aplicacions.gestioeducativa.gencat.cat\/ords\/pls\/soloas\/inscripcionsnp?codi%3D9003060517%26curs%3D2025-2026&amp;source=gmail&amp;ust=1767945804893000&amp;usg=AOvVaw1gfQD8YdguuXXPWzxzkJjq\">Prevenci\u00f3 de l&#8217;assetjament escolar: provenci\u00f3<\/a><\/span><\/span><\/p>\n<p><!--a=1--><\/p>\n<p><!--a=1--><\/p>\n","protected":false},"excerpt":{"rendered":"<p>Des del programa #Aquiproubullying s&#8217;impulsa la creaci\u00f3 d&#8217;un programa formatiu per a la prevenci\u00f3 de l&#8217;assetjament escolar en format en l\u00ednia que consta de dos cursos. Els cursos compten amb el suport d&#8217;un tutor o tutora que far\u00e0 l&#8217;acompanyament de les tasques entregades de forma personalitzada i \u00e9s en format as\u00edncron. Curs 1. Prevenci\u00f3 de [&hellip;]<\/p>\n","protected":false},"author":9,"featured_media":21837,"comment_status":"open","ping_status":"open","sticky":false,"template":"","format":"standard","meta":{"_bbp_topic_count":0,"_bbp_reply_count":0,"_bbp_total_topic_count":0,"_bbp_total_reply_count":0,"_bbp_voice_count":0,"_bbp_anonymous_reply_count":0,"_bbp_topic_count_hidden":0,"_bbp_reply_count_hidden":0,"_bbp_forum_subforum_count":0,"site-sidebar-layout":"default","site-content-layout":"","ast-site-content-layout":"default","site-content-style":"default","site-sidebar-style":"default","ast-global-header-display":"","ast-banner-title-visibility":"","ast-main-header-display":"","ast-hfb-above-header-display":"","ast-hfb-below-header-display":"","ast-hfb-mobile-header-display":"","site-post-title":"","ast-breadcrumbs-content":"","ast-featured-img":"","footer-sml-layout":"","theme-transparent-header-meta":"default","adv-header-id-meta":"","stick-header-meta":"","header-above-stick-meta":"","header-main-stick-meta":"","header-below-stick-meta":"","astra-migrate-meta-layouts":"set","ast-page-background-enabled":"default","ast-page-background-meta":{"desktop":{"background-color":"var(--ast-global-color-4)","background-image":"","background-repeat":"repeat","background-position":"center center","background-size":"auto","background-attachment":"scroll","background-type":"","background-media":"","overlay-type":"","overlay-color":"","overlay-opacity":"","overlay-gradient":""},"tablet":{"background-color":"","background-image":"","background-repeat":"repeat","background-position":"center center","background-size":"auto","background-attachment":"scroll","background-type":"","background-media":"","overlay-type":"","overlay-color":"","overlay-opacity":"","overlay-gradient":""},"mobile":{"background-color":"","background-image":"","background-repeat":"repeat","background-position":"center center","background-size":"auto","background-attachment":"scroll","background-type":"","background-media":"","overlay-type":"","overlay-color":"","overlay-opacity":"","overlay-gradient":""}},"ast-content-background-meta":{"desktop":{"background-color":"var(--ast-global-color-5)","background-image":"","background-repeat":"repeat","background-position":"center center","background-size":"auto","background-attachment":"scroll","background-type":"","background-media":"","overlay-type":"","overlay-color":"","overlay-opacity":"","overlay-gradient":""},"tablet":{"background-color":"var(--ast-global-color-5)","background-image":"","background-repeat":"repeat","background-position":"center center","background-size":"auto","background-attachment":"scroll","background-type":"","background-media":"","overlay-type":"","overlay-color":"","overlay-opacity":"","overlay-gradient":""},"mobile":{"background-color":"var(--ast-global-color-5)","background-image":"","background-repeat":"repeat","background-position":"center center","background-size":"auto","background-attachment":"scroll","background-type":"","background-media":"","overlay-type":"","overlay-color":"","overlay-opacity":"","overlay-gradient":""}},"footnotes":""},"categories":[472,65,308,154,310,1015,923,29],"tags":[1259,1995,226,425],"class_list":["post-21835","post","type-post","status-publish","format-standard","has-post-thumbnail","hentry","category-aquoproubullying","category-crp","category-escoles","category-formacio","category-institut","category-ods-16","category-ods-4","category-portada","tag-aquiproubullying","tag-curs-25-26","tag-formacio","tag-prevencio-assetjament"],"post_mailing_queue_ids":[],"_links":{"self":[{"href":"https:\/\/serveiseducatius.xtec.cat\/riberadebre\/wp-json\/wp\/v2\/posts\/21835","targetHints":{"allow":["GET"]}}],"collection":[{"href":"https:\/\/serveiseducatius.xtec.cat\/riberadebre\/wp-json\/wp\/v2\/posts"}],"about":[{"href":"https:\/\/serveiseducatius.xtec.cat\/riberadebre\/wp-json\/wp\/v2\/types\/post"}],"author":[{"embeddable":true,"href":"https:\/\/serveiseducatius.xtec.cat\/riberadebre\/wp-json\/wp\/v2\/users\/9"}],"replies":[{"embeddable":true,"href":"https:\/\/serveiseducatius.xtec.cat\/riberadebre\/wp-json\/wp\/v2\/comments?post=21835"}],"version-history":[{"count":2,"href":"https:\/\/serveiseducatius.xtec.cat\/riberadebre\/wp-json\/wp\/v2\/posts\/21835\/revisions"}],"predecessor-version":[{"id":21839,"href":"https:\/\/serveiseducatius.xtec.cat\/riberadebre\/wp-json\/wp\/v2\/posts\/21835\/revisions\/21839"}],"wp:featuredmedia":[{"embeddable":true,"href":"https:\/\/serveiseducatius.xtec.cat\/riberadebre\/wp-json\/wp\/v2\/media\/21837"}],"wp:attachment":[{"href":"https:\/\/serveiseducatius.xtec.cat\/riberadebre\/wp-json\/wp\/v2\/media?parent=21835"}],"wp:term":[{"taxonomy":"category","embeddable":true,"href":"https:\/\/serveiseducatius.xtec.cat\/riberadebre\/wp-json\/wp\/v2\/categories?post=21835"},{"taxonomy":"post_tag","embeddable":true,"href":"https:\/\/serveiseducatius.xtec.cat\/riberadebre\/wp-json\/wp\/v2\/tags?post=21835"}],"curies":[{"name":"wp","href":"https:\/\/api.w.org\/{rel}","templated":true}]}}