{"id":21708,"date":"2025-12-16T08:22:41","date_gmt":"2025-12-16T07:22:41","guid":{"rendered":"https:\/\/serveiseducatius.xtec.cat\/riberadebre\/?p=21708"},"modified":"2025-12-09T13:24:17","modified_gmt":"2025-12-09T12:24:17","slug":"capsules-formatives-del-cesire-els-ods-un-bon-context-per-dissenyar-situacions-daprenentatge-inscripcio-fins-el-31-12-25","status":"publish","type":"post","link":"https:\/\/serveiseducatius.xtec.cat\/riberadebre\/portada\/capsules-formatives-del-cesire-els-ods-un-bon-context-per-dissenyar-situacions-daprenentatge-inscripcio-fins-el-31-12-25\/","title":{"rendered":"C\u00e0psules formatives del CESIRE. &#8220;Els ODS: un bon context per dissenyar situacions d&#8217;aprenentatge&#8221; Inscripci\u00f3 fins el 31\/12\/25"},"content":{"rendered":"<p><a href=\"https:\/\/serveiseducatius.xtec.cat\/riberadebre\/wp-content\/uploads\/usu1126\/2025\/12\/Captura-de-pantalla-2025-12-09-131557.jpg\"><img loading=\"lazy\" decoding=\"async\" class=\"alignnone wp-image-21709\" src=\"https:\/\/serveiseducatius.xtec.cat\/riberadebre\/wp-content\/uploads\/usu1126\/2025\/12\/Captura-de-pantalla-2025-12-09-131557.jpg\" alt=\"\" width=\"330\" height=\"176\" srcset=\"https:\/\/serveiseducatius.xtec.cat\/riberadebre\/wp-content\/uploads\/usu1126\/2025\/12\/Captura-de-pantalla-2025-12-09-131557.jpg 877w, https:\/\/serveiseducatius.xtec.cat\/riberadebre\/wp-content\/uploads\/usu1126\/2025\/12\/Captura-de-pantalla-2025-12-09-131557-300x160.jpg 300w, https:\/\/serveiseducatius.xtec.cat\/riberadebre\/wp-content\/uploads\/usu1126\/2025\/12\/Captura-de-pantalla-2025-12-09-131557-768x410.jpg 768w\" sizes=\"auto, (max-width: 330px) 100vw, 330px\" \/><\/a><\/p>\n<p>Des del CESIRE s&#8217;ofereixen 5 noves c\u00e0psules formatives on a partir dels ODS es presenten situacions d\u2019aprenentatge directes per portar a l\u2019aula. La inscripci\u00f3 a aquestes c\u00e0psules en l\u00ednia ja est\u00e0 oberta i es podran acreditar 10 hores de formaci\u00f3 a l\u2019XTEC. En finalitzar cadascuna de les c\u00e0psules els inscrits rebran un formulari\u00a0 que hauran d\u2019omplir perqu\u00e8 se\u2019ls acrediti l\u2019assist\u00e8ncia. L&#8217;horari de les sessions \u00e9s de 17h a 19h.<\/p>\n<p><strong>L\u2019enlla\u00e7 directe a la inscripci\u00f3 XTEC el trobareu clicant <a href=\"https:\/\/aplicacions.gestioeducativa.gencat.cat\/ords\/pls\/soloas\/pk_for_mod_ins.p_for_detall_activitat?p_codi=9005090532&amp;p_curs=2025-2026&amp;p_es_inscr=S\" target=\"_blank\" rel=\"noopener\" data-saferedirecturl=\"https:\/\/www.google.com\/url?q=https:\/\/aplicacions.gestioeducativa.gencat.cat\/ords\/pls\/soloas\/pk_for_mod_ins.p_for_detall_activitat?p_codi%3D9005090532%26p_curs%3D2025-2026%26p_es_inscr%3DS&amp;source=gmail&amp;ust=1765368328582000&amp;usg=AOvVaw32-uom4-HepjKLgya8uu3c\">AQU\u00cd<\/a>. El CODI XTEC \u00e9s: 9005090532.<\/strong> Data l\u00edmit per fer-la: 31\/12\/25.<\/p>\n<p>Quines s\u00f3n les c\u00e0psules que s&#8217;ofereixen?<\/p>\n<ol>\n<li>27 de gener de 2026. <em><strong>ODS 4 EDUCACI\u00d3 DE QUALITAT: \u201cNous materials en pr\u00e9stec al Cesire\u201d<\/strong> <\/em>amb Elena Gay\u00e1n, Oriol Guinart i Sandra Memminger (CESIRE)<\/li>\n<li>10 de febrer de 2026. <em><strong>ODS 16 IND\u00daSTRIA, INNOVACI\u00d3 I INFRAESTRUCTURES: \u201cQu\u00e8 IA?\u201d<\/strong> <\/em>amb V\u00edctor L\u00f3pez i Aura Hern\u00e1ndez (DIACIM, UAB) i Jes\u00fas P\u00e9rez (Esc. Joan Mir\u00f3)<\/li>\n<li>10 de mar\u00e7 de 2026. <em><strong>ODS 16 PAU, JUST\u00cdCIA I INSTITUCIONS S\u00d2LIDES \u201c50 raons de per qu\u00e8 amb Franco NO es vivia millor\u201d<\/strong> <\/em>amb S\u00f2nia Ma\u00f1\u00e9, Antoni Bardavio, N\u00faria Freixes (CdA de La Noguera) i David Mart\u00edn i David Palacios (Ins. Pau Vila)<\/li>\n<li>14 d\u2019abril de 2026.<em><strong> ODS 2 FAM ZERO I ODS13 ACCI\u00d3 PEL CLIMA \u201cUn APS: Explorem el s\u00f2l\u201d<\/strong> <\/em>amb Rosa Maria Poch (FAO Roma, UdL) \u00c0ngela Ribas (CREAF)<\/li>\n<li>12 de maig de 2026. <em><strong>ODS 15 VIDA D\u2019ECOSISTEMES TERRESTRES \u201cRecuperaci\u00f3 d\u2019animals salvatges: Com podem millorar la seva estada a l\u2019UCI?\u201d<\/strong> <\/em>Joan Al\u00e0s (Centre de Fauna de Vallcalent) Abel Guerrero (Esc. Parc del Saladar)<\/li>\n<\/ol>\n<p><!--a=1--><\/p>\n<p><!--a=1--><\/p>\n","protected":false},"excerpt":{"rendered":"<p>Des del CESIRE s&#8217;ofereixen 5 noves c\u00e0psules formatives on a partir dels ODS es presenten situacions d\u2019aprenentatge directes per portar a l\u2019aula. La inscripci\u00f3 a aquestes c\u00e0psules en l\u00ednia ja est\u00e0 oberta i es podran acreditar 10 hores de formaci\u00f3 a l\u2019XTEC. En finalitzar cadascuna de les c\u00e0psules els inscrits rebran un formulari\u00a0 que hauran [&hellip;]<\/p>\n","protected":false},"author":9,"featured_media":21709,"comment_status":"open","ping_status":"open","sticky":false,"template":"","format":"standard","meta":{"_bbp_topic_count":0,"_bbp_reply_count":0,"_bbp_total_topic_count":0,"_bbp_total_reply_count":0,"_bbp_voice_count":0,"_bbp_anonymous_reply_count":0,"_bbp_topic_count_hidden":0,"_bbp_reply_count_hidden":0,"_bbp_forum_subforum_count":0,"site-sidebar-layout":"default","site-content-layout":"","ast-site-content-layout":"","site-content-style":"default","site-sidebar-style":"default","ast-global-header-display":"","ast-banner-title-visibility":"","ast-main-header-display":"","ast-hfb-above-header-display":"","ast-hfb-below-header-display":"","ast-hfb-mobile-header-display":"","site-post-title":"","ast-breadcrumbs-content":"","ast-featured-img":"","footer-sml-layout":"","theme-transparent-header-meta":"","adv-header-id-meta":"","stick-header-meta":"","header-above-stick-meta":"","header-main-stick-meta":"","header-below-stick-meta":"","astra-migrate-meta-layouts":"default","ast-page-background-enabled":"default","ast-page-background-meta":{"desktop":{"background-color":"var(--ast-global-color-4)","background-image":"","background-repeat":"repeat","background-position":"center center","background-size":"auto","background-attachment":"scroll","background-type":"","background-media":"","overlay-type":"","overlay-color":"","overlay-opacity":"","overlay-gradient":""},"tablet":{"background-color":"","background-image":"","background-repeat":"repeat","background-position":"center center","background-size":"auto","background-attachment":"scroll","background-type":"","background-media":"","overlay-type":"","overlay-color":"","overlay-opacity":"","overlay-gradient":""},"mobile":{"background-color":"","background-image":"","background-repeat":"repeat","background-position":"center center","background-size":"auto","background-attachment":"scroll","background-type":"","background-media":"","overlay-type":"","overlay-color":"","overlay-opacity":"","overlay-gradient":""}},"ast-content-background-meta":{"desktop":{"background-color":"var(--ast-global-color-5)","background-image":"","background-repeat":"repeat","background-position":"center center","background-size":"auto","background-attachment":"scroll","background-type":"","background-media":"","overlay-type":"","overlay-color":"","overlay-opacity":"","overlay-gradient":""},"tablet":{"background-color":"var(--ast-global-color-5)","background-image":"","background-repeat":"repeat","background-position":"center center","background-size":"auto","background-attachment":"scroll","background-type":"","background-media":"","overlay-type":"","overlay-color":"","overlay-opacity":"","overlay-gradient":""},"mobile":{"background-color":"var(--ast-global-color-5)","background-image":"","background-repeat":"repeat","background-position":"center center","background-size":"auto","background-attachment":"scroll","background-type":"","background-media":"","overlay-type":"","overlay-color":"","overlay-opacity":"","overlay-gradient":""}},"footnotes":""},"categories":[619,65,308,310,735,29],"tags":[704,1995,545],"class_list":["post-21708","post","type-post","status-publish","format-standard","has-post-thumbnail","hentry","category-cesire-2","category-crp","category-escoles","category-institut","category-ods","category-portada","tag-cesire","tag-curs-25-26","tag-ods"],"post_mailing_queue_ids":[],"_links":{"self":[{"href":"https:\/\/serveiseducatius.xtec.cat\/riberadebre\/wp-json\/wp\/v2\/posts\/21708","targetHints":{"allow":["GET"]}}],"collection":[{"href":"https:\/\/serveiseducatius.xtec.cat\/riberadebre\/wp-json\/wp\/v2\/posts"}],"about":[{"href":"https:\/\/serveiseducatius.xtec.cat\/riberadebre\/wp-json\/wp\/v2\/types\/post"}],"author":[{"embeddable":true,"href":"https:\/\/serveiseducatius.xtec.cat\/riberadebre\/wp-json\/wp\/v2\/users\/9"}],"replies":[{"embeddable":true,"href":"https:\/\/serveiseducatius.xtec.cat\/riberadebre\/wp-json\/wp\/v2\/comments?post=21708"}],"version-history":[{"count":2,"href":"https:\/\/serveiseducatius.xtec.cat\/riberadebre\/wp-json\/wp\/v2\/posts\/21708\/revisions"}],"predecessor-version":[{"id":21711,"href":"https:\/\/serveiseducatius.xtec.cat\/riberadebre\/wp-json\/wp\/v2\/posts\/21708\/revisions\/21711"}],"wp:featuredmedia":[{"embeddable":true,"href":"https:\/\/serveiseducatius.xtec.cat\/riberadebre\/wp-json\/wp\/v2\/media\/21709"}],"wp:attachment":[{"href":"https:\/\/serveiseducatius.xtec.cat\/riberadebre\/wp-json\/wp\/v2\/media?parent=21708"}],"wp:term":[{"taxonomy":"category","embeddable":true,"href":"https:\/\/serveiseducatius.xtec.cat\/riberadebre\/wp-json\/wp\/v2\/categories?post=21708"},{"taxonomy":"post_tag","embeddable":true,"href":"https:\/\/serveiseducatius.xtec.cat\/riberadebre\/wp-json\/wp\/v2\/tags?post=21708"}],"curies":[{"name":"wp","href":"https:\/\/api.w.org\/{rel}","templated":true}]}}