{"id":21296,"date":"2025-09-29T08:30:55","date_gmt":"2025-09-29T06:30:55","guid":{"rendered":"https:\/\/serveiseducatius.xtec.cat\/riberadebre\/?p=21296"},"modified":"2025-09-29T08:57:57","modified_gmt":"2025-09-29T06:57:57","slug":"nou-nodes-daula-dacollida","status":"publish","type":"post","link":"https:\/\/serveiseducatius.xtec.cat\/riberadebre\/general\/nou-nodes-daula-dacollida\/","title":{"rendered":"NOU NODES D&#8217;AULA D&#8217;ACOLLIDA"},"content":{"rendered":"<p style=\"text-align: justify;\">El Servei de Recursos Ling\u00fc\u00edstics ha creat un nou <a href=\"https:\/\/projectes.xtec.cat\/aula-acollida\/\">nodes<\/a> dedicat a l&#8217;aula d&#8217;acollida. Fins ara n&#8217;existia un dedicat a l&#8217;atenci\u00f3 de l&#8217;alumnat d&#8217;origen estranger i un altre a usos ling\u00fc\u00edstics (en els dos s&#8217;hi podien trobar materials i recursos adre\u00e7ats a l&#8217;aula d&#8217;acollida). Aquest nou nodes presenta quatre blocs tem\u00e0tics: programaci\u00f3, festes i tradicions, documents i avaluar.<\/p>\n<p style=\"text-align: justify;\">Us animem a consultar-lo!<\/p>\n<p>&nbsp;<\/p>\n<p><a href=\"https:\/\/serveiseducatius.xtec.cat\/riberadebre\/wp-content\/uploads\/usu1126\/2025\/09\/Captura-de-pantalla-2025-09-26-124706.png\"><img loading=\"lazy\" decoding=\"async\" class=\"alignnone size-large wp-image-21297\" src=\"https:\/\/serveiseducatius.xtec.cat\/riberadebre\/wp-content\/uploads\/usu1126\/2025\/09\/Captura-de-pantalla-2025-09-26-124706-1024x265.png\" alt=\"\" width=\"1024\" height=\"265\" srcset=\"https:\/\/serveiseducatius.xtec.cat\/riberadebre\/wp-content\/uploads\/usu1126\/2025\/09\/Captura-de-pantalla-2025-09-26-124706-1024x265.png 1024w, https:\/\/serveiseducatius.xtec.cat\/riberadebre\/wp-content\/uploads\/usu1126\/2025\/09\/Captura-de-pantalla-2025-09-26-124706-300x78.png 300w, https:\/\/serveiseducatius.xtec.cat\/riberadebre\/wp-content\/uploads\/usu1126\/2025\/09\/Captura-de-pantalla-2025-09-26-124706-768x199.png 768w, https:\/\/serveiseducatius.xtec.cat\/riberadebre\/wp-content\/uploads\/usu1126\/2025\/09\/Captura-de-pantalla-2025-09-26-124706.png 1269w\" sizes=\"auto, (max-width: 1024px) 100vw, 1024px\" \/><\/a><\/p>\n<p><!--a=1--><\/p>\n<p><!--a=1--><\/p>\n","protected":false},"excerpt":{"rendered":"<p>El Servei de Recursos Ling\u00fc\u00edstics ha creat un nou nodes dedicat a l&#8217;aula d&#8217;acollida. Fins ara n&#8217;existia un dedicat a l&#8217;atenci\u00f3 de l&#8217;alumnat d&#8217;origen estranger i un altre a usos ling\u00fc\u00edstics (en els dos s&#8217;hi podien trobar materials i recursos adre\u00e7ats a l&#8217;aula d&#8217;acollida). Aquest nou nodes presenta quatre blocs tem\u00e0tics: programaci\u00f3, festes i tradicions, [&hellip;]<\/p>\n","protected":false},"author":45,"featured_media":21297,"comment_status":"open","ping_status":"open","sticky":false,"template":"","format":"standard","meta":{"_bbp_topic_count":0,"_bbp_reply_count":0,"_bbp_total_topic_count":0,"_bbp_total_reply_count":0,"_bbp_voice_count":0,"_bbp_anonymous_reply_count":0,"_bbp_topic_count_hidden":0,"_bbp_reply_count_hidden":0,"_bbp_forum_subforum_count":0,"site-sidebar-layout":"default","site-content-layout":"","ast-site-content-layout":"","site-content-style":"default","site-sidebar-style":"default","ast-global-header-display":"","ast-banner-title-visibility":"","ast-main-header-display":"","ast-hfb-above-header-display":"","ast-hfb-below-header-display":"","ast-hfb-mobile-header-display":"","site-post-title":"","ast-breadcrumbs-content":"","ast-featured-img":"","footer-sml-layout":"","theme-transparent-header-meta":"","adv-header-id-meta":"","stick-header-meta":"","header-above-stick-meta":"","header-main-stick-meta":"","header-below-stick-meta":"","astra-migrate-meta-layouts":"default","ast-page-background-enabled":"default","ast-page-background-meta":{"desktop":{"background-color":"var(--ast-global-color-4)","background-image":"","background-repeat":"repeat","background-position":"center center","background-size":"auto","background-attachment":"scroll","background-type":"","background-media":"","overlay-type":"","overlay-color":"","overlay-opacity":"","overlay-gradient":""},"tablet":{"background-color":"","background-image":"","background-repeat":"repeat","background-position":"center center","background-size":"auto","background-attachment":"scroll","background-type":"","background-media":"","overlay-type":"","overlay-color":"","overlay-opacity":"","overlay-gradient":""},"mobile":{"background-color":"","background-image":"","background-repeat":"repeat","background-position":"center center","background-size":"auto","background-attachment":"scroll","background-type":"","background-media":"","overlay-type":"","overlay-color":"","overlay-opacity":"","overlay-gradient":""}},"ast-content-background-meta":{"desktop":{"background-color":"var(--ast-global-color-5)","background-image":"","background-repeat":"repeat","background-position":"center center","background-size":"auto","background-attachment":"scroll","background-type":"","background-media":"","overlay-type":"","overlay-color":"","overlay-opacity":"","overlay-gradient":""},"tablet":{"background-color":"var(--ast-global-color-5)","background-image":"","background-repeat":"repeat","background-position":"center center","background-size":"auto","background-attachment":"scroll","background-type":"","background-media":"","overlay-type":"","overlay-color":"","overlay-opacity":"","overlay-gradient":""},"mobile":{"background-color":"var(--ast-global-color-5)","background-image":"","background-repeat":"repeat","background-position":"center center","background-size":"auto","background-attachment":"scroll","background-type":"","background-media":"","overlay-type":"","overlay-color":"","overlay-opacity":"","overlay-gradient":""}},"footnotes":""},"categories":[624,68,1,1692,2010,923,29],"tags":[477,1829,236],"class_list":["post-21296","post","type-post","status-publish","format-standard","has-post-thumbnail","hentry","category-app","category-elic","category-general","category-inclusio","category-novetats-octubre-2025-full-novetats-crp","category-ods-4","category-portada","tag-crp","tag-elic","tag-llengua-catalana"],"post_mailing_queue_ids":[],"_links":{"self":[{"href":"https:\/\/serveiseducatius.xtec.cat\/riberadebre\/wp-json\/wp\/v2\/posts\/21296","targetHints":{"allow":["GET"]}}],"collection":[{"href":"https:\/\/serveiseducatius.xtec.cat\/riberadebre\/wp-json\/wp\/v2\/posts"}],"about":[{"href":"https:\/\/serveiseducatius.xtec.cat\/riberadebre\/wp-json\/wp\/v2\/types\/post"}],"author":[{"embeddable":true,"href":"https:\/\/serveiseducatius.xtec.cat\/riberadebre\/wp-json\/wp\/v2\/users\/45"}],"replies":[{"embeddable":true,"href":"https:\/\/serveiseducatius.xtec.cat\/riberadebre\/wp-json\/wp\/v2\/comments?post=21296"}],"version-history":[{"count":4,"href":"https:\/\/serveiseducatius.xtec.cat\/riberadebre\/wp-json\/wp\/v2\/posts\/21296\/revisions"}],"predecessor-version":[{"id":21306,"href":"https:\/\/serveiseducatius.xtec.cat\/riberadebre\/wp-json\/wp\/v2\/posts\/21296\/revisions\/21306"}],"wp:featuredmedia":[{"embeddable":true,"href":"https:\/\/serveiseducatius.xtec.cat\/riberadebre\/wp-json\/wp\/v2\/media\/21297"}],"wp:attachment":[{"href":"https:\/\/serveiseducatius.xtec.cat\/riberadebre\/wp-json\/wp\/v2\/media?parent=21296"}],"wp:term":[{"taxonomy":"category","embeddable":true,"href":"https:\/\/serveiseducatius.xtec.cat\/riberadebre\/wp-json\/wp\/v2\/categories?post=21296"},{"taxonomy":"post_tag","embeddable":true,"href":"https:\/\/serveiseducatius.xtec.cat\/riberadebre\/wp-json\/wp\/v2\/tags?post=21296"}],"curies":[{"name":"wp","href":"https:\/\/api.w.org\/{rel}","templated":true}]}}