{"id":21036,"date":"2025-07-08T09:01:05","date_gmt":"2025-07-08T07:01:05","guid":{"rendered":"https:\/\/serveiseducatius.xtec.cat\/riberadebre\/?p=21036"},"modified":"2025-07-07T22:17:09","modified_gmt":"2025-07-07T20:17:09","slug":"recull-experiencies-centres-educatius-asco","status":"publish","type":"post","link":"https:\/\/serveiseducatius.xtec.cat\/riberadebre\/portada\/recull-experiencies-centres-educatius-asco\/","title":{"rendered":"Recull experi\u00e8ncies centres educatius Asc\u00f3"},"content":{"rendered":"<p>A la tercera part de la jornada <a href=\"https:\/\/serveiseducatius.xtec.cat\/riberadebre\/portada\/jornada-fem-i-compartim-30-juny-asco\/\" target=\"_blank\" rel=\"noopener\">Fem i Compartim del dia 30 de juny es mostren algunes experi\u00e8ncies dels centres educatius d&#8217;Asc\u00f3:<\/a><\/p>\n<p>-Des de la<strong> Llar d&#8217;Infants Vailets<\/strong> es destaca la import\u00e0ncia de la visi\u00f3 compartida de l&#8217;infant. Aqu\u00ed trobareu <a href=\"https:\/\/youtu.be\/_W1p3m0PIco?si=-Z2RtqGw89E3y6HB\" target=\"_blank\" rel=\"noopener\">enlla\u00e7 al seu v\u00eddeo EL DIA A DIA A LA LLAR D&#8217;INFANTS.<\/a><\/p>\n<p><strong>-L&#8217;escola de M\u00fasica Municipal (EMMA)<\/strong> exposa les activitats que realitza amb tot el seu alumnat.<\/p>\n<p><strong><a href=\"https:\/\/agora.xtec.cat\/ceipsantmiquel\/\" target=\"_blank\" rel=\"noopener\">-L&#8217;escola St. Miquel d&#8217;Asc\u00f3<\/a> <\/strong>destaca els seus projectes singulars , principalment <a href=\"https:\/\/agora.xtec.cat\/ceipsantmiquel\/categoria\/la-motxilla\/\" target=\"_blank\" rel=\"noopener\">&#8220;La motxilla del Miquelet&#8221;,<\/a> una activitat amb col\u00b7laboraci\u00f3 amb Video Asc\u00f3 Televisi\u00f3 (VAT), per aprofitar aquest mitj\u00e0 per a que l&#8217;alumnat presenti not\u00edcies o experi\u00e8ncies enriquides amb l&#8217;entorn.<\/p>\n<p><a href=\"https:\/\/serveiseducatius.xtec.cat\/riberadebre\/wp-content\/uploads\/usu1126\/2023\/09\/fem-i-compartim.jpg\"><img loading=\"lazy\" decoding=\"async\" class=\"alignnone size-full wp-image-18245\" src=\"https:\/\/serveiseducatius.xtec.cat\/riberadebre\/wp-content\/uploads\/usu1126\/2023\/09\/fem-i-compartim.jpg\" alt=\"\" width=\"900\" height=\"300\" srcset=\"https:\/\/serveiseducatius.xtec.cat\/riberadebre\/wp-content\/uploads\/usu1126\/2023\/09\/fem-i-compartim.jpg 900w, https:\/\/serveiseducatius.xtec.cat\/riberadebre\/wp-content\/uploads\/usu1126\/2023\/09\/fem-i-compartim-300x100.jpg 300w, https:\/\/serveiseducatius.xtec.cat\/riberadebre\/wp-content\/uploads\/usu1126\/2023\/09\/fem-i-compartim-768x256.jpg 768w\" sizes=\"auto, (max-width: 900px) 100vw, 900px\" \/><\/a><\/p>\n","protected":false},"excerpt":{"rendered":"<p>A la tercera part de la jornada Fem i Compartim del dia 30 de juny es mostren algunes experi\u00e8ncies dels centres educatius d&#8217;Asc\u00f3: -Des de la Llar d&#8217;Infants Vailets es destaca la import\u00e0ncia de la visi\u00f3 compartida de l&#8217;infant. Aqu\u00ed trobareu enlla\u00e7 al seu v\u00eddeo EL DIA A DIA A LA LLAR D&#8217;INFANTS. -L&#8217;escola de [&hellip;]<\/p>\n","protected":false},"author":3,"featured_media":18245,"comment_status":"open","ping_status":"open","sticky":false,"template":"","format":"standard","meta":{"_bbp_topic_count":0,"_bbp_reply_count":0,"_bbp_total_topic_count":0,"_bbp_total_reply_count":0,"_bbp_voice_count":0,"_bbp_anonymous_reply_count":0,"_bbp_topic_count_hidden":0,"_bbp_reply_count_hidden":0,"_bbp_forum_subforum_count":0,"site-sidebar-layout":"default","site-content-layout":"","ast-site-content-layout":"","site-content-style":"default","site-sidebar-style":"default","ast-global-header-display":"","ast-banner-title-visibility":"","ast-main-header-display":"","ast-hfb-above-header-display":"","ast-hfb-below-header-display":"","ast-hfb-mobile-header-display":"","site-post-title":"","ast-breadcrumbs-content":"","ast-featured-img":"","footer-sml-layout":"","theme-transparent-header-meta":"","adv-header-id-meta":"","stick-header-meta":"","header-above-stick-meta":"","header-main-stick-meta":"","header-below-stick-meta":"","astra-migrate-meta-layouts":"default","ast-page-background-enabled":"default","ast-page-background-meta":{"desktop":{"background-color":"var(--ast-global-color-4)","background-image":"","background-repeat":"repeat","background-position":"center center","background-size":"auto","background-attachment":"scroll","background-type":"","background-media":"","overlay-type":"","overlay-color":"","overlay-opacity":"","overlay-gradient":""},"tablet":{"background-color":"","background-image":"","background-repeat":"repeat","background-position":"center center","background-size":"auto","background-attachment":"scroll","background-type":"","background-media":"","overlay-type":"","overlay-color":"","overlay-opacity":"","overlay-gradient":""},"mobile":{"background-color":"","background-image":"","background-repeat":"repeat","background-position":"center center","background-size":"auto","background-attachment":"scroll","background-type":"","background-media":"","overlay-type":"","overlay-color":"","overlay-opacity":"","overlay-gradient":""}},"ast-content-background-meta":{"desktop":{"background-color":"var(--ast-global-color-5)","background-image":"","background-repeat":"repeat","background-position":"center center","background-size":"auto","background-attachment":"scroll","background-type":"","background-media":"","overlay-type":"","overlay-color":"","overlay-opacity":"","overlay-gradient":""},"tablet":{"background-color":"var(--ast-global-color-5)","background-image":"","background-repeat":"repeat","background-position":"center center","background-size":"auto","background-attachment":"scroll","background-type":"","background-media":"","overlay-type":"","overlay-color":"","overlay-opacity":"","overlay-gradient":""},"mobile":{"background-color":"var(--ast-global-color-5)","background-image":"","background-repeat":"repeat","background-position":"center center","background-size":"auto","background-attachment":"scroll","background-type":"","background-media":"","overlay-type":"","overlay-color":"","overlay-opacity":"","overlay-gradient":""}},"footnotes":""},"categories":[65,314,673,308,467,1848,974,1638,29,76,497],"tags":[],"class_list":["post-21036","post","type-post","status-publish","format-standard","has-post-thumbnail","hentry","category-crp","category-escola-musica","category-escola-sant-miquel-dasco","category-escoles","category-fem-i-compartim-2","category-fem-i-compartim-24-25","category-llars-dinfants","category-ods-17","category-portada","category-recursos","category-ribera-debre"],"post_mailing_queue_ids":[],"_links":{"self":[{"href":"https:\/\/serveiseducatius.xtec.cat\/riberadebre\/wp-json\/wp\/v2\/posts\/21036","targetHints":{"allow":["GET"]}}],"collection":[{"href":"https:\/\/serveiseducatius.xtec.cat\/riberadebre\/wp-json\/wp\/v2\/posts"}],"about":[{"href":"https:\/\/serveiseducatius.xtec.cat\/riberadebre\/wp-json\/wp\/v2\/types\/post"}],"author":[{"embeddable":true,"href":"https:\/\/serveiseducatius.xtec.cat\/riberadebre\/wp-json\/wp\/v2\/users\/3"}],"replies":[{"embeddable":true,"href":"https:\/\/serveiseducatius.xtec.cat\/riberadebre\/wp-json\/wp\/v2\/comments?post=21036"}],"version-history":[{"count":3,"href":"https:\/\/serveiseducatius.xtec.cat\/riberadebre\/wp-json\/wp\/v2\/posts\/21036\/revisions"}],"predecessor-version":[{"id":21096,"href":"https:\/\/serveiseducatius.xtec.cat\/riberadebre\/wp-json\/wp\/v2\/posts\/21036\/revisions\/21096"}],"wp:featuredmedia":[{"embeddable":true,"href":"https:\/\/serveiseducatius.xtec.cat\/riberadebre\/wp-json\/wp\/v2\/media\/18245"}],"wp:attachment":[{"href":"https:\/\/serveiseducatius.xtec.cat\/riberadebre\/wp-json\/wp\/v2\/media?parent=21036"}],"wp:term":[{"taxonomy":"category","embeddable":true,"href":"https:\/\/serveiseducatius.xtec.cat\/riberadebre\/wp-json\/wp\/v2\/categories?post=21036"},{"taxonomy":"post_tag","embeddable":true,"href":"https:\/\/serveiseducatius.xtec.cat\/riberadebre\/wp-json\/wp\/v2\/tags?post=21036"}],"curies":[{"name":"wp","href":"https:\/\/api.w.org\/{rel}","templated":true}]}}