{"id":20412,"date":"2025-03-04T10:37:27","date_gmt":"2025-03-04T09:37:27","guid":{"rendered":"https:\/\/serveiseducatius.xtec.cat\/riberadebre\/?p=20412"},"modified":"2025-03-31T11:50:47","modified_gmt":"2025-03-31T09:50:47","slug":"xv-jornada-deducacio-primaria-terres-de-lebre-la-ciencia-des-duna-mirada-critica-i-indagadora-a-lep-i-secundaria","status":"publish","type":"post","link":"https:\/\/serveiseducatius.xtec.cat\/riberadebre\/general\/xv-jornada-deducacio-primaria-terres-de-lebre-la-ciencia-des-duna-mirada-critica-i-indagadora-a-lep-i-secundaria\/","title":{"rendered":"XV Jornada d&#8217;Educaci\u00f3 Prim\u00e0ria Terres de l&#8217;Ebre.  La ci\u00e8ncia des d&#8217;una mirada cr\u00edtica i indagadora a l&#8217;EP i Secund\u00e0ria."},"content":{"rendered":"<p>Jornada a Tortosa el 29 de mar\u00e7.<\/p>\n<p>Aquesta jornada est\u00e0 dirigida a professionals de l&#8217;educaci\u00f3 prim\u00e0ria i primer cicle d&#8217;ESO interessats a explorar noves maneres d&#8217;introduir la ci\u00e8ncia a l&#8217;alumnat d&#8217;aquestes etapes educatives. Durant la jornada, es reflexionar\u00e0 sobre com fomentar una mirada cr\u00edtica i indagadora en l&#8217;alumnat, a trav\u00e9s d&#8217;activitats pr\u00e0ctiques que promoguin l&#8217;experimentaci\u00f3, l&#8217;observaci\u00f3 i la resoluci\u00f3 de problemes. S&#8217;abordaran metodologies actives que parteixen de les preguntes de l&#8217;alumnat i de l&#8217;exploraci\u00f3 del seu entorn quotidi\u00e0, potenciant la seva curiositat natural i la seva capacitat per reflexionar sobre el m\u00f3n que els envolta.<\/p>\n<div><strong>Activitat reconeguda pel Departament d&#8217;Educaci\u00f3 a trav\u00e9s de l&#8217;ICE URV (codi\u00a08002020021)\u00a0amb una certificaci\u00f3 de 5 hores.<\/strong><\/div>\n<div><\/div>\n<div>Inscripci\u00f3\u00a0<u><a id=\"m_-8123774967830279144OWA049ada3c-c86e-3966-2928-b776ac0a780f\" href=\"https:\/\/aplicacions.gestioeducativa.gencat.cat\/ords\/pls\/soloas\/pk_for_mod_ins.p_for_detall_activitat?p_codi=8002020021&amp;p_curs=2024-2025&amp;p_es_inscr=S\" target=\"_blank\" rel=\"noopener\" data-saferedirecturl=\"https:\/\/www.google.com\/url?q=https:\/\/aplicacions.gestioeducativa.gencat.cat\/ords\/pls\/soloas\/pk_for_mod_ins.p_for_detall_activitat?p_codi%3D8002020021%26p_curs%3D2024-2025%26p_es_inscr%3DS&amp;source=gmail&amp;ust=1741158606924000&amp;usg=AOvVaw0UDTFKZLX72DgMJl8pdi19\">Aqu\u00ed<\/a><\/u><\/div>\n<p>&nbsp;<\/p>\n<p>OBJECTIUS<\/p>\n<p>1. Fomentar la curiositat i l&#8217;esperit cr\u00edtic: Incentivar que l&#8217;alumnat faci preguntes, desenvolupi hip\u00f2tesis i explori el m\u00f3n que l&#8217;envolta amb una actitud cr\u00edtica davant els fen\u00f2mens cient\u00edfics del seu dia a dia.<\/p>\n<p>2. Desenvolupar habilitats d&#8217;observaci\u00f3 i experimentaci\u00f3 per guiar a l&#8217;alumnat d&#8217;educaci\u00f3 prim\u00e0ria a trav\u00e9s d&#8217;activitats d&#8217;experimentaci\u00f3 senzilla, perqu\u00e8 pugui observar canvis, identificar patrons i treure conclusions per si mateixos.<\/p>\n<p>3. Promoure el treball cooperatiu i la discussi\u00f3 col\u00b7lectiva amb la finalitat d&#8217;afavorir el treball en grup per resoldre problemes cient\u00edfics de manera col\u00b7laborativa, aprenent a valorar les opinions dels altres i a construir coneixement compartit.<\/p>\n<p>4. Establir connexions entre ci\u00e8ncia i vida quotidiana per mostrar com la ci\u00e8ncia est\u00e0 present en la seva vida quotidiana i com poden utilitzar-la per entendre millor el m\u00f3n.<\/p>\n<p>5. Potenciar la creativitat en el proc\u00e9s cient\u00edfic i proporcionar espai perqu\u00e8 els infants cre\u00efn les seves pr\u00f2pies solucions o experiments, encoratjant la creativitat en la ci\u00e8ncia.<\/p>\n<div><\/div>\n<div><\/div>\n<div>\n<div><\/div>\n<div>Data:\u00a0 29 de mar\u00e7<\/div>\n<div><\/div>\n<div>Horari:\u00a0de 9,00h a 14,00h<\/div>\n<div><\/div>\n<div>Lloc: URV<\/div>\n<p>Campus Terres de l\u2019Ebre<\/p>\n<\/div>\n<div>Avinguda Remolins, 13-15<\/div>\n<div>43500 \u2013 Tortosa, Tarragona.<\/div>\n<p>&nbsp;<\/p>\n<p><a href=\"https:\/\/serveiseducatius.xtec.cat\/riberadebre\/wp-content\/uploads\/usu1126\/2025\/03\/urv-campus.png\"><img loading=\"lazy\" decoding=\"async\" class=\"alignnone size-full wp-image-20417\" src=\"https:\/\/serveiseducatius.xtec.cat\/riberadebre\/wp-content\/uploads\/usu1126\/2025\/03\/urv-campus.png\" alt=\"\" width=\"570\" height=\"85\" srcset=\"https:\/\/serveiseducatius.xtec.cat\/riberadebre\/wp-content\/uploads\/usu1126\/2025\/03\/urv-campus.png 570w, https:\/\/serveiseducatius.xtec.cat\/riberadebre\/wp-content\/uploads\/usu1126\/2025\/03\/urv-campus-300x45.png 300w\" sizes=\"auto, (max-width: 570px) 100vw, 570px\" \/><\/a><\/p>\n<p>&nbsp;<\/p>\n<div>\n<div><\/div>\n<\/div>\n","protected":false},"excerpt":{"rendered":"<p>Jornada a Tortosa el 29 de mar\u00e7. Aquesta jornada est\u00e0 dirigida a professionals de l&#8217;educaci\u00f3 prim\u00e0ria i primer cicle d&#8217;ESO interessats a explorar noves maneres d&#8217;introduir la ci\u00e8ncia a l&#8217;alumnat d&#8217;aquestes etapes educatives. Durant la jornada, es reflexionar\u00e0 sobre com fomentar una mirada cr\u00edtica i indagadora en l&#8217;alumnat, a trav\u00e9s d&#8217;activitats pr\u00e0ctiques que promoguin l&#8217;experimentaci\u00f3, [&hellip;]<\/p>\n","protected":false},"author":44,"featured_media":20417,"comment_status":"open","ping_status":"closed","sticky":false,"template":"","format":"standard","meta":{"_bbp_topic_count":0,"_bbp_reply_count":0,"_bbp_total_topic_count":0,"_bbp_total_reply_count":0,"_bbp_voice_count":0,"_bbp_anonymous_reply_count":0,"_bbp_topic_count_hidden":0,"_bbp_reply_count_hidden":0,"_bbp_forum_subforum_count":0,"site-sidebar-layout":"default","site-content-layout":"","ast-site-content-layout":"","site-content-style":"default","site-sidebar-style":"default","ast-global-header-display":"","ast-banner-title-visibility":"","ast-main-header-display":"","ast-hfb-above-header-display":"","ast-hfb-below-header-display":"","ast-hfb-mobile-header-display":"","site-post-title":"","ast-breadcrumbs-content":"","ast-featured-img":"","footer-sml-layout":"","theme-transparent-header-meta":"","adv-header-id-meta":"","stick-header-meta":"","header-above-stick-meta":"","header-main-stick-meta":"","header-below-stick-meta":"","astra-migrate-meta-layouts":"default","ast-page-background-enabled":"default","ast-page-background-meta":{"desktop":{"background-color":"var(--ast-global-color-4)","background-image":"","background-repeat":"repeat","background-position":"center center","background-size":"auto","background-attachment":"scroll","background-type":"","background-media":"","overlay-type":"","overlay-color":"","overlay-opacity":"","overlay-gradient":""},"tablet":{"background-color":"","background-image":"","background-repeat":"repeat","background-position":"center center","background-size":"auto","background-attachment":"scroll","background-type":"","background-media":"","overlay-type":"","overlay-color":"","overlay-opacity":"","overlay-gradient":""},"mobile":{"background-color":"","background-image":"","background-repeat":"repeat","background-position":"center center","background-size":"auto","background-attachment":"scroll","background-type":"","background-media":"","overlay-type":"","overlay-color":"","overlay-opacity":"","overlay-gradient":""}},"ast-content-background-meta":{"desktop":{"background-color":"var(--ast-global-color-5)","background-image":"","background-repeat":"repeat","background-position":"center center","background-size":"auto","background-attachment":"scroll","background-type":"","background-media":"","overlay-type":"","overlay-color":"","overlay-opacity":"","overlay-gradient":""},"tablet":{"background-color":"var(--ast-global-color-5)","background-image":"","background-repeat":"repeat","background-position":"center center","background-size":"auto","background-attachment":"scroll","background-type":"","background-media":"","overlay-type":"","overlay-color":"","overlay-opacity":"","overlay-gradient":""},"mobile":{"background-color":"var(--ast-global-color-5)","background-image":"","background-repeat":"repeat","background-position":"center center","background-size":"auto","background-attachment":"scroll","background-type":"","background-media":"","overlay-type":"","overlay-color":"","overlay-opacity":"","overlay-gradient":""}},"footnotes":""},"categories":[1017,65,983,308,154,1,310,735,29,76],"tags":[567,714,1916,760,520],"class_list":["post-20412","post","type-post","status-publish","format-standard","has-post-thumbnail","hentry","category-cicles-formatius","category-crp","category-educacio-secundaria","category-escoles","category-formacio","category-general","category-institut","category-ods","category-portada","category-recursos","tag-campus-urv-terres-de-lebre","tag-cicles-formatius","tag-educacio-primaria-terres-de-lebre","tag-ensenyaments-postobligatoris","tag-jornada"],"post_mailing_queue_ids":[],"_links":{"self":[{"href":"https:\/\/serveiseducatius.xtec.cat\/riberadebre\/wp-json\/wp\/v2\/posts\/20412","targetHints":{"allow":["GET"]}}],"collection":[{"href":"https:\/\/serveiseducatius.xtec.cat\/riberadebre\/wp-json\/wp\/v2\/posts"}],"about":[{"href":"https:\/\/serveiseducatius.xtec.cat\/riberadebre\/wp-json\/wp\/v2\/types\/post"}],"author":[{"embeddable":true,"href":"https:\/\/serveiseducatius.xtec.cat\/riberadebre\/wp-json\/wp\/v2\/users\/44"}],"replies":[{"embeddable":true,"href":"https:\/\/serveiseducatius.xtec.cat\/riberadebre\/wp-json\/wp\/v2\/comments?post=20412"}],"version-history":[{"count":6,"href":"https:\/\/serveiseducatius.xtec.cat\/riberadebre\/wp-json\/wp\/v2\/posts\/20412\/revisions"}],"predecessor-version":[{"id":20484,"href":"https:\/\/serveiseducatius.xtec.cat\/riberadebre\/wp-json\/wp\/v2\/posts\/20412\/revisions\/20484"}],"wp:featuredmedia":[{"embeddable":true,"href":"https:\/\/serveiseducatius.xtec.cat\/riberadebre\/wp-json\/wp\/v2\/media\/20417"}],"wp:attachment":[{"href":"https:\/\/serveiseducatius.xtec.cat\/riberadebre\/wp-json\/wp\/v2\/media?parent=20412"}],"wp:term":[{"taxonomy":"category","embeddable":true,"href":"https:\/\/serveiseducatius.xtec.cat\/riberadebre\/wp-json\/wp\/v2\/categories?post=20412"},{"taxonomy":"post_tag","embeddable":true,"href":"https:\/\/serveiseducatius.xtec.cat\/riberadebre\/wp-json\/wp\/v2\/tags?post=20412"}],"curies":[{"name":"wp","href":"https:\/\/api.w.org\/{rel}","templated":true}]}}