{"id":20327,"date":"2025-02-24T08:30:12","date_gmt":"2025-02-24T07:30:12","guid":{"rendered":"https:\/\/serveiseducatius.xtec.cat\/riberadebre\/?p=20327"},"modified":"2025-02-21T12:05:12","modified_gmt":"2025-02-21T11:05:12","slug":"verkami-per-al-curtmetratge-la-bici-de-la-lola-violencies-sexuals-infancia","status":"publish","type":"post","link":"https:\/\/serveiseducatius.xtec.cat\/riberadebre\/general\/verkami-per-al-curtmetratge-la-bici-de-la-lola-violencies-sexuals-infancia\/","title":{"rendered":"Verkami per al curtmetratge &#8220;La bici de la Lola&#8221; \/ Viol\u00e8ncies sexuals &#038; Inf\u00e0ncia"},"content":{"rendered":"<p>L&#8217;Alba Barb\u00e9, la Laia Pibernat i la Judit Piella ens presenten \u00a0<strong>&#8220;La bici de la Lola&#8221;<\/strong>, un curtmetratge per a la prevenci\u00f3 de les viol\u00e8ncies sexuals vers la inf\u00e0ncia; pr\u00e8viament existent en format d<a href=\"https:\/\/issuu.com\/edbellaterra\/docs\/la_bici_de_lola_catal_1\">&#8216;\u00e0lbum il\u00b7lustrat.<\/a><\/p>\n<p>Ens presenten el curt en un prellan\u00e7ament Verkami:<\/p>\n<p><strong>LLAN\u00c7AMENT CAMPANYA: <\/strong>Dimarts 25 DE FEBRER (6\u202fam) \u00a0 <a href=\"https:\/\/vkm.is\/bicilola\">https:\/\/vkm.is\/bicilola \u00a0<\/a><\/p>\n<p>El Departament d&#8217;Educaci\u00f3 del Govern de la Generalitat de Catalunya, ha fet una compra de 8.000 exemplars distribu\u00efts entre tots els centres educatius i serveis de la xarxa d&#8217;atenci\u00f3 contra les viol\u00e8ncies, i que compta amb una <a href=\"https:\/\/xtec.gencat.cat\/web\/.content\/alumnat\/violencies\/materials-i-recursos\/recursos\/Guia-La-bici-de-la-Lola.pdf\">Guia de suport a la lectura<\/a> pel professorat. El llibre va vinculat a trav\u00e9s d&#8217;un QR a una web de recursos, i han format a professionals de Catalunya, Euskal Herria, Balears i Arag\u00f3 a partir del seu llan\u00e7ament.<\/p>\n<p>Podeu consultar les nostres publicacions referents a &#8220;La Bici de la Lola&#8221; <a href=\"https:\/\/serveiseducatius.xtec.cat\/riberadebre\/tag\/la-bici-de-la-lola\/\" target=\"_blank\" rel=\"noopener\"><strong>clicant aquest enlla\u00e7<\/strong><\/a>.<\/p>\n<p><a href=\"https:\/\/serveiseducatius.xtec.cat\/riberadebre\/wp-content\/uploads\/usu1126\/2025\/02\/Captura-de-Pantalla-2023-02-20-a-les-17.04.12.png\"><img loading=\"lazy\" decoding=\"async\" class=\"alignnone wp-image-20332\" src=\"https:\/\/serveiseducatius.xtec.cat\/riberadebre\/wp-content\/uploads\/usu1126\/2025\/02\/Captura-de-Pantalla-2023-02-20-a-les-17.04.12.png\" alt=\"\" width=\"566\" height=\"323\" srcset=\"https:\/\/serveiseducatius.xtec.cat\/riberadebre\/wp-content\/uploads\/usu1126\/2025\/02\/Captura-de-Pantalla-2023-02-20-a-les-17.04.12.png 914w, https:\/\/serveiseducatius.xtec.cat\/riberadebre\/wp-content\/uploads\/usu1126\/2025\/02\/Captura-de-Pantalla-2023-02-20-a-les-17.04.12-300x171.png 300w, https:\/\/serveiseducatius.xtec.cat\/riberadebre\/wp-content\/uploads\/usu1126\/2025\/02\/Captura-de-Pantalla-2023-02-20-a-les-17.04.12-768x439.png 768w\" sizes=\"auto, (max-width: 566px) 100vw, 566px\" \/><\/a><\/p>\n","protected":false},"excerpt":{"rendered":"<p>L&#8217;Alba Barb\u00e9, la Laia Pibernat i la Judit Piella ens presenten \u00a0&#8220;La bici de la Lola&#8221;, un curtmetratge per a la prevenci\u00f3 de les viol\u00e8ncies sexuals vers la inf\u00e0ncia; pr\u00e8viament existent en format d&#8216;\u00e0lbum il\u00b7lustrat. Ens presenten el curt en un prellan\u00e7ament Verkami: LLAN\u00c7AMENT CAMPANYA: Dimarts 25 DE FEBRER (6\u202fam) \u00a0 https:\/\/vkm.is\/bicilola \u00a0 El Departament [&hellip;]<\/p>\n","protected":false},"author":44,"featured_media":20332,"comment_status":"open","ping_status":"closed","sticky":false,"template":"","format":"standard","meta":{"_bbp_topic_count":0,"_bbp_reply_count":0,"_bbp_total_topic_count":0,"_bbp_total_reply_count":0,"_bbp_voice_count":0,"_bbp_anonymous_reply_count":0,"_bbp_topic_count_hidden":0,"_bbp_reply_count_hidden":0,"_bbp_forum_subforum_count":0,"site-sidebar-layout":"default","site-content-layout":"","ast-site-content-layout":"","site-content-style":"default","site-sidebar-style":"default","ast-global-header-display":"","ast-banner-title-visibility":"","ast-main-header-display":"","ast-hfb-above-header-display":"","ast-hfb-below-header-display":"","ast-hfb-mobile-header-display":"","site-post-title":"","ast-breadcrumbs-content":"","ast-featured-img":"","footer-sml-layout":"","theme-transparent-header-meta":"","adv-header-id-meta":"","stick-header-meta":"","header-above-stick-meta":"","header-main-stick-meta":"","header-below-stick-meta":"","astra-migrate-meta-layouts":"default","ast-page-background-enabled":"default","ast-page-background-meta":{"desktop":{"background-color":"var(--ast-global-color-4)","background-image":"","background-repeat":"repeat","background-position":"center center","background-size":"auto","background-attachment":"scroll","background-type":"","background-media":"","overlay-type":"","overlay-color":"","overlay-opacity":"","overlay-gradient":""},"tablet":{"background-color":"","background-image":"","background-repeat":"repeat","background-position":"center center","background-size":"auto","background-attachment":"scroll","background-type":"","background-media":"","overlay-type":"","overlay-color":"","overlay-opacity":"","overlay-gradient":""},"mobile":{"background-color":"","background-image":"","background-repeat":"repeat","background-position":"center center","background-size":"auto","background-attachment":"scroll","background-type":"","background-media":"","overlay-type":"","overlay-color":"","overlay-opacity":"","overlay-gradient":""}},"ast-content-background-meta":{"desktop":{"background-color":"var(--ast-global-color-5)","background-image":"","background-repeat":"repeat","background-position":"center center","background-size":"auto","background-attachment":"scroll","background-type":"","background-media":"","overlay-type":"","overlay-color":"","overlay-opacity":"","overlay-gradient":""},"tablet":{"background-color":"var(--ast-global-color-5)","background-image":"","background-repeat":"repeat","background-position":"center center","background-size":"auto","background-attachment":"scroll","background-type":"","background-media":"","overlay-type":"","overlay-color":"","overlay-opacity":"","overlay-gradient":""},"mobile":{"background-color":"var(--ast-global-color-5)","background-image":"","background-repeat":"repeat","background-position":"center center","background-size":"auto","background-attachment":"scroll","background-type":"","background-media":"","overlay-type":"","overlay-color":"","overlay-opacity":"","overlay-gradient":""}},"footnotes":""},"categories":[65,308,296,1,310,1849,735,29,76],"tags":[1735,1857,1157,964],"class_list":["post-20327","post","type-post","status-publish","format-standard","has-post-thumbnail","hentry","category-crp","category-escoles","category-full-novetats-crp","category-general","category-institut","category-novetats-febrer-2025","category-ods","category-portada","category-recursos","tag-curs-24-25","tag-la-bici-de-la-lola","tag-prevencio-abus-sexual","tag-prevencio-violencies"],"post_mailing_queue_ids":[],"_links":{"self":[{"href":"https:\/\/serveiseducatius.xtec.cat\/riberadebre\/wp-json\/wp\/v2\/posts\/20327","targetHints":{"allow":["GET"]}}],"collection":[{"href":"https:\/\/serveiseducatius.xtec.cat\/riberadebre\/wp-json\/wp\/v2\/posts"}],"about":[{"href":"https:\/\/serveiseducatius.xtec.cat\/riberadebre\/wp-json\/wp\/v2\/types\/post"}],"author":[{"embeddable":true,"href":"https:\/\/serveiseducatius.xtec.cat\/riberadebre\/wp-json\/wp\/v2\/users\/44"}],"replies":[{"embeddable":true,"href":"https:\/\/serveiseducatius.xtec.cat\/riberadebre\/wp-json\/wp\/v2\/comments?post=20327"}],"version-history":[{"count":6,"href":"https:\/\/serveiseducatius.xtec.cat\/riberadebre\/wp-json\/wp\/v2\/posts\/20327\/revisions"}],"predecessor-version":[{"id":20337,"href":"https:\/\/serveiseducatius.xtec.cat\/riberadebre\/wp-json\/wp\/v2\/posts\/20327\/revisions\/20337"}],"wp:featuredmedia":[{"embeddable":true,"href":"https:\/\/serveiseducatius.xtec.cat\/riberadebre\/wp-json\/wp\/v2\/media\/20332"}],"wp:attachment":[{"href":"https:\/\/serveiseducatius.xtec.cat\/riberadebre\/wp-json\/wp\/v2\/media?parent=20327"}],"wp:term":[{"taxonomy":"category","embeddable":true,"href":"https:\/\/serveiseducatius.xtec.cat\/riberadebre\/wp-json\/wp\/v2\/categories?post=20327"},{"taxonomy":"post_tag","embeddable":true,"href":"https:\/\/serveiseducatius.xtec.cat\/riberadebre\/wp-json\/wp\/v2\/tags?post=20327"}],"curies":[{"name":"wp","href":"https:\/\/api.w.org\/{rel}","templated":true}]}}