{"id":20161,"date":"2025-01-23T08:34:31","date_gmt":"2025-01-23T07:34:31","guid":{"rendered":"https:\/\/serveiseducatius.xtec.cat\/riberadebre\/?p=20161"},"modified":"2025-01-20T12:44:00","modified_gmt":"2025-01-20T11:44:00","slug":"arxiu-comarcal-de-la-ribera-debre-publicacio-del-calendari-del-2025-dedicat-al-fotograf-angel-mola-i-navarro-i-infografia-amb-les-dades-relatives-a-lactuacio-de-lacre-del-2024","status":"publish","type":"post","link":"https:\/\/serveiseducatius.xtec.cat\/riberadebre\/general\/arxiu-comarcal-de-la-ribera-debre-publicacio-del-calendari-del-2025-dedicat-al-fotograf-angel-mola-i-navarro-i-infografia-amb-les-dades-relatives-a-lactuacio-de-lacre-del-2024\/","title":{"rendered":"Arxiu Comarcal de la Ribera d&#8217;Ebre. Publicaci\u00f3 del calendari del 2025, dedicat al fot\u00f2graf \u00c0ngel Mola i Navarro, i infografia amb les dades relatives a l&#8217;actuaci\u00f3 de l&#8217;ACRE del 2024"},"content":{"rendered":"<p style=\"font-weight: 400;\">L\u2019Arxiu Comarcal de la Ribera d\u2019Ebre (ACRE) ens informa de les darreres novetats relacionades amb el centre, que s\u00f3n:<\/p>\n<ul>\n<li>L\u2019ACRE, com ja \u00e9s habitual els darrers anys, ha confeccionat un <strong>calendari\u00a0<\/strong>(en aquesta ocasi\u00f3 de taula i de paret)\u00a0<strong>dedicat al fons del fot\u00f2graf i cineasta amateur de M\u00f3ra d\u2019Ebre<\/strong>,\u00a0<strong>\u00c0ngel Mola i Navarro<\/strong>. El calendari, a trav\u00e9s de la selecci\u00f3 de 12 fotografies, pret\u00e9n apropar a la ciutadania una petita part de la figura i l\u2019obra d\u2019aquest fot\u00f2graf morenc, per\u00f2 tamb\u00e9 intenta, mitjan\u00e7ant la inclusi\u00f3 de codis QR, que la ciutadania aprofundeixi m\u00e9s extensament en les tem\u00e0tiques que presenta el calendari, com ara les activitats esportives, les processons o, entre d\u2019altres, les fotografies familiars que apareixen al fons.<\/li>\n<\/ul>\n<p>Amplieu la informaci\u00f3 a trav\u00e9s de la seg\u00fcent not\u00edcia <a style=\"font-family: inherit; font-size: 1em;\" href=\"https:\/\/xac.gencat.cat\/ca\/llista_arxius_comarcals\/ribera_d_ebre\/detall\/Nova-Noticia-00356\" data-saferedirecturl=\"https:\/\/www.google.com\/url?q=https:\/\/xac.gencat.cat\/ca\/llista_arxius_comarcals\/ribera_d_ebre\/detall\/Nova-Noticia-00356&amp;source=gmail&amp;ust=1737446734982000&amp;usg=AOvVaw3bpaJAQi07a8yzH8W3mB0l\">https:\/\/xac.gencat.cat\/ca\/llista_arxius_comarcals\/ribera_d_ebre\/detall\/Nova-Noticia-00356<\/a><span style=\"font-family: inherit; font-size: 1em;\">\u00a0 des de l\u2019ACRE<\/span><strong style=\"font-family: inherit; font-size: 1em;\"> repartiran els calendaris gratu\u00eftament fins a esgotar exist\u00e8ncies.\u00a0<\/strong><\/p>\n<p style=\"font-weight: 400;\">Es pot accedir en l\u00ednia al fons fotogr\u00e0fic i audiovisual d\u2019\u00c0ngel Mola i Navarro, <a href=\"https:\/\/arxiusenlinia.cultura.gencat.cat\/#\/cercaavancada\/detallfons\/ACRE340-106\" data-saferedirecturl=\"https:\/\/www.google.com\/url?q=https:\/\/arxiusenlinia.cultura.gencat.cat\/%23\/cercaavancada\/detallfons\/ACRE340-106&amp;source=gmail&amp;ust=1737446734982000&amp;usg=AOvVaw2gAJ9kExxqCTDuQPVxyPAH\">https:\/\/arxiusenlinia.cultura.gencat.cat\/#\/cercaavancada\/detallfons\/ACRE340-106<\/a>\u00a0Per consultar les fotografies i les pel\u00b7l\u00edcules que en formen part desplegueu la pestanya de la part inferior esquerra de la p\u00e0gina (mostrar quadre de classificaci\u00f3) i cliqueu fotografia o imatge en moviment.<\/p>\n<ul>\n<li>L\u2019Arxiu publica la infografia amb les principals dades referents a l\u2019activitat de l\u2019ACRE durant l\u2019any que tot just acabem de deixar enrere.<\/li>\n<\/ul>\n<p style=\"font-weight: 400;\">Podeu ampliar la informaci\u00f3 a trav\u00e9s de la seg\u00fcent not\u00edcia\u00a0<a href=\"https:\/\/xac.gencat.cat\/ca\/llista_arxius_comarcals\/ribera_d_ebre\/detall\/Nova-Noticia-00661\" data-saferedirecturl=\"https:\/\/www.google.com\/url?q=https:\/\/xac.gencat.cat\/ca\/llista_arxius_comarcals\/ribera_d_ebre\/detall\/Nova-Noticia-00661&amp;source=gmail&amp;ust=1737446734982000&amp;usg=AOvVaw1QSG7G2FvBQ8pjriYn3p02\">https:\/\/xac.gencat.cat\/ca\/llista_arxius_comarcals\/ribera_d_ebre\/detall\/Nova-Noticia-00661<\/a><\/p>\n<p style=\"font-weight: 400;\">\n","protected":false},"excerpt":{"rendered":"<p>L\u2019Arxiu Comarcal de la Ribera d\u2019Ebre (ACRE) ens informa de les darreres novetats relacionades amb el centre, que s\u00f3n: L\u2019ACRE, com ja \u00e9s habitual els darrers anys, ha confeccionat un calendari\u00a0(en aquesta ocasi\u00f3 de taula i de paret)\u00a0dedicat al fons del fot\u00f2graf i cineasta amateur de M\u00f3ra d\u2019Ebre,\u00a0\u00c0ngel Mola i Navarro. El calendari, a trav\u00e9s [&hellip;]<\/p>\n","protected":false},"author":44,"featured_media":20162,"comment_status":"open","ping_status":"closed","sticky":false,"template":"","format":"standard","meta":{"_bbp_topic_count":0,"_bbp_reply_count":0,"_bbp_total_topic_count":0,"_bbp_total_reply_count":0,"_bbp_voice_count":0,"_bbp_anonymous_reply_count":0,"_bbp_topic_count_hidden":0,"_bbp_reply_count_hidden":0,"_bbp_forum_subforum_count":0,"site-sidebar-layout":"default","site-content-layout":"","ast-site-content-layout":"","site-content-style":"default","site-sidebar-style":"default","ast-global-header-display":"","ast-banner-title-visibility":"","ast-main-header-display":"","ast-hfb-above-header-display":"","ast-hfb-below-header-display":"","ast-hfb-mobile-header-display":"","site-post-title":"","ast-breadcrumbs-content":"","ast-featured-img":"","footer-sml-layout":"","theme-transparent-header-meta":"","adv-header-id-meta":"","stick-header-meta":"","header-above-stick-meta":"","header-main-stick-meta":"","header-below-stick-meta":"","astra-migrate-meta-layouts":"default","ast-page-background-enabled":"default","ast-page-background-meta":{"desktop":{"background-color":"var(--ast-global-color-4)","background-image":"","background-repeat":"repeat","background-position":"center center","background-size":"auto","background-attachment":"scroll","background-type":"","background-media":"","overlay-type":"","overlay-color":"","overlay-opacity":"","overlay-gradient":""},"tablet":{"background-color":"","background-image":"","background-repeat":"repeat","background-position":"center center","background-size":"auto","background-attachment":"scroll","background-type":"","background-media":"","overlay-type":"","overlay-color":"","overlay-opacity":"","overlay-gradient":""},"mobile":{"background-color":"","background-image":"","background-repeat":"repeat","background-position":"center center","background-size":"auto","background-attachment":"scroll","background-type":"","background-media":"","overlay-type":"","overlay-color":"","overlay-opacity":"","overlay-gradient":""}},"ast-content-background-meta":{"desktop":{"background-color":"var(--ast-global-color-5)","background-image":"","background-repeat":"repeat","background-position":"center center","background-size":"auto","background-attachment":"scroll","background-type":"","background-media":"","overlay-type":"","overlay-color":"","overlay-opacity":"","overlay-gradient":""},"tablet":{"background-color":"var(--ast-global-color-5)","background-image":"","background-repeat":"repeat","background-position":"center center","background-size":"auto","background-attachment":"scroll","background-type":"","background-media":"","overlay-type":"","overlay-color":"","overlay-opacity":"","overlay-gradient":""},"mobile":{"background-color":"var(--ast-global-color-5)","background-image":"","background-repeat":"repeat","background-position":"center center","background-size":"auto","background-attachment":"scroll","background-type":"","background-media":"","overlay-type":"","overlay-color":"","overlay-opacity":"","overlay-gradient":""}},"footnotes":""},"categories":[1302,64,65,308,1,310,235,29,76],"tags":[1301,1300],"class_list":["post-20161","post","type-post","status-publish","format-standard","has-post-thumbnail","hentry","category-arxiu-comarcal-ribera-debre","category-comunitat","category-crp","category-escoles","category-general","category-institut","category-formacio_ins","category-portada","category-recursos","tag-acre","tag-arxiu-comarcal-ribera-debre"],"post_mailing_queue_ids":[],"_links":{"self":[{"href":"https:\/\/serveiseducatius.xtec.cat\/riberadebre\/wp-json\/wp\/v2\/posts\/20161","targetHints":{"allow":["GET"]}}],"collection":[{"href":"https:\/\/serveiseducatius.xtec.cat\/riberadebre\/wp-json\/wp\/v2\/posts"}],"about":[{"href":"https:\/\/serveiseducatius.xtec.cat\/riberadebre\/wp-json\/wp\/v2\/types\/post"}],"author":[{"embeddable":true,"href":"https:\/\/serveiseducatius.xtec.cat\/riberadebre\/wp-json\/wp\/v2\/users\/44"}],"replies":[{"embeddable":true,"href":"https:\/\/serveiseducatius.xtec.cat\/riberadebre\/wp-json\/wp\/v2\/comments?post=20161"}],"version-history":[{"count":1,"href":"https:\/\/serveiseducatius.xtec.cat\/riberadebre\/wp-json\/wp\/v2\/posts\/20161\/revisions"}],"predecessor-version":[{"id":20163,"href":"https:\/\/serveiseducatius.xtec.cat\/riberadebre\/wp-json\/wp\/v2\/posts\/20161\/revisions\/20163"}],"wp:featuredmedia":[{"embeddable":true,"href":"https:\/\/serveiseducatius.xtec.cat\/riberadebre\/wp-json\/wp\/v2\/media\/20162"}],"wp:attachment":[{"href":"https:\/\/serveiseducatius.xtec.cat\/riberadebre\/wp-json\/wp\/v2\/media?parent=20161"}],"wp:term":[{"taxonomy":"category","embeddable":true,"href":"https:\/\/serveiseducatius.xtec.cat\/riberadebre\/wp-json\/wp\/v2\/categories?post=20161"},{"taxonomy":"post_tag","embeddable":true,"href":"https:\/\/serveiseducatius.xtec.cat\/riberadebre\/wp-json\/wp\/v2\/tags?post=20161"}],"curies":[{"name":"wp","href":"https:\/\/api.w.org\/{rel}","templated":true}]}}