{"id":20145,"date":"2025-01-20T09:30:59","date_gmt":"2025-01-20T08:30:59","guid":{"rendered":"https:\/\/serveiseducatius.xtec.cat\/riberadebre\/?p=20145"},"modified":"2025-01-20T09:30:59","modified_gmt":"2025-01-20T08:30:59","slug":"proves-per-a-lobtencio-dels-certificats-de-llengua-catalana-del-departament-de-politica-linguistica-el-2025","status":"publish","type":"post","link":"https:\/\/serveiseducatius.xtec.cat\/riberadebre\/general\/proves-per-a-lobtencio-dels-certificats-de-llengua-catalana-del-departament-de-politica-linguistica-el-2025\/","title":{"rendered":"Proves per a l\u2019obtenci\u00f3 dels certificats de llengua catalana del Departament de Pol\u00edtica Ling\u00fc\u00edstica el 2025"},"content":{"rendered":"<p><strong>Convocat\u00f2ria de proves 2025<\/strong><\/p>\n<p><strong>Calendari d\u2019inscripci\u00f3 i pagament<br \/>\n<\/strong><\/p>\n<ul>\n<li>Per\u00edode d\u2019inscripci\u00f3: del 28 de gener al 5 de febrer de 2025<\/li>\n<li>Per\u00edode de pagament de la taxa: del 28 de gener al 6 de febrer de 2025<\/li>\n<\/ul>\n<p><a id=\"m_-7013590153090188127OWA98f20cd6-b3d9-b2d6-90cf-0c4e150f2a8d\" title=\"https:\/\/dogc.gencat.cat\/ca\/document-del-dogc\/?documentId=1003856\" href=\"https:\/\/dogc.gencat.cat\/ca\/document-del-dogc\/?documentId=1003856\" target=\"_blank\" rel=\"noopener noreferrer\" data-saferedirecturl=\"https:\/\/www.google.com\/url?q=https:\/\/dogc.gencat.cat\/ca\/document-del-dogc\/?documentId%3D1003856&amp;source=gmail&amp;ust=1737446733867000&amp;usg=AOvVaw0PqP4eTcL6c07p0Fbtf2wl\">DOGC, 13 de gener de 2025<\/a><\/p>\n<p><a id=\"m_-7013590153090188127OWAf24f7346-e44e-2b20-b77a-1d2e982d4e98\" title=\"https:\/\/llengua.gencat.cat\/ca\/serveis\/acreditacio_coneixements\/certificats_de_catala\/convocatoria_de_proves\/\" href=\"https:\/\/llengua.gencat.cat\/ca\/serveis\/acreditacio_coneixements\/certificats_de_catala\/convocatoria_de_proves\/\" target=\"_blank\" rel=\"noopener noreferrer\" data-saferedirecturl=\"https:\/\/www.google.com\/url?q=https:\/\/llengua.gencat.cat\/ca\/serveis\/acreditacio_coneixements\/certificats_de_catala\/convocatoria_de_proves\/&amp;source=gmail&amp;ust=1737446733867000&amp;usg=AOvVaw2lrnWZ5L_QJI0iokMLu3uI\">Convocat\u00f2ria de proves 2025<\/a><\/p>\n<p>&nbsp;<\/p>\n","protected":false},"excerpt":{"rendered":"<p>Convocat\u00f2ria de proves 2025 Calendari d\u2019inscripci\u00f3 i pagament Per\u00edode d\u2019inscripci\u00f3: del 28 de gener al 5 de febrer de 2025 Per\u00edode de pagament de la taxa: del 28 de gener al 6 de febrer de 2025 DOGC, 13 de gener de 2025 Convocat\u00f2ria de proves 2025 &nbsp;<\/p>\n","protected":false},"author":44,"featured_media":20146,"comment_status":"open","ping_status":"closed","sticky":false,"template":"","format":"standard","meta":{"_bbp_topic_count":0,"_bbp_reply_count":0,"_bbp_total_topic_count":0,"_bbp_total_reply_count":0,"_bbp_voice_count":0,"_bbp_anonymous_reply_count":0,"_bbp_topic_count_hidden":0,"_bbp_reply_count_hidden":0,"_bbp_forum_subforum_count":0,"site-sidebar-layout":"default","site-content-layout":"","ast-site-content-layout":"","site-content-style":"default","site-sidebar-style":"default","ast-global-header-display":"","ast-banner-title-visibility":"","ast-main-header-display":"","ast-hfb-above-header-display":"","ast-hfb-below-header-display":"","ast-hfb-mobile-header-display":"","site-post-title":"","ast-breadcrumbs-content":"","ast-featured-img":"","footer-sml-layout":"","theme-transparent-header-meta":"","adv-header-id-meta":"","stick-header-meta":"","header-above-stick-meta":"","header-main-stick-meta":"","header-below-stick-meta":"","astra-migrate-meta-layouts":"default","ast-page-background-enabled":"default","ast-page-background-meta":{"desktop":{"background-color":"var(--ast-global-color-4)","background-image":"","background-repeat":"repeat","background-position":"center center","background-size":"auto","background-attachment":"scroll","background-type":"","background-media":"","overlay-type":"","overlay-color":"","overlay-opacity":"","overlay-gradient":""},"tablet":{"background-color":"","background-image":"","background-repeat":"repeat","background-position":"center center","background-size":"auto","background-attachment":"scroll","background-type":"","background-media":"","overlay-type":"","overlay-color":"","overlay-opacity":"","overlay-gradient":""},"mobile":{"background-color":"","background-image":"","background-repeat":"repeat","background-position":"center center","background-size":"auto","background-attachment":"scroll","background-type":"","background-media":"","overlay-type":"","overlay-color":"","overlay-opacity":"","overlay-gradient":""}},"ast-content-background-meta":{"desktop":{"background-color":"var(--ast-global-color-5)","background-image":"","background-repeat":"repeat","background-position":"center center","background-size":"auto","background-attachment":"scroll","background-type":"","background-media":"","overlay-type":"","overlay-color":"","overlay-opacity":"","overlay-gradient":""},"tablet":{"background-color":"var(--ast-global-color-5)","background-image":"","background-repeat":"repeat","background-position":"center center","background-size":"auto","background-attachment":"scroll","background-type":"","background-media":"","overlay-type":"","overlay-color":"","overlay-opacity":"","overlay-gradient":""},"mobile":{"background-color":"var(--ast-global-color-5)","background-image":"","background-repeat":"repeat","background-position":"center center","background-size":"auto","background-attachment":"scroll","background-type":"","background-media":"","overlay-type":"","overlay-color":"","overlay-opacity":"","overlay-gradient":""}},"footnotes":""},"categories":[65,308,154,1,310,29,76],"tags":[236],"class_list":["post-20145","post","type-post","status-publish","format-standard","has-post-thumbnail","hentry","category-crp","category-escoles","category-formacio","category-general","category-institut","category-portada","category-recursos","tag-llengua-catalana"],"post_mailing_queue_ids":[],"_links":{"self":[{"href":"https:\/\/serveiseducatius.xtec.cat\/riberadebre\/wp-json\/wp\/v2\/posts\/20145","targetHints":{"allow":["GET"]}}],"collection":[{"href":"https:\/\/serveiseducatius.xtec.cat\/riberadebre\/wp-json\/wp\/v2\/posts"}],"about":[{"href":"https:\/\/serveiseducatius.xtec.cat\/riberadebre\/wp-json\/wp\/v2\/types\/post"}],"author":[{"embeddable":true,"href":"https:\/\/serveiseducatius.xtec.cat\/riberadebre\/wp-json\/wp\/v2\/users\/44"}],"replies":[{"embeddable":true,"href":"https:\/\/serveiseducatius.xtec.cat\/riberadebre\/wp-json\/wp\/v2\/comments?post=20145"}],"version-history":[{"count":1,"href":"https:\/\/serveiseducatius.xtec.cat\/riberadebre\/wp-json\/wp\/v2\/posts\/20145\/revisions"}],"predecessor-version":[{"id":20147,"href":"https:\/\/serveiseducatius.xtec.cat\/riberadebre\/wp-json\/wp\/v2\/posts\/20145\/revisions\/20147"}],"wp:featuredmedia":[{"embeddable":true,"href":"https:\/\/serveiseducatius.xtec.cat\/riberadebre\/wp-json\/wp\/v2\/media\/20146"}],"wp:attachment":[{"href":"https:\/\/serveiseducatius.xtec.cat\/riberadebre\/wp-json\/wp\/v2\/media?parent=20145"}],"wp:term":[{"taxonomy":"category","embeddable":true,"href":"https:\/\/serveiseducatius.xtec.cat\/riberadebre\/wp-json\/wp\/v2\/categories?post=20145"},{"taxonomy":"post_tag","embeddable":true,"href":"https:\/\/serveiseducatius.xtec.cat\/riberadebre\/wp-json\/wp\/v2\/tags?post=20145"}],"curies":[{"name":"wp","href":"https:\/\/api.w.org\/{rel}","templated":true}]}}