{"id":19882,"date":"2024-11-21T08:15:10","date_gmt":"2024-11-21T07:15:10","guid":{"rendered":"https:\/\/serveiseducatius.xtec.cat\/riberadebre\/?p=19882"},"modified":"2024-11-20T09:36:27","modified_gmt":"2024-11-20T08:36:27","slug":"videos-campanya-institucional-el-silenci-es-violencia-videos-cartells-material-descarregable-i-manifest-25n2024-25n","status":"publish","type":"post","link":"https:\/\/serveiseducatius.xtec.cat\/riberadebre\/portada\/videos-campanya-institucional-el-silenci-es-violencia-videos-cartells-material-descarregable-i-manifest-25n2024-25n\/","title":{"rendered":"V\u00eddeos campanya institucional  &#8220;El silenci \u00e9s viol\u00e8ncia&#8221; &#8211; v\u00eddeos, cartells, material descarregable i manifest #25N2024 #25N"},"content":{"rendered":"<p>Campanya <strong>\u201cEl silenci \u00e9s viol\u00e8ncia\u201d<\/strong><em> per acabar amb la complicitat\u00a0davant les viol\u00e8ncies masclistes. Fem una crida directa a tota la societat, especialment als homes, perqu\u00e8 es tracta d\u2019un problema social que requereix la implicaci\u00f3 de tothom.\u00a0<strong>Si no actues, tu tamb\u00e9 en formes part.<\/strong><\/em><\/p>\n<p>Cliqueu <a href=\"https:\/\/igualtat.gencat.cat\/ca\/actualitat\/campanyes\/el-silenci-es-violencia\/\" target=\"_blank\" rel=\"noopener\"><strong>aquest enlla\u00e7<\/strong><\/a> per accedir a tots els recursos i materials de la campanya:<\/p>\n<ul>\n<li><a href=\"https:\/\/youtu.be\/xkOv2TCJLtY\" target=\"_blank\" rel=\"noopener\"><strong>V\u00eddeo 1<\/strong> <\/a>i <a href=\"https:\/\/youtu.be\/JpiEm8kaUfw\" target=\"_blank\" rel=\"noopener\"><strong>V\u00eddeo 2<\/strong><\/a><\/li>\n<li><strong>Declaraci\u00f3 institucional\/manifest<\/strong> en diversos idiomes (<a href=\"https:\/\/igualtat.gencat.cat\/web\/.content\/Actualitat\/campanyes\/El-silenci-es-violencia\/Declaracio-institucional-catala.pdf\" target=\"_blank\" rel=\"noopener\">catal\u00e0<\/a>) i en <a href=\"https:\/\/igualtat.gencat.cat\/web\/.content\/Actualitat\/campanyes\/El-silenci-es-violencia\/Declaracio-institucional-lecturafacil.pdf\" target=\"_blank\" rel=\"noopener\"><strong>format lectura f\u00e0cil\u00a0<\/strong><\/a><\/li>\n<li>4 cartells descarregables<\/li>\n<\/ul>\n<p><a href=\"https:\/\/serveiseducatius.xtec.cat\/riberadebre\/wp-content\/uploads\/usu1126\/2024\/11\/553x553-grafic-silenci-es-violencia-02.png_1595044798.png\"><img loading=\"lazy\" decoding=\"async\" class=\"alignnone  wp-image-19883\" src=\"https:\/\/serveiseducatius.xtec.cat\/riberadebre\/wp-content\/uploads\/usu1126\/2024\/11\/553x553-grafic-silenci-es-violencia-02.png_1595044798.png\" alt=\"\" width=\"445\" height=\"445\" srcset=\"https:\/\/serveiseducatius.xtec.cat\/riberadebre\/wp-content\/uploads\/usu1126\/2024\/11\/553x553-grafic-silenci-es-violencia-02.png_1595044798.png 538w, https:\/\/serveiseducatius.xtec.cat\/riberadebre\/wp-content\/uploads\/usu1126\/2024\/11\/553x553-grafic-silenci-es-violencia-02.png_1595044798-300x300.png 300w, https:\/\/serveiseducatius.xtec.cat\/riberadebre\/wp-content\/uploads\/usu1126\/2024\/11\/553x553-grafic-silenci-es-violencia-02.png_1595044798-150x150.png 150w\" sizes=\"auto, (max-width: 445px) 100vw, 445px\" \/><\/a><\/p>\n","protected":false},"excerpt":{"rendered":"<p>Campanya \u201cEl silenci \u00e9s viol\u00e8ncia\u201d per acabar amb la complicitat\u00a0davant les viol\u00e8ncies masclistes. Fem una crida directa a tota la societat, especialment als homes, perqu\u00e8 es tracta d\u2019un problema social que requereix la implicaci\u00f3 de tothom.\u00a0Si no actues, tu tamb\u00e9 en formes part. Cliqueu aquest enlla\u00e7 per accedir a tots els recursos i materials de [&hellip;]<\/p>\n","protected":false},"author":9,"featured_media":19883,"comment_status":"open","ping_status":"closed","sticky":false,"template":"","format":"standard","meta":{"_bbp_topic_count":0,"_bbp_reply_count":0,"_bbp_total_topic_count":0,"_bbp_total_reply_count":0,"_bbp_voice_count":0,"_bbp_anonymous_reply_count":0,"_bbp_topic_count_hidden":0,"_bbp_reply_count_hidden":0,"_bbp_forum_subforum_count":0,"site-sidebar-layout":"default","site-content-layout":"","ast-site-content-layout":"","site-content-style":"default","site-sidebar-style":"default","ast-global-header-display":"","ast-banner-title-visibility":"","ast-main-header-display":"","ast-hfb-above-header-display":"","ast-hfb-below-header-display":"","ast-hfb-mobile-header-display":"","site-post-title":"","ast-breadcrumbs-content":"","ast-featured-img":"","footer-sml-layout":"","theme-transparent-header-meta":"","adv-header-id-meta":"","stick-header-meta":"","header-above-stick-meta":"","header-main-stick-meta":"","header-below-stick-meta":"","astra-migrate-meta-layouts":"default","ast-page-background-enabled":"default","ast-page-background-meta":{"desktop":{"background-color":"var(--ast-global-color-4)","background-image":"","background-repeat":"repeat","background-position":"center center","background-size":"auto","background-attachment":"scroll","background-type":"","background-media":"","overlay-type":"","overlay-color":"","overlay-opacity":"","overlay-gradient":""},"tablet":{"background-color":"","background-image":"","background-repeat":"repeat","background-position":"center center","background-size":"auto","background-attachment":"scroll","background-type":"","background-media":"","overlay-type":"","overlay-color":"","overlay-opacity":"","overlay-gradient":""},"mobile":{"background-color":"","background-image":"","background-repeat":"repeat","background-position":"center center","background-size":"auto","background-attachment":"scroll","background-type":"","background-media":"","overlay-type":"","overlay-color":"","overlay-opacity":"","overlay-gradient":""}},"ast-content-background-meta":{"desktop":{"background-color":"var(--ast-global-color-5)","background-image":"","background-repeat":"repeat","background-position":"center center","background-size":"auto","background-attachment":"scroll","background-type":"","background-media":"","overlay-type":"","overlay-color":"","overlay-opacity":"","overlay-gradient":""},"tablet":{"background-color":"var(--ast-global-color-5)","background-image":"","background-repeat":"repeat","background-position":"center center","background-size":"auto","background-attachment":"scroll","background-type":"","background-media":"","overlay-type":"","overlay-color":"","overlay-opacity":"","overlay-gradient":""},"mobile":{"background-color":"var(--ast-global-color-5)","background-image":"","background-repeat":"repeat","background-position":"center center","background-size":"auto","background-attachment":"scroll","background-type":"","background-media":"","overlay-type":"","overlay-color":"","overlay-opacity":"","overlay-gradient":""}},"footnotes":""},"categories":[624,505,65,308,310,1788,878,29,1168,76],"tags":[1804,543,1824,386,1735,542],"class_list":["post-19882","post","type-post","status-publish","format-standard","has-post-thumbnail","hentry","category-app","category-coeducacio","category-crp","category-escoles","category-institut","category-novetats-desembre-2024","category-ods-5","category-portada","category-prevencio-violencies","category-recursos","tag-25n2024","tag-25n","tag-campanya-elsilenciesviolencia","tag-coeducacio","tag-curs-24-25","tag-prevencio-violencia-masclista"],"post_mailing_queue_ids":[],"_links":{"self":[{"href":"https:\/\/serveiseducatius.xtec.cat\/riberadebre\/wp-json\/wp\/v2\/posts\/19882","targetHints":{"allow":["GET"]}}],"collection":[{"href":"https:\/\/serveiseducatius.xtec.cat\/riberadebre\/wp-json\/wp\/v2\/posts"}],"about":[{"href":"https:\/\/serveiseducatius.xtec.cat\/riberadebre\/wp-json\/wp\/v2\/types\/post"}],"author":[{"embeddable":true,"href":"https:\/\/serveiseducatius.xtec.cat\/riberadebre\/wp-json\/wp\/v2\/users\/9"}],"replies":[{"embeddable":true,"href":"https:\/\/serveiseducatius.xtec.cat\/riberadebre\/wp-json\/wp\/v2\/comments?post=19882"}],"version-history":[{"count":1,"href":"https:\/\/serveiseducatius.xtec.cat\/riberadebre\/wp-json\/wp\/v2\/posts\/19882\/revisions"}],"predecessor-version":[{"id":19884,"href":"https:\/\/serveiseducatius.xtec.cat\/riberadebre\/wp-json\/wp\/v2\/posts\/19882\/revisions\/19884"}],"wp:featuredmedia":[{"embeddable":true,"href":"https:\/\/serveiseducatius.xtec.cat\/riberadebre\/wp-json\/wp\/v2\/media\/19883"}],"wp:attachment":[{"href":"https:\/\/serveiseducatius.xtec.cat\/riberadebre\/wp-json\/wp\/v2\/media?parent=19882"}],"wp:term":[{"taxonomy":"category","embeddable":true,"href":"https:\/\/serveiseducatius.xtec.cat\/riberadebre\/wp-json\/wp\/v2\/categories?post=19882"},{"taxonomy":"post_tag","embeddable":true,"href":"https:\/\/serveiseducatius.xtec.cat\/riberadebre\/wp-json\/wp\/v2\/tags?post=19882"}],"curies":[{"name":"wp","href":"https:\/\/api.w.org\/{rel}","templated":true}]}}