{"id":19734,"date":"2024-10-28T10:32:02","date_gmt":"2024-10-28T09:32:02","guid":{"rendered":"https:\/\/serveiseducatius.xtec.cat\/riberadebre\/?p=19734"},"modified":"2024-10-28T11:02:32","modified_gmt":"2024-10-28T10:02:32","slug":"mapa-curricular","status":"publish","type":"post","link":"https:\/\/serveiseducatius.xtec.cat\/riberadebre\/portada\/mapa-curricular\/","title":{"rendered":"Mapa Curricular"},"content":{"rendered":"<p>Dins les noves eines per a programar que presenta el Departament d&#8217;Educaci\u00f3 i Formaci\u00f3 Professional i que es poden consultar <a href=\"https:\/\/projectes.xtec.cat\/nou-curriculum\/\" target=\"_blank\" rel=\"noopener\">des de la web del nou curr\u00edculum, trobem ara el <strong>MAPA CURRICULAR<\/strong>.<\/a><\/p>\n<p>El <strong>mapa curricular<\/strong>\u00a0\u00e9s una eina de presentaci\u00f3 dels elements curriculars que pot ser \u00fatil per analitzar fins a quin punt els aprenentatges que s\u2019estan desenvolupant al centre educatiu es corresponen amb els que recull el curr\u00edculum i decidir, de manera col\u00b7legiada, com es poden incorporar aquells aprenentatges que pensem que no hi s\u00f3n presents. Tamb\u00e9 proporciona una lectura dels sabers i dels criteris d\u2019avaluaci\u00f3 de manera progressiva. Finalment, pot ser \u00fatil per facilitar la presa de decisions als equips docents en l\u2019elaboraci\u00f3 dels plans de suport individualitzat.<\/p>\n<p>Trobarem el model per a l&#8217;educaci\u00f3 infantil i el model per a l&#8217;educaci\u00f3 b\u00e0sica en aquest\u00a0<a href=\"https:\/\/projectes.xtec.cat\/nou-curriculum\/mapa-curricular\/\" target=\"_blank\" rel=\"noopener\">enlla\u00e7<\/a>.<\/p>\n<p><a href=\"https:\/\/serveiseducatius.xtec.cat\/riberadebre\/wp-content\/uploads\/usu1126\/2022\/06\/NOU-CURRICULUM.jpg\"><img loading=\"lazy\" decoding=\"async\" class=\"alignnone size-full wp-image-16200\" src=\"https:\/\/serveiseducatius.xtec.cat\/riberadebre\/wp-content\/uploads\/usu1126\/2022\/06\/NOU-CURRICULUM.jpg\" alt=\"\" width=\"377\" height=\"143\" srcset=\"https:\/\/serveiseducatius.xtec.cat\/riberadebre\/wp-content\/uploads\/usu1126\/2022\/06\/NOU-CURRICULUM.jpg 377w, https:\/\/serveiseducatius.xtec.cat\/riberadebre\/wp-content\/uploads\/usu1126\/2022\/06\/NOU-CURRICULUM-300x114.jpg 300w\" sizes=\"auto, (max-width: 377px) 100vw, 377px\" \/><\/a><\/p>\n<p>Aquesta eina curricular es va presentar als centres de la Xarxa de Compet\u00e8ncies aquest mes d&#8217;octubre.<\/p>\n","protected":false},"excerpt":{"rendered":"<p>Dins les noves eines per a programar que presenta el Departament d&#8217;Educaci\u00f3 i Formaci\u00f3 Professional i que es poden consultar des de la web del nou curr\u00edculum, trobem ara el MAPA CURRICULAR. El mapa curricular\u00a0\u00e9s una eina de presentaci\u00f3 dels elements curriculars que pot ser \u00fatil per analitzar fins a quin punt els aprenentatges que [&hellip;]<\/p>\n","protected":false},"author":3,"featured_media":16200,"comment_status":"open","ping_status":"closed","sticky":false,"template":"","format":"standard","meta":{"_bbp_topic_count":0,"_bbp_reply_count":0,"_bbp_total_topic_count":0,"_bbp_total_reply_count":0,"_bbp_voice_count":0,"_bbp_anonymous_reply_count":0,"_bbp_topic_count_hidden":0,"_bbp_reply_count_hidden":0,"_bbp_forum_subforum_count":0,"site-sidebar-layout":"default","site-content-layout":"","ast-site-content-layout":"","site-content-style":"default","site-sidebar-style":"default","ast-global-header-display":"","ast-banner-title-visibility":"","ast-main-header-display":"","ast-hfb-above-header-display":"","ast-hfb-below-header-display":"","ast-hfb-mobile-header-display":"","site-post-title":"","ast-breadcrumbs-content":"","ast-featured-img":"","footer-sml-layout":"","theme-transparent-header-meta":"","adv-header-id-meta":"","stick-header-meta":"","header-above-stick-meta":"","header-main-stick-meta":"","header-below-stick-meta":"","astra-migrate-meta-layouts":"default","ast-page-background-enabled":"default","ast-page-background-meta":{"desktop":{"background-color":"var(--ast-global-color-4)","background-image":"","background-repeat":"repeat","background-position":"center center","background-size":"auto","background-attachment":"scroll","background-type":"","background-media":"","overlay-type":"","overlay-color":"","overlay-opacity":"","overlay-gradient":""},"tablet":{"background-color":"","background-image":"","background-repeat":"repeat","background-position":"center center","background-size":"auto","background-attachment":"scroll","background-type":"","background-media":"","overlay-type":"","overlay-color":"","overlay-opacity":"","overlay-gradient":""},"mobile":{"background-color":"","background-image":"","background-repeat":"repeat","background-position":"center center","background-size":"auto","background-attachment":"scroll","background-type":"","background-media":"","overlay-type":"","overlay-color":"","overlay-opacity":"","overlay-gradient":""}},"ast-content-background-meta":{"desktop":{"background-color":"var(--ast-global-color-5)","background-image":"","background-repeat":"repeat","background-position":"center center","background-size":"auto","background-attachment":"scroll","background-type":"","background-media":"","overlay-type":"","overlay-color":"","overlay-opacity":"","overlay-gradient":""},"tablet":{"background-color":"var(--ast-global-color-5)","background-image":"","background-repeat":"repeat","background-position":"center center","background-size":"auto","background-attachment":"scroll","background-type":"","background-media":"","overlay-type":"","overlay-color":"","overlay-opacity":"","overlay-gradient":""},"mobile":{"background-color":"var(--ast-global-color-5)","background-image":"","background-repeat":"repeat","background-position":"center center","background-size":"auto","background-attachment":"scroll","background-type":"","background-media":"","overlay-type":"","overlay-color":"","overlay-opacity":"","overlay-gradient":""}},"footnotes":""},"categories":[65,1359,309,308,296,310,63,1731,735,923,29,76,1340,325],"tags":[],"class_list":["post-19734","post","type-post","status-publish","format-standard","has-post-thumbnail","hentry","category-crp","category-curriculum","category-ei","category-escoles","category-full-novetats-crp","category-institut","category-noticies","category-novetats-octubre-2024","category-ods","category-ods-4","category-portada","category-recursos","category-xarxa-competencies","category-xarxa-competencies-basiques"],"post_mailing_queue_ids":[],"_links":{"self":[{"href":"https:\/\/serveiseducatius.xtec.cat\/riberadebre\/wp-json\/wp\/v2\/posts\/19734","targetHints":{"allow":["GET"]}}],"collection":[{"href":"https:\/\/serveiseducatius.xtec.cat\/riberadebre\/wp-json\/wp\/v2\/posts"}],"about":[{"href":"https:\/\/serveiseducatius.xtec.cat\/riberadebre\/wp-json\/wp\/v2\/types\/post"}],"author":[{"embeddable":true,"href":"https:\/\/serveiseducatius.xtec.cat\/riberadebre\/wp-json\/wp\/v2\/users\/3"}],"replies":[{"embeddable":true,"href":"https:\/\/serveiseducatius.xtec.cat\/riberadebre\/wp-json\/wp\/v2\/comments?post=19734"}],"version-history":[{"count":3,"href":"https:\/\/serveiseducatius.xtec.cat\/riberadebre\/wp-json\/wp\/v2\/posts\/19734\/revisions"}],"predecessor-version":[{"id":19746,"href":"https:\/\/serveiseducatius.xtec.cat\/riberadebre\/wp-json\/wp\/v2\/posts\/19734\/revisions\/19746"}],"wp:featuredmedia":[{"embeddable":true,"href":"https:\/\/serveiseducatius.xtec.cat\/riberadebre\/wp-json\/wp\/v2\/media\/16200"}],"wp:attachment":[{"href":"https:\/\/serveiseducatius.xtec.cat\/riberadebre\/wp-json\/wp\/v2\/media?parent=19734"}],"wp:term":[{"taxonomy":"category","embeddable":true,"href":"https:\/\/serveiseducatius.xtec.cat\/riberadebre\/wp-json\/wp\/v2\/categories?post=19734"},{"taxonomy":"post_tag","embeddable":true,"href":"https:\/\/serveiseducatius.xtec.cat\/riberadebre\/wp-json\/wp\/v2\/tags?post=19734"}],"curies":[{"name":"wp","href":"https:\/\/api.w.org\/{rel}","templated":true}]}}