{"id":19338,"date":"2024-05-17T09:04:16","date_gmt":"2024-05-17T07:04:16","guid":{"rendered":"https:\/\/serveiseducatius.xtec.cat\/riberadebre\/?p=19338"},"modified":"2024-05-17T09:04:16","modified_gmt":"2024-05-17T07:04:16","slug":"17-de-maig-dia-internacional-contra-lhomofobia-la-lesbofobia-la-transfobia-la-bifobia-i-la-interfobia-divendrescoeducactiu","status":"publish","type":"post","link":"https:\/\/serveiseducatius.xtec.cat\/riberadebre\/portada\/17-de-maig-dia-internacional-contra-lhomofobia-la-lesbofobia-la-transfobia-la-bifobia-i-la-interfobia-divendrescoeducactiu\/","title":{"rendered":"17 de maig: Dia Internacional contra l&#8217;Homof\u00f2bia, la Lesbof\u00f2bia, la Transf\u00f2bia, la Bif\u00f2bia i la Interf\u00f2bia. #divendrescoeducactiu"},"content":{"rendered":"<p><strong>#stoplgbtifobia #lesescoleslliuresdeviolencies<\/strong><\/p>\n<p>Avui, 17 de maig, es celebra el <strong>Dia Internacional contra l&#8217;Homof\u00f2bia, la Lesbof\u00f2bia, la Transf\u00f2bia, la Bi<img loading=\"lazy\" decoding=\"async\" class=\"wp-image-19339 alignright\" src=\"https:\/\/serveiseducatius.xtec.cat\/riberadebre\/wp-content\/uploads\/usu1126\/2024\/05\/299x299-dia-internacional-contra-homofobia.png_30133267.png\" alt=\"\" width=\"168\" height=\"168\" srcset=\"https:\/\/serveiseducatius.xtec.cat\/riberadebre\/wp-content\/uploads\/usu1126\/2024\/05\/299x299-dia-internacional-contra-homofobia.png_30133267.png 299w, https:\/\/serveiseducatius.xtec.cat\/riberadebre\/wp-content\/uploads\/usu1126\/2024\/05\/299x299-dia-internacional-contra-homofobia.png_30133267-150x150.png 150w\" sizes=\"auto, (max-width: 168px) 100vw, 168px\" \/>f\u00f2bia i la Interf\u00f2bia<\/strong>. Una lluita que segueix en peu per tal de garantir la llibertat sexual i la identitat de cadasc\u00fa.<\/p>\n<p>Des de la comunitat educativa ens sumem al lema:<strong> &#8220;Que ning\u00fa es quedi enrere: igualtat i just\u00edcia per a tothom&#8221;<\/strong>. Els centres docents segueixen treballant en la conscienciaci\u00f3 i el respecte pels drets de les persones LGTBI+, acompanyant-los en una educaci\u00f3 afectivosexual, fomentant un esperit cr\u00edtic i potenciant les relacions lliures de conductes abusives.<\/p>\n<p>El <strong>Departament d&#8217;Ensenyament<\/strong> facilita uns recursos i activitats per treballar amb l&#8217;alumnat. Per accedir a aquest material, <a href=\"https:\/\/xtec.gencat.cat\/ca\/centres\/celebracions\/2024\/dia-internacional-contra-lhomofobia-la-lesbofobia-la-transfobia-la-bifobia-i-la-interfobia\/\">cliqueu aqu\u00ed<\/a>.<\/p>\n<p><span style=\"font-family: inherit; font-size: 1em;\">\u00a0<\/span><\/p>\n<p>&nbsp;<\/p>\n","protected":false},"excerpt":{"rendered":"<p>#stoplgbtifobia #lesescoleslliuresdeviolencies Avui, 17 de maig, es celebra el Dia Internacional contra l&#8217;Homof\u00f2bia, la Lesbof\u00f2bia, la Transf\u00f2bia, la Bif\u00f2bia i la Interf\u00f2bia. Una lluita que segueix en peu per tal de garantir la llibertat sexual i la identitat de cadasc\u00fa. Des de la comunitat educativa ens sumem al lema: &#8220;Que ning\u00fa es quedi enrere: igualtat [&hellip;]<\/p>\n","protected":false},"author":44,"featured_media":19339,"comment_status":"open","ping_status":"closed","sticky":false,"template":"","format":"standard","meta":{"_bbp_topic_count":0,"_bbp_reply_count":0,"_bbp_total_topic_count":0,"_bbp_total_reply_count":0,"_bbp_voice_count":0,"_bbp_anonymous_reply_count":0,"_bbp_topic_count_hidden":0,"_bbp_reply_count_hidden":0,"_bbp_forum_subforum_count":0,"site-sidebar-layout":"default","site-content-layout":"","ast-site-content-layout":"","site-content-style":"default","site-sidebar-style":"default","ast-global-header-display":"","ast-banner-title-visibility":"","ast-main-header-display":"","ast-hfb-above-header-display":"","ast-hfb-below-header-display":"","ast-hfb-mobile-header-display":"","site-post-title":"","ast-breadcrumbs-content":"","ast-featured-img":"","footer-sml-layout":"","theme-transparent-header-meta":"","adv-header-id-meta":"","stick-header-meta":"","header-above-stick-meta":"","header-main-stick-meta":"","header-below-stick-meta":"","astra-migrate-meta-layouts":"default","ast-page-background-enabled":"default","ast-page-background-meta":{"desktop":{"background-color":"var(--ast-global-color-4)","background-image":"","background-repeat":"repeat","background-position":"center center","background-size":"auto","background-attachment":"scroll","background-type":"","background-media":"","overlay-type":"","overlay-color":"","overlay-opacity":"","overlay-gradient":""},"tablet":{"background-color":"","background-image":"","background-repeat":"repeat","background-position":"center center","background-size":"auto","background-attachment":"scroll","background-type":"","background-media":"","overlay-type":"","overlay-color":"","overlay-opacity":"","overlay-gradient":""},"mobile":{"background-color":"","background-image":"","background-repeat":"repeat","background-position":"center center","background-size":"auto","background-attachment":"scroll","background-type":"","background-media":"","overlay-type":"","overlay-color":"","overlay-opacity":"","overlay-gradient":""}},"ast-content-background-meta":{"desktop":{"background-color":"var(--ast-global-color-5)","background-image":"","background-repeat":"repeat","background-position":"center center","background-size":"auto","background-attachment":"scroll","background-type":"","background-media":"","overlay-type":"","overlay-color":"","overlay-opacity":"","overlay-gradient":""},"tablet":{"background-color":"var(--ast-global-color-5)","background-image":"","background-repeat":"repeat","background-position":"center center","background-size":"auto","background-attachment":"scroll","background-type":"","background-media":"","overlay-type":"","overlay-color":"","overlay-opacity":"","overlay-gradient":""},"mobile":{"background-color":"var(--ast-global-color-5)","background-image":"","background-repeat":"repeat","background-position":"center center","background-size":"auto","background-attachment":"scroll","background-type":"","background-media":"","overlay-type":"","overlay-color":"","overlay-opacity":"","overlay-gradient":""}},"footnotes":""},"categories":[633,505,892,65,1364,1393,308,1086,29,1168,893],"tags":[889,386,1497,964,356,623],"class_list":["post-19338","post","type-post","status-publish","format-standard","has-post-thumbnail","hentry","category-centres-educatius-en-linia","category-coeducacio","category-convivencia","category-crp","category-educacio-afectivosexual","category-educacio-al-llarg-de-la-vida","category-escoles","category-lgtbi","category-portada","category-prevencio-violencies","category-projecte-de-convivencia","tag-divendrescoeducatiu","tag-coeducacio","tag-curs-23-24","tag-prevencio-violencies","tag-recursos","tag-recursos-en-xarxa"],"post_mailing_queue_ids":[],"_links":{"self":[{"href":"https:\/\/serveiseducatius.xtec.cat\/riberadebre\/wp-json\/wp\/v2\/posts\/19338","targetHints":{"allow":["GET"]}}],"collection":[{"href":"https:\/\/serveiseducatius.xtec.cat\/riberadebre\/wp-json\/wp\/v2\/posts"}],"about":[{"href":"https:\/\/serveiseducatius.xtec.cat\/riberadebre\/wp-json\/wp\/v2\/types\/post"}],"author":[{"embeddable":true,"href":"https:\/\/serveiseducatius.xtec.cat\/riberadebre\/wp-json\/wp\/v2\/users\/44"}],"replies":[{"embeddable":true,"href":"https:\/\/serveiseducatius.xtec.cat\/riberadebre\/wp-json\/wp\/v2\/comments?post=19338"}],"version-history":[{"count":2,"href":"https:\/\/serveiseducatius.xtec.cat\/riberadebre\/wp-json\/wp\/v2\/posts\/19338\/revisions"}],"predecessor-version":[{"id":19341,"href":"https:\/\/serveiseducatius.xtec.cat\/riberadebre\/wp-json\/wp\/v2\/posts\/19338\/revisions\/19341"}],"wp:featuredmedia":[{"embeddable":true,"href":"https:\/\/serveiseducatius.xtec.cat\/riberadebre\/wp-json\/wp\/v2\/media\/19339"}],"wp:attachment":[{"href":"https:\/\/serveiseducatius.xtec.cat\/riberadebre\/wp-json\/wp\/v2\/media?parent=19338"}],"wp:term":[{"taxonomy":"category","embeddable":true,"href":"https:\/\/serveiseducatius.xtec.cat\/riberadebre\/wp-json\/wp\/v2\/categories?post=19338"},{"taxonomy":"post_tag","embeddable":true,"href":"https:\/\/serveiseducatius.xtec.cat\/riberadebre\/wp-json\/wp\/v2\/tags?post=19338"}],"curies":[{"name":"wp","href":"https:\/\/api.w.org\/{rel}","templated":true}]}}