{"id":19298,"date":"2024-05-07T16:14:16","date_gmt":"2024-05-07T14:14:16","guid":{"rendered":"https:\/\/serveiseducatius.xtec.cat\/riberadebre\/?p=19298"},"modified":"2024-05-07T16:14:16","modified_gmt":"2024-05-07T14:14:16","slug":"estrategies-per-a-les-families-per-afavorir-el-llenguatge-i-la-comunicacio-oral-dels-infants-signes-dalerta","status":"publish","type":"post","link":"https:\/\/serveiseducatius.xtec.cat\/riberadebre\/eap\/estrategies-per-a-les-families-per-afavorir-el-llenguatge-i-la-comunicacio-oral-dels-infants-signes-dalerta\/","title":{"rendered":"Estrat\u00e8gies per a les fam\u00edlies per afavorir el llenguatge i la comunicaci\u00f3 oral dels infants, signes d\u2019alerta"},"content":{"rendered":"<p>La detecci\u00f3 preco\u00e7 dels problemes d\u2019aprenentatge, de la comunicaci\u00f3 i del llenguatge, en edats molt primerenques, \u00e9s una pr\u00e0ctica educativa fonamental per al desenvolupament harm\u00f2nic dels infants, donat que permet detectar les necessitats espec\u00edfiques de l\u2019alumnat, prioritzar les intervencions i minimitzar les repercussions a nivell personal, acad\u00e8mic i social que se\u2019n puguin derivar.<\/p>\n<p>El programa de Cooperaci\u00f3 Territorial d\u2019Educaci\u00f3 Inclusiva t\u00e9 com a finalitat incrementar la provisi\u00f3 de recursos especialitzats que atenguin la diversitat de l\u2019alumnat i optimitzar-ne l\u2019organitzaci\u00f3, impulsar la detecci\u00f3 i intervenci\u00f3 precoces i potenciar el paper central de les fam\u00edlies en les etapes inicials del proc\u00e9s educatiu.<\/p>\n<p>\u00c9s per aix\u00f2 que presentem la INFOGRAFIA\u00a0<a href=\"https:\/\/projectes.xtec.cat\/educacioinclusiva\/wp-content\/uploads\/usu2065\/2024\/05\/INFOGRAFIA_Comunicacio-Oral-Estrategies-Signes-Alerta-pdf-020524.pdf\" target=\"_blank\" rel=\"noopener\">Estrat\u00e8gies<\/a><a href=\"https:\/\/projectes.xtec.cat\/educacioinclusiva\/wp-content\/uploads\/usu2065\/2024\/05\/INFOGRAFIA_Comunicacio-Oral-Estrategies-Signes-Alerta-pdf-020524.pdf\" target=\"_blank\" rel=\"noopener\"> per afavorir el llenguatge i la comunicaci\u00f3 oral dels infants, signes d\u2019alerta,<\/a>\u00a0adre\u00e7ada a les fam\u00edlies\u00a0de l\u2019alumnat d\u2019Educaci\u00f3 Infantil.<\/p>\n<p>Les fam\u00edlies i els centres educatius han de cooperar estretament en l\u2019educaci\u00f3 dels infants, en un exercici de corresponsabilitat, coher\u00e8ncia i comprom\u00eds com\u00fa, per contribuir al seu benestar i creixement integral.<\/p>\n<p>&nbsp;<\/p>\n","protected":false},"excerpt":{"rendered":"<p>La detecci\u00f3 preco\u00e7 dels problemes d\u2019aprenentatge, de la comunicaci\u00f3 i del llenguatge, en edats molt primerenques, \u00e9s una pr\u00e0ctica educativa fonamental per al desenvolupament harm\u00f2nic dels infants, donat que permet detectar les necessitats espec\u00edfiques de l\u2019alumnat, prioritzar les intervencions i minimitzar les repercussions a nivell personal, acad\u00e8mic i social que se\u2019n puguin derivar. El programa [&hellip;]<\/p>\n","protected":false},"author":39,"featured_media":19300,"comment_status":"open","ping_status":"closed","sticky":false,"template":"","format":"standard","meta":{"_bbp_topic_count":0,"_bbp_reply_count":0,"_bbp_total_topic_count":0,"_bbp_total_reply_count":0,"_bbp_voice_count":0,"_bbp_anonymous_reply_count":0,"_bbp_topic_count_hidden":0,"_bbp_reply_count_hidden":0,"_bbp_forum_subforum_count":0,"site-sidebar-layout":"default","site-content-layout":"","ast-site-content-layout":"","site-content-style":"default","site-sidebar-style":"default","ast-global-header-display":"","ast-banner-title-visibility":"","ast-main-header-display":"","ast-hfb-above-header-display":"","ast-hfb-below-header-display":"","ast-hfb-mobile-header-display":"","site-post-title":"","ast-breadcrumbs-content":"","ast-featured-img":"","footer-sml-layout":"","theme-transparent-header-meta":"","adv-header-id-meta":"","stick-header-meta":"","header-above-stick-meta":"","header-main-stick-meta":"","header-below-stick-meta":"","astra-migrate-meta-layouts":"default","ast-page-background-enabled":"default","ast-page-background-meta":{"desktop":{"background-color":"var(--ast-global-color-4)","background-image":"","background-repeat":"repeat","background-position":"center center","background-size":"auto","background-attachment":"scroll","background-type":"","background-media":"","overlay-type":"","overlay-color":"","overlay-opacity":"","overlay-gradient":""},"tablet":{"background-color":"","background-image":"","background-repeat":"repeat","background-position":"center center","background-size":"auto","background-attachment":"scroll","background-type":"","background-media":"","overlay-type":"","overlay-color":"","overlay-opacity":"","overlay-gradient":""},"mobile":{"background-color":"","background-image":"","background-repeat":"repeat","background-position":"center center","background-size":"auto","background-attachment":"scroll","background-type":"","background-media":"","overlay-type":"","overlay-color":"","overlay-opacity":"","overlay-gradient":""}},"ast-content-background-meta":{"desktop":{"background-color":"var(--ast-global-color-5)","background-image":"","background-repeat":"repeat","background-position":"center center","background-size":"auto","background-attachment":"scroll","background-type":"","background-media":"","overlay-type":"","overlay-color":"","overlay-opacity":"","overlay-gradient":""},"tablet":{"background-color":"var(--ast-global-color-5)","background-image":"","background-repeat":"repeat","background-position":"center center","background-size":"auto","background-attachment":"scroll","background-type":"","background-media":"","overlay-type":"","overlay-color":"","overlay-opacity":"","overlay-gradient":""},"mobile":{"background-color":"var(--ast-global-color-5)","background-image":"","background-repeat":"repeat","background-position":"center center","background-size":"auto","background-attachment":"scroll","background-type":"","background-media":"","overlay-type":"","overlay-color":"","overlay-opacity":"","overlay-gradient":""}},"footnotes":""},"categories":[662,67,645,1297,1316,674,333,1029,666,661,655,675,1265,673,647,308,709,727,1474,1691,644,663,497,648,671,658,672],"tags":[],"class_list":["post-19298","post","type-post","status-publish","format-standard","has-post-thumbnail","hentry","category-collegi-santa-teresa","category-eap","category-escola-1-dabril-de-la-palma-debre","category-escola-antoni-nat-de-benissanet","category-escola-el-verger","category-escola-enric-grau-fontsere-de-flix","category-escola-inclusiva","category-escola-josep-riba-de-la-serra-dalmos","category-escola-les-eres-de-rasquera","category-escola-lluis-vinas","category-escola-marcelli-domingo-de-tivissa","category-escola-pamies-de-ginestar","category-escola-roc-llop-i-convalia-de-miravet","category-escola-sant-miquel-dasco","category-escola-st-agusti-de-riba-roja-debre","category-escoles","category-familia-i-escola","category-lectures-contes-i-llibres-llegits-per-lalumnat","category-llengua","category-mesures-universals","category-recomanacions-lectores","category-recursos-que-comparteix-el-professorat","category-ribera-debre","category-zer-benissanet-miravet","category-zer-ebre","category-zer-font-de-laiguadi","category-zer-ribera-debre-nord"],"post_mailing_queue_ids":[],"_links":{"self":[{"href":"https:\/\/serveiseducatius.xtec.cat\/riberadebre\/wp-json\/wp\/v2\/posts\/19298","targetHints":{"allow":["GET"]}}],"collection":[{"href":"https:\/\/serveiseducatius.xtec.cat\/riberadebre\/wp-json\/wp\/v2\/posts"}],"about":[{"href":"https:\/\/serveiseducatius.xtec.cat\/riberadebre\/wp-json\/wp\/v2\/types\/post"}],"author":[{"embeddable":true,"href":"https:\/\/serveiseducatius.xtec.cat\/riberadebre\/wp-json\/wp\/v2\/users\/39"}],"replies":[{"embeddable":true,"href":"https:\/\/serveiseducatius.xtec.cat\/riberadebre\/wp-json\/wp\/v2\/comments?post=19298"}],"version-history":[{"count":1,"href":"https:\/\/serveiseducatius.xtec.cat\/riberadebre\/wp-json\/wp\/v2\/posts\/19298\/revisions"}],"predecessor-version":[{"id":19301,"href":"https:\/\/serveiseducatius.xtec.cat\/riberadebre\/wp-json\/wp\/v2\/posts\/19298\/revisions\/19301"}],"wp:featuredmedia":[{"embeddable":true,"href":"https:\/\/serveiseducatius.xtec.cat\/riberadebre\/wp-json\/wp\/v2\/media\/19300"}],"wp:attachment":[{"href":"https:\/\/serveiseducatius.xtec.cat\/riberadebre\/wp-json\/wp\/v2\/media?parent=19298"}],"wp:term":[{"taxonomy":"category","embeddable":true,"href":"https:\/\/serveiseducatius.xtec.cat\/riberadebre\/wp-json\/wp\/v2\/categories?post=19298"},{"taxonomy":"post_tag","embeddable":true,"href":"https:\/\/serveiseducatius.xtec.cat\/riberadebre\/wp-json\/wp\/v2\/tags?post=19298"}],"curies":[{"name":"wp","href":"https:\/\/api.w.org\/{rel}","templated":true}]}}