{"id":19189,"date":"2024-04-16T11:12:52","date_gmt":"2024-04-16T09:12:52","guid":{"rendered":"https:\/\/serveiseducatius.xtec.cat\/riberadebre\/?p=19189"},"modified":"2024-04-16T11:12:52","modified_gmt":"2024-04-16T09:12:52","slug":"4t-webinar-subxarxes-cdc-i-comd-dijous-18-abril","status":"publish","type":"post","link":"https:\/\/serveiseducatius.xtec.cat\/riberadebre\/general\/4t-webinar-subxarxes-cdc-i-comd-dijous-18-abril\/","title":{"rendered":"4t webinar subxarxes CDC i COMD &#8211; dijous 18 abril"},"content":{"rendered":"<p>4a sessi\u00f3 webinar de les dues subxarxes de la <a href=\"https:\/\/projectes.xtec.cat\/xtcd\/\" target=\"_blank\" rel=\"noopener\"><strong>Xarxa territorial de Cultura Digital<\/strong><\/a>, CDC i COMD. Recordeu que heu d\u2019omplir els formularis d\u2019assist\u00e8ncia que teniu enlla\u00e7ats a cada sessi\u00f3 de les respectives subxarxes.\u00a0<em>La setmana anterior a les respectives sessions territorials enviarem recordatori a les persones inscrites.\u00a0\u00a0<\/em><\/p>\n<p><strong>Data:<\/strong> dijous 18 d&#8217;abril 17:30h sessi\u00f3 com\u00fa a les dues subxarxes en la que es tractaran diversos temes d&#8217;inter\u00e8s pel que fa a l&#8217;actualitat de la transformaci\u00f3 digital als centres educatius (mentories 4.0, IA, certificaci\u00f3 de la compet\u00e8ncia digital docent, jornada Canal Reporters,&#8230;)\u00a0 (<a href=\"https:\/\/www.youtube.com\/live\/NGzsR29j0LY?si=2vFULz5uMXinJYq5\" target=\"_blank\" rel=\"noopener\"><em>enlla\u00e7<\/em><\/a>)<\/p>\n<p><img loading=\"lazy\" decoding=\"async\" class=\"\" src=\"https:\/\/serveiseducatius.xtec.cat\/riberadebre\/wp-content\/uploads\/usu1126\/2023\/09\/compass-150x150-1.png\" width=\"43\" height=\"43\" \/><strong>Subxarxa Coordinaci\u00f3 Digital de centre (CDC)<\/strong><\/p>\n<ul>\n<li>Enlla\u00e7 webinar 18h i temes a tractar\u00a0<em>(<a href=\"https:\/\/projectes.xtec.cat\/xtcd\/coordinacio-digital-de-centre\/sessions-2023-24\/sessio-4\/\" target=\"_blank\" rel=\"noopener\">clica aqu\u00ed<\/a>)<\/em><\/li>\n<li>Enlla\u00e7 formulari\u00a0<em>(properament, s\u2019obrir\u00e0 durant la sessi\u00f3)<\/em><\/li>\n<li>Data sessi\u00f3 territorial Ribera d\u2019Ebre:\u00a0<em><strong>pendent de confirmar* (canvi respecte a proposta calendari inicial)\u00a0<\/strong><\/em><\/li>\n<\/ul>\n<p><img loading=\"lazy\" decoding=\"async\" class=\"\" src=\"https:\/\/serveiseducatius.xtec.cat\/riberadebre\/wp-content\/uploads\/usu1126\/2023\/09\/group-task-150x150-1.png\" width=\"40\" height=\"40\" \/><strong>Subxarxa Comissi\u00f3 Digital de centre (COMD)<\/strong><\/p>\n<ul>\n<li>Enlla\u00e7 webinar 18h i temes a tractar\u00a0\u00a0<em>(<a href=\"https:\/\/projectes.xtec.cat\/xtcd\/subxarxa-de-la-comissio-digital-de-centre-comd\/sessions-comd-2023-24\/sessio-4\/\" target=\"_blank\" rel=\"noopener\">enlla\u00e7<\/a>)<\/em><\/li>\n<li>Enlla\u00e7 formulari\u00a0<em>(enlla\u00e7) S\u2019obrir\u00e0 el dia de la sessi\u00f3 i es tancar\u00e0 en una data pendent d&#8217;informar.\u00a0<\/em><\/li>\n<li>Data sessi\u00f3 territorial Ribera d\u2019Ebre: dijous 16 de maig (a confirmar via correu electr\u00f2nic)<\/li>\n<\/ul>\n<p><a href=\"https:\/\/serveiseducatius.xtec.cat\/riberadebre\/wp-content\/uploads\/usu1126\/2023\/09\/compass-150x150-1.png\"><img loading=\"lazy\" decoding=\"async\" class=\"alignnone size-full wp-image-18175\" src=\"https:\/\/serveiseducatius.xtec.cat\/riberadebre\/wp-content\/uploads\/usu1126\/2023\/09\/compass-150x150-1.png\" alt=\"\" width=\"150\" height=\"150\" \/><\/a>\u00a0<a href=\"https:\/\/serveiseducatius.xtec.cat\/riberadebre\/wp-content\/uploads\/usu1126\/2023\/09\/group-task-150x150-1.png\"><img loading=\"lazy\" decoding=\"async\" class=\"alignnone size-full wp-image-18180\" src=\"https:\/\/serveiseducatius.xtec.cat\/riberadebre\/wp-content\/uploads\/usu1126\/2023\/09\/group-task-150x150-1.png\" alt=\"\" width=\"150\" height=\"150\" \/><\/a><a href=\"https:\/\/serveiseducatius.xtec.cat\/riberadebre\/wp-content\/uploads\/usu1126\/2023\/09\/XTCD-1024x576-1.jpg\"><img loading=\"lazy\" decoding=\"async\" class=\"alignnone wp-image-18176\" src=\"https:\/\/serveiseducatius.xtec.cat\/riberadebre\/wp-content\/uploads\/usu1126\/2023\/09\/XTCD-1024x576-1.jpg\" sizes=\"auto, (max-width: 311px) 100vw, 311px\" srcset=\"https:\/\/serveiseducatius.xtec.cat\/riberadebre\/wp-content\/uploads\/usu1126\/2023\/09\/XTCD-1024x576-1.jpg 1024w, https:\/\/serveiseducatius.xtec.cat\/riberadebre\/wp-content\/uploads\/usu1126\/2023\/09\/XTCD-1024x576-1-300x169.jpg 300w, https:\/\/serveiseducatius.xtec.cat\/riberadebre\/wp-content\/uploads\/usu1126\/2023\/09\/XTCD-1024x576-1-768x432.jpg 768w\" alt=\"\" width=\"311\" height=\"175\" \/><\/a><a href=\"https:\/\/serveiseducatius.xtec.cat\/riberadebre\/wp-content\/uploads\/usu1126\/2022\/10\/MEFP.Gob_.Web_-scaled.jpg\"><img loading=\"lazy\" decoding=\"async\" class=\"alignnone  wp-image-16573\" src=\"https:\/\/serveiseducatius.xtec.cat\/riberadebre\/wp-content\/uploads\/usu1126\/2022\/10\/MEFP.Gob_.Web_-1024x248.jpg\" alt=\"\" width=\"190\" height=\"46\" srcset=\"https:\/\/serveiseducatius.xtec.cat\/riberadebre\/wp-content\/uploads\/usu1126\/2022\/10\/MEFP.Gob_.Web_-1024x248.jpg 1024w, https:\/\/serveiseducatius.xtec.cat\/riberadebre\/wp-content\/uploads\/usu1126\/2022\/10\/MEFP.Gob_.Web_-300x73.jpg 300w, https:\/\/serveiseducatius.xtec.cat\/riberadebre\/wp-content\/uploads\/usu1126\/2022\/10\/MEFP.Gob_.Web_-768x186.jpg 768w, https:\/\/serveiseducatius.xtec.cat\/riberadebre\/wp-content\/uploads\/usu1126\/2022\/10\/MEFP.Gob_.Web_-1536x372.jpg 1536w, https:\/\/serveiseducatius.xtec.cat\/riberadebre\/wp-content\/uploads\/usu1126\/2022\/10\/MEFP.Gob_.Web_-2048x496.jpg 2048w\" sizes=\"auto, (max-width: 190px) 100vw, 190px\" \/><\/a><a href=\"https:\/\/serveiseducatius.xtec.cat\/riberadebre\/wp-content\/uploads\/usu1126\/2022\/10\/Logo.PRTR_.jpg\"><img loading=\"lazy\" decoding=\"async\" class=\"alignnone  wp-image-16572\" src=\"https:\/\/serveiseducatius.xtec.cat\/riberadebre\/wp-content\/uploads\/usu1126\/2022\/10\/Logo.PRTR_.jpg\" alt=\"\" width=\"196\" height=\"61\" srcset=\"https:\/\/serveiseducatius.xtec.cat\/riberadebre\/wp-content\/uploads\/usu1126\/2022\/10\/Logo.PRTR_.jpg 570w, https:\/\/serveiseducatius.xtec.cat\/riberadebre\/wp-content\/uploads\/usu1126\/2022\/10\/Logo.PRTR_-300x93.jpg 300w\" sizes=\"auto, (max-width: 196px) 100vw, 196px\" \/><\/a><a href=\"https:\/\/serveiseducatius.xtec.cat\/riberadebre\/wp-content\/uploads\/usu1126\/2022\/10\/Logo.Fondos.NextGenerationUE.jpg\"><img loading=\"lazy\" decoding=\"async\" class=\"alignnone  wp-image-16571\" src=\"https:\/\/serveiseducatius.xtec.cat\/riberadebre\/wp-content\/uploads\/usu1126\/2022\/10\/Logo.Fondos.NextGenerationUE.jpg\" alt=\"\" width=\"210\" height=\"39\" srcset=\"https:\/\/serveiseducatius.xtec.cat\/riberadebre\/wp-content\/uploads\/usu1126\/2022\/10\/Logo.Fondos.NextGenerationUE.jpg 570w, https:\/\/serveiseducatius.xtec.cat\/riberadebre\/wp-content\/uploads\/usu1126\/2022\/10\/Logo.Fondos.NextGenerationUE-300x56.jpg 300w\" sizes=\"auto, (max-width: 210px) 100vw, 210px\" \/><\/a><\/p>\n","protected":false},"excerpt":{"rendered":"<p>4a sessi\u00f3 webinar de les dues subxarxes de la Xarxa territorial de Cultura Digital, CDC i COMD. Recordeu que heu d\u2019omplir els formularis d\u2019assist\u00e8ncia que teniu enlla\u00e7ats a cada sessi\u00f3 de les respectives subxarxes.\u00a0La setmana anterior a les respectives sessions territorials enviarem recordatori a les persones inscrites.\u00a0\u00a0 Data: dijous 18 d&#8217;abril 17:30h sessi\u00f3 com\u00fa a [&hellip;]<\/p>\n","protected":false},"author":9,"featured_media":18176,"comment_status":"open","ping_status":"closed","sticky":false,"template":"","format":"standard","meta":{"_bbp_topic_count":0,"_bbp_reply_count":0,"_bbp_total_topic_count":0,"_bbp_total_reply_count":0,"_bbp_voice_count":0,"_bbp_anonymous_reply_count":0,"_bbp_topic_count_hidden":0,"_bbp_reply_count_hidden":0,"_bbp_forum_subforum_count":0,"site-sidebar-layout":"default","site-content-layout":"","ast-site-content-layout":"","site-content-style":"default","site-sidebar-style":"default","ast-global-header-display":"","ast-banner-title-visibility":"","ast-main-header-display":"","ast-hfb-above-header-display":"","ast-hfb-below-header-display":"","ast-hfb-mobile-header-display":"","site-post-title":"","ast-breadcrumbs-content":"","ast-featured-img":"","footer-sml-layout":"","theme-transparent-header-meta":"","adv-header-id-meta":"","stick-header-meta":"","header-above-stick-meta":"","header-main-stick-meta":"","header-below-stick-meta":"","astra-migrate-meta-layouts":"default","ast-page-background-enabled":"default","ast-page-background-meta":{"desktop":{"background-color":"var(--ast-global-color-4)","background-image":"","background-repeat":"repeat","background-position":"center center","background-size":"auto","background-attachment":"scroll","background-type":"","background-media":"","overlay-type":"","overlay-color":"","overlay-opacity":"","overlay-gradient":""},"tablet":{"background-color":"","background-image":"","background-repeat":"repeat","background-position":"center center","background-size":"auto","background-attachment":"scroll","background-type":"","background-media":"","overlay-type":"","overlay-color":"","overlay-opacity":"","overlay-gradient":""},"mobile":{"background-color":"","background-image":"","background-repeat":"repeat","background-position":"center center","background-size":"auto","background-attachment":"scroll","background-type":"","background-media":"","overlay-type":"","overlay-color":"","overlay-opacity":"","overlay-gradient":""}},"ast-content-background-meta":{"desktop":{"background-color":"var(--ast-global-color-5)","background-image":"","background-repeat":"repeat","background-position":"center center","background-size":"auto","background-attachment":"scroll","background-type":"","background-media":"","overlay-type":"","overlay-color":"","overlay-opacity":"","overlay-gradient":""},"tablet":{"background-color":"var(--ast-global-color-5)","background-image":"","background-repeat":"repeat","background-position":"center center","background-size":"auto","background-attachment":"scroll","background-type":"","background-media":"","overlay-type":"","overlay-color":"","overlay-opacity":"","overlay-gradient":""},"mobile":{"background-color":"var(--ast-global-color-5)","background-image":"","background-repeat":"repeat","background-position":"center center","background-size":"auto","background-attachment":"scroll","background-type":"","background-media":"","overlay-type":"","overlay-color":"","overlay-opacity":"","overlay-gradient":""}},"footnotes":""},"categories":[1547,1033,65,308,1,310,923,29,78,859],"tags":[1557,1558,1241,1546,1497,712,962,1545,881],"class_list":["post-19189","post","type-post","status-publish","format-standard","has-post-thumbnail","hentry","category-comissio-digital","category-coordinacio-digital-centre","category-crp","category-escoles","category-general","category-institut","category-ods-4","category-portada","category-tac","category-xtcd","tag-cdc2324","tag-comd2324","tag-xarxaterritorialculturadigital","tag-xtcd2324","tag-curs-23-24","tag-webinars","tag-xtcd","tag-xtcd-23-24","tag-xtcd-ribera-debre"],"post_mailing_queue_ids":[],"_links":{"self":[{"href":"https:\/\/serveiseducatius.xtec.cat\/riberadebre\/wp-json\/wp\/v2\/posts\/19189","targetHints":{"allow":["GET"]}}],"collection":[{"href":"https:\/\/serveiseducatius.xtec.cat\/riberadebre\/wp-json\/wp\/v2\/posts"}],"about":[{"href":"https:\/\/serveiseducatius.xtec.cat\/riberadebre\/wp-json\/wp\/v2\/types\/post"}],"author":[{"embeddable":true,"href":"https:\/\/serveiseducatius.xtec.cat\/riberadebre\/wp-json\/wp\/v2\/users\/9"}],"replies":[{"embeddable":true,"href":"https:\/\/serveiseducatius.xtec.cat\/riberadebre\/wp-json\/wp\/v2\/comments?post=19189"}],"version-history":[{"count":2,"href":"https:\/\/serveiseducatius.xtec.cat\/riberadebre\/wp-json\/wp\/v2\/posts\/19189\/revisions"}],"predecessor-version":[{"id":19191,"href":"https:\/\/serveiseducatius.xtec.cat\/riberadebre\/wp-json\/wp\/v2\/posts\/19189\/revisions\/19191"}],"wp:featuredmedia":[{"embeddable":true,"href":"https:\/\/serveiseducatius.xtec.cat\/riberadebre\/wp-json\/wp\/v2\/media\/18176"}],"wp:attachment":[{"href":"https:\/\/serveiseducatius.xtec.cat\/riberadebre\/wp-json\/wp\/v2\/media?parent=19189"}],"wp:term":[{"taxonomy":"category","embeddable":true,"href":"https:\/\/serveiseducatius.xtec.cat\/riberadebre\/wp-json\/wp\/v2\/categories?post=19189"},{"taxonomy":"post_tag","embeddable":true,"href":"https:\/\/serveiseducatius.xtec.cat\/riberadebre\/wp-json\/wp\/v2\/tags?post=19189"}],"curies":[{"name":"wp","href":"https:\/\/api.w.org\/{rel}","templated":true}]}}