{"id":19143,"date":"2024-04-10T14:11:24","date_gmt":"2024-04-10T12:11:24","guid":{"rendered":"https:\/\/serveiseducatius.xtec.cat\/riberadebre\/?p=19143"},"modified":"2024-04-10T14:11:24","modified_gmt":"2024-04-10T12:11:24","slug":"kamishibai-en-prestec","status":"publish","type":"post","link":"https:\/\/serveiseducatius.xtec.cat\/riberadebre\/portada\/kamishibai-en-prestec\/","title":{"rendered":"Kamishibai en pr\u00e9stec"},"content":{"rendered":"<p><strong>Teatret de fusta<\/strong>\u00a0acompanyat per 5 contes en l\u00e0mines: \u201cEl gat sol\u201d, \u201cEl gat amb botes\u201d, \u201cPerqu\u00e8 hi ha tantes pedres en el fons dels rius?\u201d, \u201cHans i la princesa\u201d i \u201cEl sastret valent\u201d<\/p>\n<p>Adre\u00e7at a l\u2019alumnat de\u00a0<strong>prim\u00e0ria<\/strong>.<\/p>\n<p>L\u2019<strong>objectiu<\/strong>\u00a0d\u2019aquest teatret \u00e9s el poder explicar contes amb imatges que pot ser \u00fatil per treballar l\u2019educaci\u00f3 en valors.<\/p>\n<p>Kamishibai significa \u201cteatre de paper\u201d i \u00e9s una forma molt popular des de fa segles d\u2019explicar contes al Jap\u00f3. El Kamishibai fascina a l\u2019audi\u00e8ncia. Les seves caracter\u00edstiques i la forma de presentar-lo ajuden a aconseguir un efecte m\u00e0gic i de concentraci\u00f3 al voltant del conte. Cada conte est\u00e0 format per una quinzena de l\u00e0mines que es fan lliscar per l\u2019escenari del teatre. Els contes s\u00f3n en catal\u00e0, castell\u00e0 i angl\u00e8s.<\/p>\n<p><a href=\"https:\/\/serveiseducatius.xtec.cat\/riberadebre\/wp-content\/uploads\/usu1126\/2024\/04\/301020.86_4.jpg\"><img loading=\"lazy\" decoding=\"async\" class=\"alignnone size-full wp-image-19144\" src=\"https:\/\/serveiseducatius.xtec.cat\/riberadebre\/wp-content\/uploads\/usu1126\/2024\/04\/301020.86_4.jpg\" alt=\"\" width=\"491\" height=\"240\" \/><\/a><\/p>\n","protected":false},"excerpt":{"rendered":"<p>Teatret de fusta\u00a0acompanyat per 5 contes en l\u00e0mines: \u201cEl gat sol\u201d, \u201cEl gat amb botes\u201d, \u201cPerqu\u00e8 hi ha tantes pedres en el fons dels rius?\u201d, \u201cHans i la princesa\u201d i \u201cEl sastret valent\u201d Adre\u00e7at a l\u2019alumnat de\u00a0prim\u00e0ria. L\u2019objectiu\u00a0d\u2019aquest teatret \u00e9s el poder explicar contes amb imatges que pot ser \u00fatil per treballar l\u2019educaci\u00f3 en valors. [&hellip;]<\/p>\n","protected":false},"author":44,"featured_media":0,"comment_status":"open","ping_status":"closed","sticky":false,"template":"","format":"standard","meta":{"_bbp_topic_count":0,"_bbp_reply_count":0,"_bbp_total_topic_count":0,"_bbp_total_reply_count":0,"_bbp_voice_count":0,"_bbp_anonymous_reply_count":0,"_bbp_topic_count_hidden":0,"_bbp_reply_count_hidden":0,"_bbp_forum_subforum_count":0,"site-sidebar-layout":"default","site-content-layout":"","ast-site-content-layout":"","site-content-style":"default","site-sidebar-style":"default","ast-global-header-display":"","ast-banner-title-visibility":"","ast-main-header-display":"","ast-hfb-above-header-display":"","ast-hfb-below-header-display":"","ast-hfb-mobile-header-display":"","site-post-title":"","ast-breadcrumbs-content":"","ast-featured-img":"","footer-sml-layout":"","theme-transparent-header-meta":"","adv-header-id-meta":"","stick-header-meta":"","header-above-stick-meta":"","header-main-stick-meta":"","header-below-stick-meta":"","astra-migrate-meta-layouts":"default","ast-page-background-enabled":"default","ast-page-background-meta":{"desktop":{"background-color":"var(--ast-global-color-4)","background-image":"","background-repeat":"repeat","background-position":"center center","background-size":"auto","background-attachment":"scroll","background-type":"","background-media":"","overlay-type":"","overlay-color":"","overlay-opacity":"","overlay-gradient":""},"tablet":{"background-color":"","background-image":"","background-repeat":"repeat","background-position":"center center","background-size":"auto","background-attachment":"scroll","background-type":"","background-media":"","overlay-type":"","overlay-color":"","overlay-opacity":"","overlay-gradient":""},"mobile":{"background-color":"","background-image":"","background-repeat":"repeat","background-position":"center center","background-size":"auto","background-attachment":"scroll","background-type":"","background-media":"","overlay-type":"","overlay-color":"","overlay-opacity":"","overlay-gradient":""}},"ast-content-background-meta":{"desktop":{"background-color":"var(--ast-global-color-5)","background-image":"","background-repeat":"repeat","background-position":"center center","background-size":"auto","background-attachment":"scroll","background-type":"","background-media":"","overlay-type":"","overlay-color":"","overlay-opacity":"","overlay-gradient":""},"tablet":{"background-color":"var(--ast-global-color-5)","background-image":"","background-repeat":"repeat","background-position":"center center","background-size":"auto","background-attachment":"scroll","background-type":"","background-media":"","overlay-type":"","overlay-color":"","overlay-opacity":"","overlay-gradient":""},"mobile":{"background-color":"var(--ast-global-color-5)","background-image":"","background-repeat":"repeat","background-position":"center center","background-size":"auto","background-attachment":"scroll","background-type":"","background-media":"","overlay-type":"","overlay-color":"","overlay-opacity":"","overlay-gradient":""}},"footnotes":""},"categories":[65,668,308,82,29,76],"tags":[581,1698],"class_list":["post-19143","post","type-post","status-publish","format-standard","hentry","category-crp","category-educacio-primaria","category-escoles","category-maletes-pedagogiques","category-portada","category-recursos","tag-maleta-pedagogica","tag-prestec"],"post_mailing_queue_ids":[],"_links":{"self":[{"href":"https:\/\/serveiseducatius.xtec.cat\/riberadebre\/wp-json\/wp\/v2\/posts\/19143","targetHints":{"allow":["GET"]}}],"collection":[{"href":"https:\/\/serveiseducatius.xtec.cat\/riberadebre\/wp-json\/wp\/v2\/posts"}],"about":[{"href":"https:\/\/serveiseducatius.xtec.cat\/riberadebre\/wp-json\/wp\/v2\/types\/post"}],"author":[{"embeddable":true,"href":"https:\/\/serveiseducatius.xtec.cat\/riberadebre\/wp-json\/wp\/v2\/users\/44"}],"replies":[{"embeddable":true,"href":"https:\/\/serveiseducatius.xtec.cat\/riberadebre\/wp-json\/wp\/v2\/comments?post=19143"}],"version-history":[{"count":1,"href":"https:\/\/serveiseducatius.xtec.cat\/riberadebre\/wp-json\/wp\/v2\/posts\/19143\/revisions"}],"predecessor-version":[{"id":19146,"href":"https:\/\/serveiseducatius.xtec.cat\/riberadebre\/wp-json\/wp\/v2\/posts\/19143\/revisions\/19146"}],"wp:attachment":[{"href":"https:\/\/serveiseducatius.xtec.cat\/riberadebre\/wp-json\/wp\/v2\/media?parent=19143"}],"wp:term":[{"taxonomy":"category","embeddable":true,"href":"https:\/\/serveiseducatius.xtec.cat\/riberadebre\/wp-json\/wp\/v2\/categories?post=19143"},{"taxonomy":"post_tag","embeddable":true,"href":"https:\/\/serveiseducatius.xtec.cat\/riberadebre\/wp-json\/wp\/v2\/tags?post=19143"}],"curies":[{"name":"wp","href":"https:\/\/api.w.org\/{rel}","templated":true}]}}