{"id":18203,"date":"2023-09-22T09:29:50","date_gmt":"2023-09-22T07:29:50","guid":{"rendered":"https:\/\/serveiseducatius.xtec.cat\/riberadebre\/?p=18203"},"modified":"2023-09-22T09:29:50","modified_gmt":"2023-09-22T07:29:50","slug":"nou-recurs-a-xtec-silenciades-dones-artistes-sota-el-franquisme-divendrescoeducatiu","status":"publish","type":"post","link":"https:\/\/serveiseducatius.xtec.cat\/riberadebre\/portada\/nou-recurs-a-xtec-silenciades-dones-artistes-sota-el-franquisme-divendrescoeducatiu\/","title":{"rendered":"Nou recurs a XTEC &#8220;Silenciades. Dones artistes sota el franquisme&#8221; #divendrescoeducatiu"},"content":{"rendered":"<p><strong>Nou recurs a XTEC.<\/strong>\u00a0Publicaci\u00f3 que\u00a0 recull un conjunt de treballs de recerca sobre dones artistes, professionals de la dansa, la m\u00fasica, el disseny i la restauraci\u00f3 que van ser silenciades durant el franquisme.<\/p>\n<p>Enlla\u00e7 al document&#8230;<a href=\"https:\/\/educacio.gencat.cat\/web\/.content\/home\/departament\/publicacions\/monografies\/silenciades\/silenciades.pdf\" target=\"_blank\" rel=\"noopener\"><strong>clicant aqu\u00ed.<\/strong><\/a><\/p>\n<p>La publicaci\u00f3 \u00e9s fruit del treball conjunt entre el Servei d&#8217;Ordenaci\u00f3 dels Ensenyaments de R\u00e8gim Especial del Departament d&#8217;Educaci\u00f3 i els centres superiors d&#8217;ensenyaments art\u00edstics de Catalunya.<\/p>\n<p>La publicaci\u00f3 tamb\u00e9 est\u00e0 disponible en format paper i es pot adquirir a trav\u00e9s de la\u00a0<a href=\"https:\/\/llibreria.gencat.cat\/silenciades-dones-artistes-sota-el-franquisme-id-001032629\">llibreria en l\u00ednia<\/a>\u00a0de la Generalitat de Catalunya.<\/p>\n<p><a href=\"https:\/\/serveiseducatius.xtec.cat\/riberadebre\/wp-content\/uploads\/usu1126\/2023\/09\/actualitat-832x468-silenciades.png_223078711.png\"><img loading=\"lazy\" decoding=\"async\" class=\"alignnone size-full wp-image-18204\" src=\"https:\/\/serveiseducatius.xtec.cat\/riberadebre\/wp-content\/uploads\/usu1126\/2023\/09\/actualitat-832x468-silenciades.png_223078711.png\" alt=\"\" width=\"832\" height=\"468\" srcset=\"https:\/\/serveiseducatius.xtec.cat\/riberadebre\/wp-content\/uploads\/usu1126\/2023\/09\/actualitat-832x468-silenciades.png_223078711.png 832w, https:\/\/serveiseducatius.xtec.cat\/riberadebre\/wp-content\/uploads\/usu1126\/2023\/09\/actualitat-832x468-silenciades.png_223078711-300x169.png 300w, https:\/\/serveiseducatius.xtec.cat\/riberadebre\/wp-content\/uploads\/usu1126\/2023\/09\/actualitat-832x468-silenciades.png_223078711-768x432.png 768w\" sizes=\"auto, (max-width: 832px) 100vw, 832px\" \/><\/a><\/p>\n","protected":false},"excerpt":{"rendered":"<p>Nou recurs a XTEC.\u00a0Publicaci\u00f3 que\u00a0 recull un conjunt de treballs de recerca sobre dones artistes, professionals de la dansa, la m\u00fasica, el disseny i la restauraci\u00f3 que van ser silenciades durant el franquisme. Enlla\u00e7 al document&#8230;clicant aqu\u00ed. La publicaci\u00f3 \u00e9s fruit del treball conjunt entre el Servei d&#8217;Ordenaci\u00f3 dels Ensenyaments de R\u00e8gim Especial del Departament [&hellip;]<\/p>\n","protected":false},"author":9,"featured_media":18204,"comment_status":"open","ping_status":"closed","sticky":false,"template":"","format":"standard","meta":{"_bbp_topic_count":0,"_bbp_reply_count":0,"_bbp_total_topic_count":0,"_bbp_total_reply_count":0,"_bbp_voice_count":0,"_bbp_anonymous_reply_count":0,"_bbp_topic_count_hidden":0,"_bbp_reply_count_hidden":0,"_bbp_forum_subforum_count":0,"site-sidebar-layout":"default","site-content-layout":"","ast-site-content-layout":"","site-content-style":"default","site-sidebar-style":"default","ast-global-header-display":"","ast-banner-title-visibility":"","ast-main-header-display":"","ast-hfb-above-header-display":"","ast-hfb-below-header-display":"","ast-hfb-mobile-header-display":"","site-post-title":"","ast-breadcrumbs-content":"","ast-featured-img":"","footer-sml-layout":"","theme-transparent-header-meta":"","adv-header-id-meta":"","stick-header-meta":"","header-above-stick-meta":"","header-main-stick-meta":"","header-below-stick-meta":"","astra-migrate-meta-layouts":"default","ast-page-background-enabled":"default","ast-page-background-meta":{"desktop":{"background-color":"var(--ast-global-color-4)","background-image":"","background-repeat":"repeat","background-position":"center center","background-size":"auto","background-attachment":"scroll","background-type":"","background-media":"","overlay-type":"","overlay-color":"","overlay-opacity":"","overlay-gradient":""},"tablet":{"background-color":"","background-image":"","background-repeat":"repeat","background-position":"center center","background-size":"auto","background-attachment":"scroll","background-type":"","background-media":"","overlay-type":"","overlay-color":"","overlay-opacity":"","overlay-gradient":""},"mobile":{"background-color":"","background-image":"","background-repeat":"repeat","background-position":"center center","background-size":"auto","background-attachment":"scroll","background-type":"","background-media":"","overlay-type":"","overlay-color":"","overlay-opacity":"","overlay-gradient":""}},"ast-content-background-meta":{"desktop":{"background-color":"var(--ast-global-color-5)","background-image":"","background-repeat":"repeat","background-position":"center center","background-size":"auto","background-attachment":"scroll","background-type":"","background-media":"","overlay-type":"","overlay-color":"","overlay-opacity":"","overlay-gradient":""},"tablet":{"background-color":"var(--ast-global-color-5)","background-image":"","background-repeat":"repeat","background-position":"center center","background-size":"auto","background-attachment":"scroll","background-type":"","background-media":"","overlay-type":"","overlay-color":"","overlay-opacity":"","overlay-gradient":""},"mobile":{"background-color":"var(--ast-global-color-5)","background-image":"","background-repeat":"repeat","background-position":"center center","background-size":"auto","background-attachment":"scroll","background-type":"","background-media":"","overlay-type":"","overlay-color":"","overlay-opacity":"","overlay-gradient":""}},"footnotes":""},"categories":[505,65,296,1531,878,29,76],"tags":[889,1555,1497,1556],"class_list":["post-18203","post","type-post","status-publish","format-standard","has-post-thumbnail","hentry","category-coeducacio","category-crp","category-full-novetats-crp","category-novetats-octubre-2023","category-ods-5","category-portada","category-recursos","tag-divendrescoeducatiu","tag-divendrescoeducatiu2324","tag-curs-23-24","tag-dones-silenciades"],"post_mailing_queue_ids":[],"_links":{"self":[{"href":"https:\/\/serveiseducatius.xtec.cat\/riberadebre\/wp-json\/wp\/v2\/posts\/18203","targetHints":{"allow":["GET"]}}],"collection":[{"href":"https:\/\/serveiseducatius.xtec.cat\/riberadebre\/wp-json\/wp\/v2\/posts"}],"about":[{"href":"https:\/\/serveiseducatius.xtec.cat\/riberadebre\/wp-json\/wp\/v2\/types\/post"}],"author":[{"embeddable":true,"href":"https:\/\/serveiseducatius.xtec.cat\/riberadebre\/wp-json\/wp\/v2\/users\/9"}],"replies":[{"embeddable":true,"href":"https:\/\/serveiseducatius.xtec.cat\/riberadebre\/wp-json\/wp\/v2\/comments?post=18203"}],"version-history":[{"count":1,"href":"https:\/\/serveiseducatius.xtec.cat\/riberadebre\/wp-json\/wp\/v2\/posts\/18203\/revisions"}],"predecessor-version":[{"id":18205,"href":"https:\/\/serveiseducatius.xtec.cat\/riberadebre\/wp-json\/wp\/v2\/posts\/18203\/revisions\/18205"}],"wp:featuredmedia":[{"embeddable":true,"href":"https:\/\/serveiseducatius.xtec.cat\/riberadebre\/wp-json\/wp\/v2\/media\/18204"}],"wp:attachment":[{"href":"https:\/\/serveiseducatius.xtec.cat\/riberadebre\/wp-json\/wp\/v2\/media?parent=18203"}],"wp:term":[{"taxonomy":"category","embeddable":true,"href":"https:\/\/serveiseducatius.xtec.cat\/riberadebre\/wp-json\/wp\/v2\/categories?post=18203"},{"taxonomy":"post_tag","embeddable":true,"href":"https:\/\/serveiseducatius.xtec.cat\/riberadebre\/wp-json\/wp\/v2\/tags?post=18203"}],"curies":[{"name":"wp","href":"https:\/\/api.w.org\/{rel}","templated":true}]}}