{"id":18200,"date":"2023-09-22T09:30:01","date_gmt":"2023-09-22T07:30:01","guid":{"rendered":"https:\/\/serveiseducatius.xtec.cat\/riberadebre\/?p=18200"},"modified":"2023-10-04T10:05:57","modified_gmt":"2023-10-04T08:05:57","slug":"programa-fem-i-compartim-2023","status":"publish","type":"post","link":"https:\/\/serveiseducatius.xtec.cat\/riberadebre\/portada\/programa-fem-i-compartim-2023\/","title":{"rendered":"Programa Fem i Compartim 2023 &#8211; Recull d&#8217;experi\u00e8ncies"},"content":{"rendered":"<p><a href=\"https:\/\/serveiseducatius.xtec.cat\/riberadebre\/wp-content\/uploads\/usu1126\/2023\/09\/Programa-FEM-I-COMPARTIM-Virtual-pfzRibera-dEbre-2023-24_page-0001.jpg\"><img loading=\"lazy\" decoding=\"async\" class=\"alignnone wp-image-18201\" src=\"https:\/\/serveiseducatius.xtec.cat\/riberadebre\/wp-content\/uploads\/usu1126\/2023\/09\/Programa-FEM-I-COMPARTIM-Virtual-pfzRibera-dEbre-2023-24_page-0001-724x1024.jpg\" alt=\"\" width=\"378\" height=\"535\" srcset=\"https:\/\/serveiseducatius.xtec.cat\/riberadebre\/wp-content\/uploads\/usu1126\/2023\/09\/Programa-FEM-I-COMPARTIM-Virtual-pfzRibera-dEbre-2023-24_page-0001-724x1024.jpg 724w, https:\/\/serveiseducatius.xtec.cat\/riberadebre\/wp-content\/uploads\/usu1126\/2023\/09\/Programa-FEM-I-COMPARTIM-Virtual-pfzRibera-dEbre-2023-24_page-0001-212x300.jpg 212w, https:\/\/serveiseducatius.xtec.cat\/riberadebre\/wp-content\/uploads\/usu1126\/2023\/09\/Programa-FEM-I-COMPARTIM-Virtual-pfzRibera-dEbre-2023-24_page-0001-768x1086.jpg 768w, https:\/\/serveiseducatius.xtec.cat\/riberadebre\/wp-content\/uploads\/usu1126\/2023\/09\/Programa-FEM-I-COMPARTIM-Virtual-pfzRibera-dEbre-2023-24_page-0001-1086x1536.jpg 1086w, https:\/\/serveiseducatius.xtec.cat\/riberadebre\/wp-content\/uploads\/usu1126\/2023\/09\/Programa-FEM-I-COMPARTIM-Virtual-pfzRibera-dEbre-2023-24_page-0001.jpg 1241w\" sizes=\"auto, (max-width: 378px) 100vw, 378px\" \/><\/a><\/p>\n<p>Des del PFZ tenim organitzada la nostra estimada jornada\u00a0<strong>\u201cCompartim Experi\u00e8ncies de centres docents\u201d <\/strong>en format <strong>virtual <\/strong>a la que convidem a assistir a tot el personal docent de la Ribera d\u2019Ebre.<\/p>\n<p><strong>Data:<\/strong> dimarts 26 de setembre<\/p>\n<p><strong>Hora:<\/strong> 17.30h. Via Meet (<em>Enviarem l\u2019enlla\u00e7 per accedir a la sessi\u00f3 virtual per correu electr\u00f2nic als participants, pr\u00e8via inscripci\u00f3. Recordeu que heu d&#8217;accedir al Meet amb sessi\u00f3 correu Xtec)<\/em><\/p>\n<p><strong>Codi activitat<\/strong> PFZ<\/p>\n<table style=\"width: 59.7459%;\" border=\"0\" width=\"675\" cellspacing=\"2\" cellpadding=\"0\">\n<tbody>\n<tr>\n<td style=\"width: 10.0076%;\" valign=\"TOP\"><span style=\"font-family: arial, helvetica, geneva; font-size: small;\">8080271808<\/span><\/td>\n<td style=\"width: 52.4886%;\" valign=\"TOP\"><span style=\"font-family: arial, helvetica, geneva; font-size: small;\"><b><a href=\"https:\/\/aplicacions.gestioeducativa.gencat.cat\/pls\/soloas\/pk_for_mod_ins.p_for_detall_activitat?p_header=Llista%20d%27activitats^pk_for_mod_ins.p_for_cons_activitats?p_crp=808%26p_any=2023-2024%26p_totes=N%26p_inici=21%26p_excloure_crp_rec=T&amp;p_codi=8080271808&amp;p_curs=2023-2024&amp;p_excloure_crp_rec=T\">Fem i Compartim experi\u00e8ncies a la Ribera d&#8217;Ebre<\/a><\/b><\/span><\/td>\n<\/tr>\n<\/tbody>\n<\/table>\n<p>En primer lloc podrem gaudir de la xerrada &#8220;<em><strong>Autodescobriment i presa de decisions per a docents compromesos<\/strong><\/em>&#8221; a c\u00e0rrec d&#8217;<a href=\"https:\/\/annallenasterapeuta.com\/ca\/\" target=\"_blank\" rel=\"noopener\"><strong>Anna Llenas<\/strong><\/a>, psicopedagoga i assessora de programes de millora per a equips docents.<\/p>\n<p><strong>Objectius de la jornada:<\/strong><\/p>\n<ul>\n<li>Compartir experi\u00e8ncies did\u00e0ctiques entre els centres docents.<\/li>\n<li>Con\u00e8ixer i donar valor a les bones pr\u00e0ctiques educatives compartides.<\/li>\n<\/ul>\n<p><strong>Bones pr\u00e0ctiques que es compartiran:\u00a0<\/strong><\/p>\n<ul>\n<li><em><strong><a href=\"https:\/\/serveiseducatius.xtec.cat\/riberadebre\/portada\/zer-ebre-al-fem-i-compartim-a-la-ribera\/\" target=\"_blank\" rel=\"noopener\">Els forns d&#8217;oli de ginebre<\/a>.<\/strong><\/em> ZER Ebre<\/li>\n<li><a href=\"https:\/\/serveiseducatius.xtec.cat\/riberadebre\/general\/escola-de-tivissa-al-fem-i-compartim-setembre-2023\/\" target=\"_blank\" rel=\"noopener\"><em><strong>L&#8217;escola de Tivissa es converteix en un museu de l&#8217;Antic Egipte<\/strong><\/em><\/a>. ESC Marcel\u00b7l\u00ed Domingo.<\/li>\n<li><a href=\"https:\/\/serveiseducatius.xtec.cat\/riberadebre\/portada\/ins-flix-al-fem-i-compartim-setembre-2023\/\" target=\"_blank\" rel=\"noopener\"><em><strong>Auques, c\u00f2mics i jocs<\/strong><\/em><\/a>. INS Flix<\/li>\n<li><a href=\"https:\/\/serveiseducatius.xtec.cat\/riberadebre\/portada\/cda-flix-al-fem-i-compartim-setembre-2023\/\" target=\"_blank\" rel=\"noopener\"><em><strong>Los Fardatxets<\/strong><\/em>.<\/a> <em><strong>Vivint amb una mirada educativa els espais naturals comarcals.<\/strong><\/em> CdA Flix.<\/li>\n<li><a href=\"https:\/\/serveiseducatius.xtec.cat\/riberadebre\/portada\/ie-3-dabril-al-fem-i-compartim-setembre-2023\/\" target=\"_blank\" rel=\"noopener\"><em><strong>Punt Lila Irisat<\/strong><\/em>.<\/a> IE 3 d&#8217;Abril<\/li>\n<\/ul>\n","protected":false},"excerpt":{"rendered":"<p>Des del PFZ tenim organitzada la nostra estimada jornada\u00a0\u201cCompartim Experi\u00e8ncies de centres docents\u201d en format virtual a la que convidem a assistir a tot el personal docent de la Ribera d\u2019Ebre. Data: dimarts 26 de setembre Hora: 17.30h. Via Meet (Enviarem l\u2019enlla\u00e7 per accedir a la sessi\u00f3 virtual per correu electr\u00f2nic als participants, pr\u00e8via inscripci\u00f3. [&hellip;]<\/p>\n","protected":false},"author":9,"featured_media":18201,"comment_status":"open","ping_status":"closed","sticky":false,"template":"","format":"standard","meta":{"_bbp_topic_count":0,"_bbp_reply_count":0,"_bbp_total_topic_count":0,"_bbp_total_reply_count":0,"_bbp_voice_count":0,"_bbp_anonymous_reply_count":0,"_bbp_topic_count_hidden":0,"_bbp_reply_count_hidden":0,"_bbp_forum_subforum_count":0,"site-sidebar-layout":"default","site-content-layout":"","ast-site-content-layout":"","site-content-style":"default","site-sidebar-style":"default","ast-global-header-display":"","ast-banner-title-visibility":"","ast-main-header-display":"","ast-hfb-above-header-display":"","ast-hfb-below-header-display":"","ast-hfb-mobile-header-display":"","site-post-title":"","ast-breadcrumbs-content":"","ast-featured-img":"","footer-sml-layout":"","theme-transparent-header-meta":"","adv-header-id-meta":"","stick-header-meta":"","header-above-stick-meta":"","header-main-stick-meta":"","header-below-stick-meta":"","astra-migrate-meta-layouts":"default","ast-page-background-enabled":"default","ast-page-background-meta":{"desktop":{"background-color":"var(--ast-global-color-4)","background-image":"","background-repeat":"repeat","background-position":"center center","background-size":"auto","background-attachment":"scroll","background-type":"","background-media":"","overlay-type":"","overlay-color":"","overlay-opacity":"","overlay-gradient":""},"tablet":{"background-color":"","background-image":"","background-repeat":"repeat","background-position":"center center","background-size":"auto","background-attachment":"scroll","background-type":"","background-media":"","overlay-type":"","overlay-color":"","overlay-opacity":"","overlay-gradient":""},"mobile":{"background-color":"","background-image":"","background-repeat":"repeat","background-position":"center center","background-size":"auto","background-attachment":"scroll","background-type":"","background-media":"","overlay-type":"","overlay-color":"","overlay-opacity":"","overlay-gradient":""}},"ast-content-background-meta":{"desktop":{"background-color":"var(--ast-global-color-5)","background-image":"","background-repeat":"repeat","background-position":"center center","background-size":"auto","background-attachment":"scroll","background-type":"","background-media":"","overlay-type":"","overlay-color":"","overlay-opacity":"","overlay-gradient":""},"tablet":{"background-color":"var(--ast-global-color-5)","background-image":"","background-repeat":"repeat","background-position":"center center","background-size":"auto","background-attachment":"scroll","background-type":"","background-media":"","overlay-type":"","overlay-color":"","overlay-opacity":"","overlay-gradient":""},"mobile":{"background-color":"var(--ast-global-color-5)","background-image":"","background-repeat":"repeat","background-position":"center center","background-size":"auto","background-attachment":"scroll","background-type":"","background-media":"","overlay-type":"","overlay-color":"","overlay-opacity":"","overlay-gradient":""}},"footnotes":""},"categories":[499,65,251,308,154,296,310,504,1531,153,29,76],"tags":[1554,1497,1553,1044],"class_list":["post-18200","post","type-post","status-publish","format-standard","has-post-thumbnail","hentry","category-bones-practiques","category-crp","category-dinamica-educativa","category-escoles","category-formacio","category-full-novetats-crp","category-institut","category-jornades","category-novetats-octubre-2023","category-pfz","category-portada","category-recursos","tag-femicompartimriberadebre","tag-curs-23-24","tag-fem-i-compartim-2023","tag-fem-i-compartim-virtual"],"post_mailing_queue_ids":[],"_links":{"self":[{"href":"https:\/\/serveiseducatius.xtec.cat\/riberadebre\/wp-json\/wp\/v2\/posts\/18200","targetHints":{"allow":["GET"]}}],"collection":[{"href":"https:\/\/serveiseducatius.xtec.cat\/riberadebre\/wp-json\/wp\/v2\/posts"}],"about":[{"href":"https:\/\/serveiseducatius.xtec.cat\/riberadebre\/wp-json\/wp\/v2\/types\/post"}],"author":[{"embeddable":true,"href":"https:\/\/serveiseducatius.xtec.cat\/riberadebre\/wp-json\/wp\/v2\/users\/9"}],"replies":[{"embeddable":true,"href":"https:\/\/serveiseducatius.xtec.cat\/riberadebre\/wp-json\/wp\/v2\/comments?post=18200"}],"version-history":[{"count":4,"href":"https:\/\/serveiseducatius.xtec.cat\/riberadebre\/wp-json\/wp\/v2\/posts\/18200\/revisions"}],"predecessor-version":[{"id":18287,"href":"https:\/\/serveiseducatius.xtec.cat\/riberadebre\/wp-json\/wp\/v2\/posts\/18200\/revisions\/18287"}],"wp:featuredmedia":[{"embeddable":true,"href":"https:\/\/serveiseducatius.xtec.cat\/riberadebre\/wp-json\/wp\/v2\/media\/18201"}],"wp:attachment":[{"href":"https:\/\/serveiseducatius.xtec.cat\/riberadebre\/wp-json\/wp\/v2\/media?parent=18200"}],"wp:term":[{"taxonomy":"category","embeddable":true,"href":"https:\/\/serveiseducatius.xtec.cat\/riberadebre\/wp-json\/wp\/v2\/categories?post=18200"},{"taxonomy":"post_tag","embeddable":true,"href":"https:\/\/serveiseducatius.xtec.cat\/riberadebre\/wp-json\/wp\/v2\/tags?post=18200"}],"curies":[{"name":"wp","href":"https:\/\/api.w.org\/{rel}","templated":true}]}}