{"id":18154,"date":"2023-09-05T08:15:44","date_gmt":"2023-09-05T06:15:44","guid":{"rendered":"https:\/\/serveiseducatius.xtec.cat\/riberadebre\/?p=18154"},"modified":"2023-09-04T09:32:54","modified_gmt":"2023-09-04T07:32:54","slug":"borsa-formadors-i-formadores-de-larea-de-cultura-digital","status":"publish","type":"post","link":"https:\/\/serveiseducatius.xtec.cat\/riberadebre\/portada\/borsa-formadors-i-formadores-de-larea-de-cultura-digital\/","title":{"rendered":"Borsa formadors i formadores de l&#8217;\u00c0rea de Cultura Digital"},"content":{"rendered":"<p>Oberta inscripci\u00f3 a la borsa \u00a0de persones formadores i expertes en tecnologia digital educativa que puguin cobrir les necessitats formatives del Departament d&#8217;Educaci\u00f3 en aquest \u00e0mbit.<\/p>\n<p><em><strong>Normativa:<\/strong> <\/em><a href=\"https:\/\/documents.espai.educacio.gencat.cat\/IPCNormativa\/DisposicionsInternes\/20230828-Resolucio-borsa-formadors-cultura-digital.pdf\" target=\"_blank\" rel=\"noopener\">Resoluci\u00f3 de 29 d&#8217;agost de 2023<\/a>.<\/p>\n<p><em><strong>Termini d&#8217;inscripci\u00f3:<\/strong><\/em> des de l&#8217;1 de setembre durant tot el curs.<\/p>\n<p><em><strong>Sol\u00b7licitud d&#8217;admissi\u00f3:<\/strong><\/em> cal omplir un <a href=\"https:\/\/form.typeform.com\/to\/UpqIsWJk?typeform-source=espai.educacio.gencat.cat\" target=\"_blank\" rel=\"noopener\">formulari<\/a> i adjuntar la informaci\u00f3 requerida (diferent segons si es tracta de docent funcionari o docent no funcionari).<\/p>\n<p>Disposeu de tota la informaci\u00f3, <a href=\"https:\/\/espai.educacio.gencat.cat\/Personal\/Concursos-oposicions\/Borses-treball\/Borsa-formadors-cultura-digital\/Pagines\/default.aspx\" target=\"_blank\" rel=\"noopener\">clicant aqu\u00ed<\/a>.<\/p>\n<p><a href=\"https:\/\/serveiseducatius.xtec.cat\/riberadebre\/wp-content\/uploads\/usu1126\/2023\/09\/1693318687253.jpg\"><img loading=\"lazy\" decoding=\"async\" class=\"alignnone  wp-image-18155\" src=\"https:\/\/serveiseducatius.xtec.cat\/riberadebre\/wp-content\/uploads\/usu1126\/2023\/09\/1693318687253.jpg\" alt=\"\" width=\"519\" height=\"292\" srcset=\"https:\/\/serveiseducatius.xtec.cat\/riberadebre\/wp-content\/uploads\/usu1126\/2023\/09\/1693318687253.jpg 553w, https:\/\/serveiseducatius.xtec.cat\/riberadebre\/wp-content\/uploads\/usu1126\/2023\/09\/1693318687253-300x169.jpg 300w\" sizes=\"auto, (max-width: 519px) 100vw, 519px\" \/><\/a><\/p>\n<p>&nbsp;<\/p>\n","protected":false},"excerpt":{"rendered":"<p>Oberta inscripci\u00f3 a la borsa \u00a0de persones formadores i expertes en tecnologia digital educativa que puguin cobrir les necessitats formatives del Departament d&#8217;Educaci\u00f3 en aquest \u00e0mbit. Normativa: Resoluci\u00f3 de 29 d&#8217;agost de 2023. Termini d&#8217;inscripci\u00f3: des de l&#8217;1 de setembre durant tot el curs. Sol\u00b7licitud d&#8217;admissi\u00f3: cal omplir un formulari i adjuntar la informaci\u00f3 requerida [&hellip;]<\/p>\n","protected":false},"author":9,"featured_media":18155,"comment_status":"open","ping_status":"closed","sticky":false,"template":"","format":"standard","meta":{"_bbp_topic_count":0,"_bbp_reply_count":0,"_bbp_total_topic_count":0,"_bbp_total_reply_count":0,"_bbp_voice_count":0,"_bbp_anonymous_reply_count":0,"_bbp_topic_count_hidden":0,"_bbp_reply_count_hidden":0,"_bbp_forum_subforum_count":0,"site-sidebar-layout":"default","site-content-layout":"","ast-site-content-layout":"","site-content-style":"default","site-sidebar-style":"default","ast-global-header-display":"","ast-banner-title-visibility":"","ast-main-header-display":"","ast-hfb-above-header-display":"","ast-hfb-below-header-display":"","ast-hfb-mobile-header-display":"","site-post-title":"","ast-breadcrumbs-content":"","ast-featured-img":"","footer-sml-layout":"","theme-transparent-header-meta":"","adv-header-id-meta":"","stick-header-meta":"","header-above-stick-meta":"","header-main-stick-meta":"","header-below-stick-meta":"","astra-migrate-meta-layouts":"default","ast-page-background-enabled":"default","ast-page-background-meta":{"desktop":{"background-color":"var(--ast-global-color-4)","background-image":"","background-repeat":"repeat","background-position":"center center","background-size":"auto","background-attachment":"scroll","background-type":"","background-media":"","overlay-type":"","overlay-color":"","overlay-opacity":"","overlay-gradient":""},"tablet":{"background-color":"","background-image":"","background-repeat":"repeat","background-position":"center center","background-size":"auto","background-attachment":"scroll","background-type":"","background-media":"","overlay-type":"","overlay-color":"","overlay-opacity":"","overlay-gradient":""},"mobile":{"background-color":"","background-image":"","background-repeat":"repeat","background-position":"center center","background-size":"auto","background-attachment":"scroll","background-type":"","background-media":"","overlay-type":"","overlay-color":"","overlay-opacity":"","overlay-gradient":""}},"ast-content-background-meta":{"desktop":{"background-color":"var(--ast-global-color-5)","background-image":"","background-repeat":"repeat","background-position":"center center","background-size":"auto","background-attachment":"scroll","background-type":"","background-media":"","overlay-type":"","overlay-color":"","overlay-opacity":"","overlay-gradient":""},"tablet":{"background-color":"var(--ast-global-color-5)","background-image":"","background-repeat":"repeat","background-position":"center center","background-size":"auto","background-attachment":"scroll","background-type":"","background-media":"","overlay-type":"","overlay-color":"","overlay-opacity":"","overlay-gradient":""},"mobile":{"background-color":"var(--ast-global-color-5)","background-image":"","background-repeat":"repeat","background-position":"center center","background-size":"auto","background-attachment":"scroll","background-type":"","background-media":"","overlay-type":"","overlay-color":"","overlay-opacity":"","overlay-gradient":""}},"footnotes":""},"categories":[65,308,154,310,29,534,859],"tags":[1338,1541,1542,1497,1327],"class_list":["post-18154","post","type-post","status-publish","format-standard","has-post-thumbnail","hentry","category-crp","category-escoles","category-formacio","category-institut","category-portada","category-xarxa-digital","category-xtcd","tag-acd","tag-area-de-cultura-digital","tag-borsa-formacio-acd","tag-curs-23-24","tag-formacio-cultura-digital"],"post_mailing_queue_ids":[],"_links":{"self":[{"href":"https:\/\/serveiseducatius.xtec.cat\/riberadebre\/wp-json\/wp\/v2\/posts\/18154","targetHints":{"allow":["GET"]}}],"collection":[{"href":"https:\/\/serveiseducatius.xtec.cat\/riberadebre\/wp-json\/wp\/v2\/posts"}],"about":[{"href":"https:\/\/serveiseducatius.xtec.cat\/riberadebre\/wp-json\/wp\/v2\/types\/post"}],"author":[{"embeddable":true,"href":"https:\/\/serveiseducatius.xtec.cat\/riberadebre\/wp-json\/wp\/v2\/users\/9"}],"replies":[{"embeddable":true,"href":"https:\/\/serveiseducatius.xtec.cat\/riberadebre\/wp-json\/wp\/v2\/comments?post=18154"}],"version-history":[{"count":1,"href":"https:\/\/serveiseducatius.xtec.cat\/riberadebre\/wp-json\/wp\/v2\/posts\/18154\/revisions"}],"predecessor-version":[{"id":18156,"href":"https:\/\/serveiseducatius.xtec.cat\/riberadebre\/wp-json\/wp\/v2\/posts\/18154\/revisions\/18156"}],"wp:featuredmedia":[{"embeddable":true,"href":"https:\/\/serveiseducatius.xtec.cat\/riberadebre\/wp-json\/wp\/v2\/media\/18155"}],"wp:attachment":[{"href":"https:\/\/serveiseducatius.xtec.cat\/riberadebre\/wp-json\/wp\/v2\/media?parent=18154"}],"wp:term":[{"taxonomy":"category","embeddable":true,"href":"https:\/\/serveiseducatius.xtec.cat\/riberadebre\/wp-json\/wp\/v2\/categories?post=18154"},{"taxonomy":"post_tag","embeddable":true,"href":"https:\/\/serveiseducatius.xtec.cat\/riberadebre\/wp-json\/wp\/v2\/tags?post=18154"}],"curies":[{"name":"wp","href":"https:\/\/api.w.org\/{rel}","templated":true}]}}