{"id":17989,"date":"2023-06-14T08:15:44","date_gmt":"2023-06-14T06:15:44","guid":{"rendered":"https:\/\/serveiseducatius.xtec.cat\/riberadebre\/?p=17989"},"modified":"2023-07-06T14:21:14","modified_gmt":"2023-07-06T12:21:14","slug":"full-novetats-juny-2023","status":"publish","type":"post","link":"https:\/\/serveiseducatius.xtec.cat\/riberadebre\/general\/full-novetats-juny-2023\/","title":{"rendered":"FULL NOVETATS JUNY 2023"},"content":{"rendered":"<p><a href=\"https:\/\/serveiseducatius.xtec.cat\/riberadebre\/wp-content\/uploads\/usu1126\/2023\/06\/Cream-and-Brown-Modern-Quiz-Education-Presentation.jpg\"><img loading=\"lazy\" decoding=\"async\" class=\"alignnone wp-image-17990\" src=\"https:\/\/serveiseducatius.xtec.cat\/riberadebre\/wp-content\/uploads\/usu1126\/2023\/06\/Cream-and-Brown-Modern-Quiz-Education-Presentation-1024x576.jpg\" alt=\"\" width=\"267\" height=\"150\" srcset=\"https:\/\/serveiseducatius.xtec.cat\/riberadebre\/wp-content\/uploads\/usu1126\/2023\/06\/Cream-and-Brown-Modern-Quiz-Education-Presentation-1024x576.jpg 1024w, https:\/\/serveiseducatius.xtec.cat\/riberadebre\/wp-content\/uploads\/usu1126\/2023\/06\/Cream-and-Brown-Modern-Quiz-Education-Presentation-300x169.jpg 300w, https:\/\/serveiseducatius.xtec.cat\/riberadebre\/wp-content\/uploads\/usu1126\/2023\/06\/Cream-and-Brown-Modern-Quiz-Education-Presentation-768x432.jpg 768w, https:\/\/serveiseducatius.xtec.cat\/riberadebre\/wp-content\/uploads\/usu1126\/2023\/06\/Cream-and-Brown-Modern-Quiz-Education-Presentation-1536x864.jpg 1536w, https:\/\/serveiseducatius.xtec.cat\/riberadebre\/wp-content\/uploads\/usu1126\/2023\/06\/Cream-and-Brown-Modern-Quiz-Education-Presentation.jpg 1920w\" sizes=\"auto, (max-width: 267px) 100vw, 267px\" \/><\/a><\/p>\n<p><strong>FULL DE NOVETATS<\/strong> corresponent al mes de JUNY 2023 (<strong><a href=\"https:\/\/serveiseducatius.xtec.cat\/riberadebre\/categoria\/recursos\/full-novetats-crp\/novetats-juny-2023\/\" target=\"_blank\" rel=\"noopener\">cliqueu enlla\u00e7 per accedir-hi<\/a><\/strong>). De tots els recursos que hem anat publicant durant els dos \u00faltims mesos destaquem:<\/p>\n<p><a href=\"https:\/\/serveiseducatius.xtec.cat\/riberadebre\/portada\/monografic-coeducacio-3r-trimestre-22-23-divendrescoeducatiu\/\" target=\"_blank\" rel=\"noopener\"><img loading=\"lazy\" decoding=\"async\" class=\"alignnone wp-image-17959\" src=\"https:\/\/serveiseducatius.xtec.cat\/riberadebre\/wp-content\/uploads\/usu1126\/2023\/06\/Monografic-coeducacio-juny-23-1024x576.png\" alt=\"\" width=\"84\" height=\"47\" srcset=\"https:\/\/serveiseducatius.xtec.cat\/riberadebre\/wp-content\/uploads\/usu1126\/2023\/06\/Monografic-coeducacio-juny-23-1024x576.png 1024w, https:\/\/serveiseducatius.xtec.cat\/riberadebre\/wp-content\/uploads\/usu1126\/2023\/06\/Monografic-coeducacio-juny-23-300x169.png 300w, https:\/\/serveiseducatius.xtec.cat\/riberadebre\/wp-content\/uploads\/usu1126\/2023\/06\/Monografic-coeducacio-juny-23-768x432.png 768w, https:\/\/serveiseducatius.xtec.cat\/riberadebre\/wp-content\/uploads\/usu1126\/2023\/06\/Monografic-coeducacio-juny-23-1536x864.png 1536w, https:\/\/serveiseducatius.xtec.cat\/riberadebre\/wp-content\/uploads\/usu1126\/2023\/06\/Monografic-coeducacio-juny-23.png 1920w\" sizes=\"auto, (max-width: 84px) 100vw, 84px\" \/><strong>Monogr\u00e0fic de coeducaci\u00f3<\/strong><\/a>.<img loading=\"lazy\" decoding=\"async\" class=\"\" src=\"https:\/\/abs-0.twimg.com\/emoji\/v2\/svg\/1f517.svg\" alt=\"\ud83d\udd17\" width=\"12\" height=\"12\" \/>Edici\u00f3 trimestral de recursos coeducatius organtizada en quatre \u00e0mbits: estereotips de g\u00e8nere, diversitat sexual, prevenci\u00f3 de viol\u00e8ncies i educaci\u00f3 afectivo sexual.<\/p>\n<p><a href=\"https:\/\/serveiseducatius.xtec.cat\/riberadebre\/general\/repositori-eas-cesire\/\" target=\"_blank\" rel=\"noopener\"><img loading=\"lazy\" decoding=\"async\" class=\"alignnone wp-image-17677\" src=\"https:\/\/serveiseducatius.xtec.cat\/riberadebre\/wp-content\/uploads\/usu1126\/2023\/05\/EAS.jpg\" alt=\"\" width=\"101\" height=\"32\" srcset=\"https:\/\/serveiseducatius.xtec.cat\/riberadebre\/wp-content\/uploads\/usu1126\/2023\/05\/EAS.jpg 680w, https:\/\/serveiseducatius.xtec.cat\/riberadebre\/wp-content\/uploads\/usu1126\/2023\/05\/EAS-300x95.jpg 300w\" sizes=\"auto, (max-width: 101px) 100vw, 101px\" \/><\/a><img loading=\"lazy\" decoding=\"async\" class=\"\" src=\"https:\/\/abs-0.twimg.com\/emoji\/v2\/svg\/1f517.svg\" alt=\"\ud83d\udd17\" width=\"13\" height=\"13\" \/><a href=\"https:\/\/serveiseducatius.xtec.cat\/riberadebre\/general\/repositori-eas-cesire\/\" target=\"_blank\" rel=\"noopener\"><strong>\u00a0EAS del Cesire<\/strong><\/a>.<em>S\u00f3n propostes did\u00e0ctiques que han estat dissenyades a partir de contextos que parteixen d\u2019algun problema socialment rellevant (PSR) i que donen resposta a les preguntes del\u00a0<a href=\"https:\/\/serveiseducatius.xtec.cat\/cesire\/tetraedre\/\" target=\"_blank\" rel=\"noopener\"><strong>Tetraedre de l\u2019Aprenentatge amb Sentit<\/strong><\/a>\u00a0(TAS).\u00a0<\/em>Les trobareu classificades per etapes educatives.<\/p>\n<p><strong><a href=\"https:\/\/serveiseducatius.xtec.cat\/riberadebre\/wp-content\/uploads\/usu1126\/2023\/05\/baixa-2.png\"><img loading=\"lazy\" decoding=\"async\" class=\"alignnone wp-image-17724\" src=\"https:\/\/serveiseducatius.xtec.cat\/riberadebre\/wp-content\/uploads\/usu1126\/2023\/05\/baixa-2.png\" alt=\"\" width=\"63\" height=\"38\" \/><\/a>Recursos relacionats amb la prevenci\u00f3 del bullying<\/strong>:<\/p>\n<ul style=\"list-style-type: circle;\">\n<li><strong><a href=\"https:\/\/serveiseducatius.xtec.cat\/riberadebre\/general\/capsules-audio-manual-practic-antibullying-per-a-docents-i-families\/\" target=\"_blank\" rel=\"noopener\">C\u00e0psules \u00e0udio.<\/a> Manual pr\u00e0ctic antibullying per a docents i fam\u00edlies.<\/strong> Recull de 33 c\u00e0psules d\u2019\u00e0udio d\u2019un minut i mig cadascuna disponibles a la web\u00a0<a href=\"https:\/\/pdabullying.com\/ca\/inici\" target=\"_blank\" rel=\"noopener\"><strong>PDA Bullying<\/strong><\/a>. S\u00f3n un extracte del programa de r\u00e0dio \u201cL\u2019ofici d\u2019educar\u201d. Van a c\u00e0rrec d\u2019Oriol Juli\u00e0 de SEER (<a href=\"https:\/\/salutieducacioemocional.com\/\" target=\"_blank\" rel=\"noopener\">Salut i Educaci\u00f3 Emocional<\/a>). Passos a seguir i tenir en compte com a societat i com a instituci\u00f3.<\/li>\n<li><strong><a href=\"https:\/\/serveiseducatius.xtec.cat\/riberadebre\/general\/conferencia-acompanyar-a-qui-ocupa-el-rol-dagressor-en-situacions-de-bullying-estrategies-per-a-la-transicio-emocional\/\" target=\"_blank\" rel=\"noopener\">Confer\u00e8ncies<\/a> &#8220;Acompanyar a qui ocupa el rol d&#8217;agressor\/a en situacions de bullying&#8221;<\/strong>. Confer\u00e8ncies en l\u00ednia en les que s\u2019ofereixen estrat\u00e8gies emocionals per acompanyar infants i adolescents que assetgen companys\/es d\u2019escola, a c\u00e0rrec de Ramiro A. Orteg\u00f3n de l\u2019Equip <a href=\"https:\/\/salutieducacioemocional.com\/\" target=\"_blank\" rel=\"noopener\">SEER i\u00a0<\/a>de\u00a0<a href=\"https:\/\/pdabullying.com\/\" target=\"_blank\" rel=\"noopener\">PDA Bullying<\/a>. Organitzades per <a href=\"https:\/\/dixit.gencat.cat\/ca\/inici\/\" target=\"_blank\" rel=\"noopener\">DIXIT<\/a>, centre de documentaci\u00f3 de serveis socials de la Generalitat de Catalunya.<\/li>\n<\/ul>\n<p><a href=\"https:\/\/serveiseducatius.xtec.cat\/riberadebre\/wp-content\/uploads\/usu1126\/2022\/09\/XTCD.jpg\"><img loading=\"lazy\" decoding=\"async\" class=\"alignnone wp-image-16344\" src=\"https:\/\/serveiseducatius.xtec.cat\/riberadebre\/wp-content\/uploads\/usu1126\/2022\/09\/XTCD.jpg\" alt=\"\" width=\"87\" height=\"28\" srcset=\"https:\/\/serveiseducatius.xtec.cat\/riberadebre\/wp-content\/uploads\/usu1126\/2022\/09\/XTCD.jpg 395w, https:\/\/serveiseducatius.xtec.cat\/riberadebre\/wp-content\/uploads\/usu1126\/2022\/09\/XTCD-300x96.jpg 300w\" sizes=\"auto, (max-width: 87px) 100vw, 87px\" \/><\/a><strong>Recursos \u00e0mbit digital\u00a0<\/strong><\/p>\n<ul style=\"list-style-type: circle;\">\n<li><a href=\"https:\/\/serveiseducatius.xtec.cat\/riberadebre\/general\/web-digital-informacio-segons-perfils-novetat\/\" target=\"_blank\" rel=\"noopener\"><strong>Novetat a la Web Digital.<\/strong><\/a> Informaci\u00f3 organitzada segons perfils. La web Digital \u00e9s l&#8217;espai de refer\u00e8ncia que concentra tota la informaci\u00f3 relacionada amb la digitalitzaci\u00f3 dels centres educatius. Podeu accedir a la informaci\u00f3 segons quin sigui el vostre perfil docent (<i>equip directiu, comissi\u00f3 digital, coordinaci\u00f3 digital, docents).\u00a0<\/i><\/li>\n<li><a href=\"https:\/\/serveiseducatius.xtec.cat\/riberadebre\/portada\/microbitcatala-cat-recursos-microbit-en-catala\/\" target=\"_blank\" rel=\"noopener\"><strong>Web microbitcatal\u00e0.cat<\/strong><\/a>. P\u00e0gina web de recursos <a style=\"font-family: inherit; font-size: 1em;\" href=\"https:\/\/serveiseducatius.xtec.cat\/riberadebre\/general\/nova-maleta-robotica-maleta-microbit\/\" target=\"_blank\" rel=\"noopener\"><strong>Micro:bit<\/strong><\/a><span style=\"font-family: inherit; font-size: 1em;\">\u00a0en catal\u00e0. Creada per\u00a0<\/span><em style=\"font-family: inherit; font-size: 1em;\">un grup de docents voluntaris que estan centrant els seus esfor\u00e7os en la traducci\u00f3 de l\u2019entorn de programaci\u00f3 de micro:bit, aix\u00ed com tamb\u00e9 de la diferent documentaci\u00f3 i p\u00e0gines web de refer\u00e8ncia d\u2019aquesta placa de prototipat<\/em><span style=\"font-family: inherit; font-size: 1em;\">.<\/span><\/li>\n<\/ul>\n<p><a href=\"https:\/\/serveiseducatius.xtec.cat\/riberadebre\/wp-content\/uploads\/usu1126\/2023\/05\/bannerjpg-scaled-1.jpg\"><img loading=\"lazy\" decoding=\"async\" class=\"alignnone wp-image-17886\" src=\"https:\/\/serveiseducatius.xtec.cat\/riberadebre\/wp-content\/uploads\/usu1126\/2023\/05\/bannerjpg-scaled-1-1024x432.jpg\" alt=\"\" width=\"54\" height=\"23\" srcset=\"https:\/\/serveiseducatius.xtec.cat\/riberadebre\/wp-content\/uploads\/usu1126\/2023\/05\/bannerjpg-scaled-1-1024x432.jpg 1024w, https:\/\/serveiseducatius.xtec.cat\/riberadebre\/wp-content\/uploads\/usu1126\/2023\/05\/bannerjpg-scaled-1-300x126.jpg 300w, https:\/\/serveiseducatius.xtec.cat\/riberadebre\/wp-content\/uploads\/usu1126\/2023\/05\/bannerjpg-scaled-1-768x324.jpg 768w, https:\/\/serveiseducatius.xtec.cat\/riberadebre\/wp-content\/uploads\/usu1126\/2023\/05\/bannerjpg-scaled-1-1536x647.jpg 1536w, https:\/\/serveiseducatius.xtec.cat\/riberadebre\/wp-content\/uploads\/usu1126\/2023\/05\/bannerjpg-scaled-1-2048x863.jpg 2048w\" sizes=\"auto, (max-width: 54px) 100vw, 54px\" \/> <\/a><strong>Oferta formativa estiu<\/strong><\/p>\n<ul style=\"list-style-type: circle;\">\n<li><a href=\"https:\/\/serveiseducatius.xtec.cat\/riberadebre\/general\/escola-destiu-terres-de-lebre-del-3-al-13-de-juliol\/\" target=\"_blank\" rel=\"noopener\"><strong>Escola d&#8217;Estiu Terres de l&#8217;Ebre<\/strong><\/a>, del 3 al 13 de juliol. Presencial. Inscripcions a partir de l&#8217;1 de juny.<\/li>\n<li><a href=\"https:\/\/serveiseducatius.xtec.cat\/riberadebre\/portada\/oferta-de-capsules-formatives-kudis-i-macrokudis-torn-estiu\/\" target=\"_blank\" rel=\"noopener\"><strong>Oferta formaci\u00f3 digital estiu a l&#8217;Odissea<\/strong><\/a>. C\u00e0psules formatives, kudis i macrokudis. Inscripci\u00f3 directa des d&#8217;Odissea a partir del 26 de juny.<\/li>\n<\/ul>\n","protected":false},"excerpt":{"rendered":"<p>FULL DE NOVETATS corresponent al mes de JUNY 2023 (cliqueu enlla\u00e7 per accedir-hi). De tots els recursos que hem anat publicant durant els dos \u00faltims mesos destaquem: Monogr\u00e0fic de coeducaci\u00f3.Edici\u00f3 trimestral de recursos coeducatius organtizada en quatre \u00e0mbits: estereotips de g\u00e8nere, diversitat sexual, prevenci\u00f3 de viol\u00e8ncies i educaci\u00f3 afectivo sexual. \u00a0EAS del Cesire.S\u00f3n propostes did\u00e0ctiques [&hellip;]<\/p>\n","protected":false},"author":9,"featured_media":17990,"comment_status":"open","ping_status":"closed","sticky":false,"template":"","format":"standard","meta":{"_bbp_topic_count":0,"_bbp_reply_count":0,"_bbp_total_topic_count":0,"_bbp_total_reply_count":0,"_bbp_voice_count":0,"_bbp_anonymous_reply_count":0,"_bbp_topic_count_hidden":0,"_bbp_reply_count_hidden":0,"_bbp_forum_subforum_count":0,"site-sidebar-layout":"default","site-content-layout":"","ast-site-content-layout":"","site-content-style":"default","site-sidebar-style":"default","ast-global-header-display":"","ast-banner-title-visibility":"","ast-main-header-display":"","ast-hfb-above-header-display":"","ast-hfb-below-header-display":"","ast-hfb-mobile-header-display":"","site-post-title":"","ast-breadcrumbs-content":"","ast-featured-img":"","footer-sml-layout":"","theme-transparent-header-meta":"","adv-header-id-meta":"","stick-header-meta":"","header-above-stick-meta":"","header-main-stick-meta":"","header-below-stick-meta":"","astra-migrate-meta-layouts":"default","ast-page-background-enabled":"default","ast-page-background-meta":{"desktop":{"background-color":"var(--ast-global-color-4)","background-image":"","background-repeat":"repeat","background-position":"center center","background-size":"auto","background-attachment":"scroll","background-type":"","background-media":"","overlay-type":"","overlay-color":"","overlay-opacity":"","overlay-gradient":""},"tablet":{"background-color":"","background-image":"","background-repeat":"repeat","background-position":"center center","background-size":"auto","background-attachment":"scroll","background-type":"","background-media":"","overlay-type":"","overlay-color":"","overlay-opacity":"","overlay-gradient":""},"mobile":{"background-color":"","background-image":"","background-repeat":"repeat","background-position":"center center","background-size":"auto","background-attachment":"scroll","background-type":"","background-media":"","overlay-type":"","overlay-color":"","overlay-opacity":"","overlay-gradient":""}},"ast-content-background-meta":{"desktop":{"background-color":"var(--ast-global-color-5)","background-image":"","background-repeat":"repeat","background-position":"center center","background-size":"auto","background-attachment":"scroll","background-type":"","background-media":"","overlay-type":"","overlay-color":"","overlay-opacity":"","overlay-gradient":""},"tablet":{"background-color":"var(--ast-global-color-5)","background-image":"","background-repeat":"repeat","background-position":"center center","background-size":"auto","background-attachment":"scroll","background-type":"","background-media":"","overlay-type":"","overlay-color":"","overlay-opacity":"","overlay-gradient":""},"mobile":{"background-color":"var(--ast-global-color-5)","background-image":"","background-repeat":"repeat","background-position":"center center","background-size":"auto","background-attachment":"scroll","background-type":"","background-media":"","overlay-type":"","overlay-color":"","overlay-opacity":"","overlay-gradient":""}},"footnotes":""},"categories":[65,308,296,1,310,1480,76],"tags":[1388,393,1513,1526],"class_list":["post-17989","post","type-post","status-publish","format-standard","has-post-thumbnail","hentry","category-crp","category-escoles","category-full-novetats-crp","category-general","category-institut","category-novetats-juny-2023","category-recursos","tag-curs-22-23","tag-full-novetats","tag-full-novetats-juny-23","tag-fulls-novetats-22-23"],"post_mailing_queue_ids":[],"_links":{"self":[{"href":"https:\/\/serveiseducatius.xtec.cat\/riberadebre\/wp-json\/wp\/v2\/posts\/17989","targetHints":{"allow":["GET"]}}],"collection":[{"href":"https:\/\/serveiseducatius.xtec.cat\/riberadebre\/wp-json\/wp\/v2\/posts"}],"about":[{"href":"https:\/\/serveiseducatius.xtec.cat\/riberadebre\/wp-json\/wp\/v2\/types\/post"}],"author":[{"embeddable":true,"href":"https:\/\/serveiseducatius.xtec.cat\/riberadebre\/wp-json\/wp\/v2\/users\/9"}],"replies":[{"embeddable":true,"href":"https:\/\/serveiseducatius.xtec.cat\/riberadebre\/wp-json\/wp\/v2\/comments?post=17989"}],"version-history":[{"count":3,"href":"https:\/\/serveiseducatius.xtec.cat\/riberadebre\/wp-json\/wp\/v2\/posts\/17989\/revisions"}],"predecessor-version":[{"id":18001,"href":"https:\/\/serveiseducatius.xtec.cat\/riberadebre\/wp-json\/wp\/v2\/posts\/17989\/revisions\/18001"}],"wp:featuredmedia":[{"embeddable":true,"href":"https:\/\/serveiseducatius.xtec.cat\/riberadebre\/wp-json\/wp\/v2\/media\/17990"}],"wp:attachment":[{"href":"https:\/\/serveiseducatius.xtec.cat\/riberadebre\/wp-json\/wp\/v2\/media?parent=17989"}],"wp:term":[{"taxonomy":"category","embeddable":true,"href":"https:\/\/serveiseducatius.xtec.cat\/riberadebre\/wp-json\/wp\/v2\/categories?post=17989"},{"taxonomy":"post_tag","embeddable":true,"href":"https:\/\/serveiseducatius.xtec.cat\/riberadebre\/wp-json\/wp\/v2\/tags?post=17989"}],"curies":[{"name":"wp","href":"https:\/\/api.w.org\/{rel}","templated":true}]}}