{"id":17884,"date":"2023-05-30T08:15:27","date_gmt":"2023-05-30T06:15:27","guid":{"rendered":"https:\/\/serveiseducatius.xtec.cat\/riberadebre\/?p=17884"},"modified":"2023-05-26T09:24:01","modified_gmt":"2023-05-26T07:24:01","slug":"escola-destiu-terres-de-lebre-del-3-al-13-de-juliol","status":"publish","type":"post","link":"https:\/\/serveiseducatius.xtec.cat\/riberadebre\/general\/escola-destiu-terres-de-lebre-del-3-al-13-de-juliol\/","title":{"rendered":"ESCOLA D&#8217;ESTIU TERRES DE L&#8217;EBRE Del 3 al 13 de juliol"},"content":{"rendered":"<p><a href=\"https:\/\/serveiseducatius.xtec.cat\/riberadebre\/wp-content\/uploads\/usu1126\/2023\/05\/escola-destiu.jpg\">\u00a0 <\/a><a href=\"https:\/\/serveiseducatius.xtec.cat\/riberadebre\/wp-content\/uploads\/usu1126\/2023\/05\/bannerjpg-scaled-1.jpg\"><img loading=\"lazy\" decoding=\"async\" class=\"alignnone wp-image-17886\" src=\"https:\/\/serveiseducatius.xtec.cat\/riberadebre\/wp-content\/uploads\/usu1126\/2023\/05\/bannerjpg-scaled-1-1024x432.jpg\" alt=\"\" width=\"684\" height=\"289\" srcset=\"https:\/\/serveiseducatius.xtec.cat\/riberadebre\/wp-content\/uploads\/usu1126\/2023\/05\/bannerjpg-scaled-1-1024x432.jpg 1024w, https:\/\/serveiseducatius.xtec.cat\/riberadebre\/wp-content\/uploads\/usu1126\/2023\/05\/bannerjpg-scaled-1-300x126.jpg 300w, https:\/\/serveiseducatius.xtec.cat\/riberadebre\/wp-content\/uploads\/usu1126\/2023\/05\/bannerjpg-scaled-1-768x324.jpg 768w, https:\/\/serveiseducatius.xtec.cat\/riberadebre\/wp-content\/uploads\/usu1126\/2023\/05\/bannerjpg-scaled-1-1536x647.jpg 1536w, https:\/\/serveiseducatius.xtec.cat\/riberadebre\/wp-content\/uploads\/usu1126\/2023\/05\/bannerjpg-scaled-1-2048x863.jpg 2048w\" sizes=\"auto, (max-width: 684px) 100vw, 684px\" \/><\/a><\/p>\n<p>Organitzada l&#8217;edici\u00f3 2023 de l&#8217;<strong>Escola d&#8217;Estiu Terres de l&#8217;Ebre<\/strong><strong> (<\/strong><a href=\"https:\/\/www.mrpterresebre.cat\/escola-destiu\/\" target=\"_blank\" rel=\"noopener\"><strong>cliqueu enlla\u00e7 <\/strong><\/a>per accedir a la web i veure tota la informaci\u00f3).<\/p>\n<p><strong>Dates:<\/strong> del 3 al 13 de juliol, en format presencial.<\/p>\n<p><strong>Inscripcions:<\/strong> a partir de l&#8217;1 de juny.<\/p>\n<p>Propostes formatives:<\/p>\n<ul>\n<li>Terra Alta<\/li>\n<li>Baix Ebre<\/li>\n<li>Montsi\u00e0<\/li>\n<\/ul>\n<p>M\u00e9s informaci\u00f3:\u00a0<a href=\"mailto:mrp.terresebre@gmail.com\">mrp.terresebre<span class=\"atwho-query\">@gmail.com<\/span><\/a><\/p>\n","protected":false},"excerpt":{"rendered":"<p>\u00a0 Organitzada l&#8217;edici\u00f3 2023 de l&#8217;Escola d&#8217;Estiu Terres de l&#8217;Ebre (cliqueu enlla\u00e7 per accedir a la web i veure tota la informaci\u00f3). Dates: del 3 al 13 de juliol, en format presencial. Inscripcions: a partir de l&#8217;1 de juny. Propostes formatives: Terra Alta Baix Ebre Montsi\u00e0 M\u00e9s informaci\u00f3:\u00a0mrp.terresebre@gmail.com<\/p>\n","protected":false},"author":9,"featured_media":17886,"comment_status":"open","ping_status":"closed","sticky":false,"template":"","format":"standard","meta":{"_bbp_topic_count":0,"_bbp_reply_count":0,"_bbp_total_topic_count":0,"_bbp_total_reply_count":0,"_bbp_voice_count":0,"_bbp_anonymous_reply_count":0,"_bbp_topic_count_hidden":0,"_bbp_reply_count_hidden":0,"_bbp_forum_subforum_count":0,"site-sidebar-layout":"default","site-content-layout":"","ast-site-content-layout":"","site-content-style":"default","site-sidebar-style":"default","ast-global-header-display":"","ast-banner-title-visibility":"","ast-main-header-display":"","ast-hfb-above-header-display":"","ast-hfb-below-header-display":"","ast-hfb-mobile-header-display":"","site-post-title":"","ast-breadcrumbs-content":"","ast-featured-img":"","footer-sml-layout":"","theme-transparent-header-meta":"","adv-header-id-meta":"","stick-header-meta":"","header-above-stick-meta":"","header-main-stick-meta":"","header-below-stick-meta":"","astra-migrate-meta-layouts":"default","ast-page-background-enabled":"default","ast-page-background-meta":{"desktop":{"background-color":"var(--ast-global-color-4)","background-image":"","background-repeat":"repeat","background-position":"center center","background-size":"auto","background-attachment":"scroll","background-type":"","background-media":"","overlay-type":"","overlay-color":"","overlay-opacity":"","overlay-gradient":""},"tablet":{"background-color":"","background-image":"","background-repeat":"repeat","background-position":"center center","background-size":"auto","background-attachment":"scroll","background-type":"","background-media":"","overlay-type":"","overlay-color":"","overlay-opacity":"","overlay-gradient":""},"mobile":{"background-color":"","background-image":"","background-repeat":"repeat","background-position":"center center","background-size":"auto","background-attachment":"scroll","background-type":"","background-media":"","overlay-type":"","overlay-color":"","overlay-opacity":"","overlay-gradient":""}},"ast-content-background-meta":{"desktop":{"background-color":"var(--ast-global-color-5)","background-image":"","background-repeat":"repeat","background-position":"center center","background-size":"auto","background-attachment":"scroll","background-type":"","background-media":"","overlay-type":"","overlay-color":"","overlay-opacity":"","overlay-gradient":""},"tablet":{"background-color":"var(--ast-global-color-5)","background-image":"","background-repeat":"repeat","background-position":"center center","background-size":"auto","background-attachment":"scroll","background-type":"","background-media":"","overlay-type":"","overlay-color":"","overlay-opacity":"","overlay-gradient":""},"mobile":{"background-color":"var(--ast-global-color-5)","background-image":"","background-repeat":"repeat","background-position":"center center","background-size":"auto","background-attachment":"scroll","background-type":"","background-media":"","overlay-type":"","overlay-color":"","overlay-opacity":"","overlay-gradient":""}},"footnotes":""},"categories":[65,308,154,296,1,310,1480,29,76],"tags":[1388,443,1500,1499,378],"class_list":["post-17884","post","type-post","status-publish","format-standard","has-post-thumbnail","hentry","category-crp","category-escoles","category-formacio","category-full-novetats-crp","category-general","category-institut","category-novetats-juny-2023","category-portada","category-recursos","tag-curs-22-23","tag-escola-destiu","tag-escola-destiu-terres-de-lebre","tag-escola-destiu-terres-de-lebre-2023","tag-mrp-terres-de-lebre"],"post_mailing_queue_ids":[],"_links":{"self":[{"href":"https:\/\/serveiseducatius.xtec.cat\/riberadebre\/wp-json\/wp\/v2\/posts\/17884","targetHints":{"allow":["GET"]}}],"collection":[{"href":"https:\/\/serveiseducatius.xtec.cat\/riberadebre\/wp-json\/wp\/v2\/posts"}],"about":[{"href":"https:\/\/serveiseducatius.xtec.cat\/riberadebre\/wp-json\/wp\/v2\/types\/post"}],"author":[{"embeddable":true,"href":"https:\/\/serveiseducatius.xtec.cat\/riberadebre\/wp-json\/wp\/v2\/users\/9"}],"replies":[{"embeddable":true,"href":"https:\/\/serveiseducatius.xtec.cat\/riberadebre\/wp-json\/wp\/v2\/comments?post=17884"}],"version-history":[{"count":2,"href":"https:\/\/serveiseducatius.xtec.cat\/riberadebre\/wp-json\/wp\/v2\/posts\/17884\/revisions"}],"predecessor-version":[{"id":17888,"href":"https:\/\/serveiseducatius.xtec.cat\/riberadebre\/wp-json\/wp\/v2\/posts\/17884\/revisions\/17888"}],"wp:featuredmedia":[{"embeddable":true,"href":"https:\/\/serveiseducatius.xtec.cat\/riberadebre\/wp-json\/wp\/v2\/media\/17886"}],"wp:attachment":[{"href":"https:\/\/serveiseducatius.xtec.cat\/riberadebre\/wp-json\/wp\/v2\/media?parent=17884"}],"wp:term":[{"taxonomy":"category","embeddable":true,"href":"https:\/\/serveiseducatius.xtec.cat\/riberadebre\/wp-json\/wp\/v2\/categories?post=17884"},{"taxonomy":"post_tag","embeddable":true,"href":"https:\/\/serveiseducatius.xtec.cat\/riberadebre\/wp-json\/wp\/v2\/tags?post=17884"}],"curies":[{"name":"wp","href":"https:\/\/api.w.org\/{rel}","templated":true}]}}