{"id":17827,"date":"2023-06-05T08:15:21","date_gmt":"2023-06-05T06:15:21","guid":{"rendered":"https:\/\/serveiseducatius.xtec.cat\/riberadebre\/?p=17827"},"modified":"2023-06-05T12:52:37","modified_gmt":"2023-06-05T10:52:37","slug":"setmana-bio-a-lescola-convocatoria-premi-escola-agricultura-i-produccio-ecologica-2023-inscripcio","status":"publish","type":"post","link":"https:\/\/serveiseducatius.xtec.cat\/riberadebre\/general\/setmana-bio-a-lescola-convocatoria-premi-escola-agricultura-i-produccio-ecologica-2023-inscripcio\/","title":{"rendered":"SETMANA BIO PER L&#8217;ALIMENTACI\u00d3 ECOL\u00d2GICA. Convocat\u00f2ria premi Escola, Agricultura i Producci\u00f3 ecol\u00f2gica 2023. Inscripci\u00f3."},"content":{"rendered":"<p>Convocat el premi <strong>Escola, agricultura i alimentaci\u00f3 ecol\u00f2gica<\/strong>, creat per\u00a0la Generalitat de Catalunya (Departaments d\u2019Acci\u00f3 Clim\u00e0tica, Alimentaci\u00f3 i Agenda Rural i Educaci\u00f3) i l\u2019<a href=\"https:\/\/vidasana.org\/\" target=\"_blank\" rel=\"noopener\">Associaci\u00f3 Vida Sana<\/a>.<\/p>\n<p><strong>Objectiu:<\/strong> <em>recon\u00e8ixer i incentivar la realitzaci\u00f3 de projectes i l\u00ednies de treball dels centres educatius de Catalunya destinats a promoure el coneixement de l\u2019agricultura, la ramaderia i l\u2019alimentaci\u00f3 ecol\u00f2giques i especialment dels seus valors socials, econ\u00f2mics i ambientals, tant entre el propi alumnat del centre com tamb\u00e9 cap al conjunt de la comunitat educativa i el seu entorn, en concordan\u00e7a amb els\u00a0<strong>Objectius de Desenvolupament Sostenible i\u00a0<\/strong>els\u00a0<strong>10 elements de l\u2019Agroecologia de la FAO<\/strong>.<\/em><\/p>\n<p><strong>A qui va adre\u00e7at:<\/strong> <em>centres educatius d\u2019educaci\u00f3 infantil, prim\u00e0ria, secund\u00e0ria, batxillerat, formaci\u00f3 professional, educaci\u00f3 especial i llars d\u2019infants de Catalunya, que hagin realitzat al llarg del curs escolar 2022-2023 un projecte o una experi\u00e8ncia pedag\u00f2gica, o que tinguin una proposta a desenvolupar durant el curs 2023-24, relacionats amb la producci\u00f3 agr\u00e0ria o l\u2019alimentaci\u00f3 ecol\u00f2giques en l\u2019\u00e0mbit de l\u2019agroecologia escolar.\u00a0<\/em><\/p>\n<p>Termini inscripci\u00f3: del 6 de juny al 24 de juliol del 2023.<\/p>\n<p>Tota la informaci\u00f3&#8230;<a href=\"http:\/\/setmanabio.cat\/premi-escola\/\" target=\"_blank\" rel=\"noopener\">clicant aqu\u00ed<\/a> <img loading=\"lazy\" decoding=\"async\" class=\"\" src=\"https:\/\/abs-0.twimg.com\/emoji\/v2\/svg\/1f517.svg\" alt=\"\ud83d\udd17\" width=\"18\" height=\"18\" \/><\/p>\n<p><a href=\"https:\/\/serveiseducatius.xtec.cat\/riberadebre\/wp-content\/uploads\/usu1126\/2023\/05\/FwuI3yCWcAIRygU.png\"><img loading=\"lazy\" decoding=\"async\" class=\"alignnone wp-image-17828\" src=\"https:\/\/serveiseducatius.xtec.cat\/riberadebre\/wp-content\/uploads\/usu1126\/2023\/05\/FwuI3yCWcAIRygU.png\" alt=\"\" width=\"473\" height=\"266\" \/><em>*imatge propietat de Setmana Bio<\/em>\u00a0<\/a><\/p>\n","protected":false},"excerpt":{"rendered":"<p>Convocat el premi Escola, agricultura i alimentaci\u00f3 ecol\u00f2gica, creat per\u00a0la Generalitat de Catalunya (Departaments d\u2019Acci\u00f3 Clim\u00e0tica, Alimentaci\u00f3 i Agenda Rural i Educaci\u00f3) i l\u2019Associaci\u00f3 Vida Sana. Objectiu: recon\u00e8ixer i incentivar la realitzaci\u00f3 de projectes i l\u00ednies de treball dels centres educatius de Catalunya destinats a promoure el coneixement de l\u2019agricultura, la ramaderia i l\u2019alimentaci\u00f3 ecol\u00f2giques [&hellip;]<\/p>\n","protected":false},"author":9,"featured_media":0,"comment_status":"open","ping_status":"closed","sticky":false,"template":"","format":"standard","meta":{"_bbp_topic_count":0,"_bbp_reply_count":0,"_bbp_total_topic_count":0,"_bbp_total_reply_count":0,"_bbp_voice_count":0,"_bbp_anonymous_reply_count":0,"_bbp_topic_count_hidden":0,"_bbp_reply_count_hidden":0,"_bbp_forum_subforum_count":0,"site-sidebar-layout":"default","site-content-layout":"","ast-site-content-layout":"","site-content-style":"default","site-sidebar-style":"default","ast-global-header-display":"","ast-banner-title-visibility":"","ast-main-header-display":"","ast-hfb-above-header-display":"","ast-hfb-below-header-display":"","ast-hfb-mobile-header-display":"","site-post-title":"","ast-breadcrumbs-content":"","ast-featured-img":"","footer-sml-layout":"","theme-transparent-header-meta":"","adv-header-id-meta":"","stick-header-meta":"","header-above-stick-meta":"","header-main-stick-meta":"","header-below-stick-meta":"","astra-migrate-meta-layouts":"default","ast-page-background-enabled":"default","ast-page-background-meta":{"desktop":{"background-color":"var(--ast-global-color-4)","background-image":"","background-repeat":"repeat","background-position":"center center","background-size":"auto","background-attachment":"scroll","background-type":"","background-media":"","overlay-type":"","overlay-color":"","overlay-opacity":"","overlay-gradient":""},"tablet":{"background-color":"","background-image":"","background-repeat":"repeat","background-position":"center center","background-size":"auto","background-attachment":"scroll","background-type":"","background-media":"","overlay-type":"","overlay-color":"","overlay-opacity":"","overlay-gradient":""},"mobile":{"background-color":"","background-image":"","background-repeat":"repeat","background-position":"center center","background-size":"auto","background-attachment":"scroll","background-type":"","background-media":"","overlay-type":"","overlay-color":"","overlay-opacity":"","overlay-gradient":""}},"ast-content-background-meta":{"desktop":{"background-color":"var(--ast-global-color-5)","background-image":"","background-repeat":"repeat","background-position":"center center","background-size":"auto","background-attachment":"scroll","background-type":"","background-media":"","overlay-type":"","overlay-color":"","overlay-opacity":"","overlay-gradient":""},"tablet":{"background-color":"var(--ast-global-color-5)","background-image":"","background-repeat":"repeat","background-position":"center center","background-size":"auto","background-attachment":"scroll","background-type":"","background-media":"","overlay-type":"","overlay-color":"","overlay-opacity":"","overlay-gradient":""},"mobile":{"background-color":"var(--ast-global-color-5)","background-image":"","background-repeat":"repeat","background-position":"center center","background-size":"auto","background-attachment":"scroll","background-type":"","background-media":"","overlay-type":"","overlay-color":"","overlay-opacity":"","overlay-gradient":""}},"footnotes":""},"categories":[798,328,65,308,1,310,735,29],"tags":[1388,1508,1371],"class_list":["post-17827","post","type-post","status-publish","format-standard","hentry","category-agroecologia-escolar","category-concurs","category-crp","category-escoles","category-general","category-institut","category-ods","category-portada","tag-curs-22-23","tag-premi-escola-agricultura-i-alimentacio-ecologica-2023","tag-setmana-bio-a-lescola"],"post_mailing_queue_ids":[],"_links":{"self":[{"href":"https:\/\/serveiseducatius.xtec.cat\/riberadebre\/wp-json\/wp\/v2\/posts\/17827","targetHints":{"allow":["GET"]}}],"collection":[{"href":"https:\/\/serveiseducatius.xtec.cat\/riberadebre\/wp-json\/wp\/v2\/posts"}],"about":[{"href":"https:\/\/serveiseducatius.xtec.cat\/riberadebre\/wp-json\/wp\/v2\/types\/post"}],"author":[{"embeddable":true,"href":"https:\/\/serveiseducatius.xtec.cat\/riberadebre\/wp-json\/wp\/v2\/users\/9"}],"replies":[{"embeddable":true,"href":"https:\/\/serveiseducatius.xtec.cat\/riberadebre\/wp-json\/wp\/v2\/comments?post=17827"}],"version-history":[{"count":3,"href":"https:\/\/serveiseducatius.xtec.cat\/riberadebre\/wp-json\/wp\/v2\/posts\/17827\/revisions"}],"predecessor-version":[{"id":17928,"href":"https:\/\/serveiseducatius.xtec.cat\/riberadebre\/wp-json\/wp\/v2\/posts\/17827\/revisions\/17928"}],"wp:attachment":[{"href":"https:\/\/serveiseducatius.xtec.cat\/riberadebre\/wp-json\/wp\/v2\/media?parent=17827"}],"wp:term":[{"taxonomy":"category","embeddable":true,"href":"https:\/\/serveiseducatius.xtec.cat\/riberadebre\/wp-json\/wp\/v2\/categories?post=17827"},{"taxonomy":"post_tag","embeddable":true,"href":"https:\/\/serveiseducatius.xtec.cat\/riberadebre\/wp-json\/wp\/v2\/tags?post=17827"}],"curies":[{"name":"wp","href":"https:\/\/api.w.org\/{rel}","templated":true}]}}